{"id":1013,"date":"2013-09-22T18:37:25","date_gmt":"2013-09-22T16:37:25","guid":{"rendered":"http:\/\/stichelstube.capricorna.de\/wordpress\/?p=1013"},"modified":"2013-09-22T18:37:25","modified_gmt":"2013-09-22T16:37:25","slug":"zauberhaft-einfach","status":"publish","type":"post","link":"https:\/\/stichelstube.capricorna.de\/wordpress\/2013\/09\/22\/zauberhaft-einfach\/","title":{"rendered":"Zauberhaft einfach"},"content":{"rendered":"<p>sind die Zaubert\u00e4schchen herzustellen, die inzwischen vermutlich jede Hobbyschneiderin auf diesem Planeten schon mal gemacht hat, bis auf mich.<\/p>\n<p>Letzten Sonntag dann sah ich Tilli \u00fcber die Schulter, als sie beim N\u00e4htreff jemandem die Herstellung erkl\u00e4rte, und da ich gerade auf der Suche nach einer kleinen Tasche f\u00fcr die Handtasche war, war das der perfekte Anlass, mich einmal selbst daran zu versuchen.<\/p>\n<p>Auf der Suche nach einer Anleitung fand ich diese hier am besten:<br \/>\n<a href=\"http:\/\/nalevswelt.blogspot.de\/2010\/01\/anleitung-zaubertaschchen.html\" title=\"Nalevs Welt - Anleitung Zaubert\u00e4schchen\" target=\"_blank\">Nalevs Welt &#8211; Anleitung Zaubertasche<\/a><\/p>\n<p>Also mal flott ein A 4-Blatt genommen, eine Ecke etwas abgerundet, und aus einem Teststoff schnell zugeschnitten. Drei kleine N\u00e4hte, oder vier, mit dem Schlie\u00dfen der Wendekante, und fertig. Wow, das war einfach! \ud83d\ude42<\/p>\n<p>Auch das Anbringen von Kam Snaps hatte Tilli erkl\u00e4rt. Diese hatte ich mir vor l\u00e4ngerer Zeit schon einmal zugelegt, mich aber noch nicht weiter damit besch\u00e4ftigt. Also auch diese T\u00fcte hervorgekramt und ausprobiert. Geht! \ud83d\ude00<\/p>\n<figure style=\"width: 400px\" class=\"wp-caption aligncenter\"><img data-recalc-dims=\"1\" loading=\"lazy\" decoding=\"async\" src=\"https:\/\/i0.wp.com\/www.capricorna.de\/naehen\/pics_fertig\/20130920_zaubertasche_2.jpg?resize=400%2C204\" width=\"400\" height=\"204\" class \/><figcaption class=\"wp-caption-text\">Zaubert\u00e4schchen mit Kam Snaps<\/figcaption><\/figure>\n<p>Die inneren Ecken der Tasche habe ich dann noch abgen\u00e4ht, um mehr Tiefe zu haben, was man hier ganz gut sehen kann:<\/p>\n<figure style=\"width: 233px\" class=\"wp-caption aligncenter\"><img data-recalc-dims=\"1\" loading=\"lazy\" decoding=\"async\" src=\"https:\/\/i0.wp.com\/www.capricorna.de\/naehen\/pics_fertig\/20130920_zaubertasche_1.jpg?resize=233%2C400\" width=\"233\" height=\"400\" class \/><figcaption class=\"wp-caption-text\">Innenansicht mit abgen\u00e4hten Ecken<\/figcaption><\/figure>\n<p>Das kleine Teil &#8211; Au\u00dfenma\u00dfe 18 x 10 x 4 &#8211; dient mir jetzt als Innentasche f\u00fcr meine gr\u00f6\u00dfere Handtasche, und k\u00fcmmert sich um die Aufbewahrung von Kamm, Haarspange, Lippenbalsam und was man sonst so an Kleinteilen herumfliegen hat.<\/p>\n<p>Alles andere als einfach war die Herstellung meiner chicen, kleinen Abendtasche, an der ich seit Mai immer mal wieder herumlaboriert habe. In meinem <a href=\"http:\/\/www.hobbyschneiderin24.net\/portal\/showthread.php?p=2130319\" title=\"hobbyschneiderin24.net - UWYH 2012\" target=\"_blank\">UWYH-Beitrag<\/a> habe ich schon einiges dazu geschrieben, Beitrag # 57 ff.; das wiederhole ich hier jetzt nicht.<\/p>\n<p>Schlussendlich bin ich nun sehr zufrieden mit dem Resultat:<\/p>\n<figure style=\"width: 273px\" class=\"wp-caption aligncenter\"><img data-recalc-dims=\"1\" loading=\"lazy\" decoding=\"async\" src=\"https:\/\/i0.wp.com\/www.capricorna.de\/naehen\/pics_fertig\/20130921_buegeltasche_1.jpg?resize=273%2C400\" width=\"273\" height=\"400\" class \/><figcaption class=\"wp-caption-text\">B\u00fcgeltasche<\/figcaption><\/figure>\n<figure style=\"width: 281px\" class=\"wp-caption aligncenter\"><img data-recalc-dims=\"1\" loading=\"lazy\" decoding=\"async\" src=\"https:\/\/i0.wp.com\/www.capricorna.de\/naehen\/pics_fertig\/20130921_buegeltasche_2.jpg?resize=281%2C400\" width=\"281\" height=\"400\" class \/><figcaption class=\"wp-caption-text\">von der anderen Seite<\/figcaption><\/figure>\n<p>Den Stoff habe ich von einer Freundin geerbt; sie hatte ihn aus Asien als Rest von ihrem dort angefertigten Kleid mitgebracht. Den Taschenb\u00fcgel habe ich bei der <a href=\"http:\/\/www.quiltzauberei.de\/\" title=\"Quiltzauberei.de\" target=\"_blank\">Quiltzauberei.de<\/a> gekauft, und die Tragekette kommt von <a href=\"http:\/\/www.handtaschen-drivein.de\/\" title=\"Handtaschen Drive-In\" target=\"_blank\">Handtaschen Drive-In<\/a>.<\/p>\n","protected":false},"excerpt":{"rendered":"<p>sind die Zaubert\u00e4schchen herzustellen, die inzwischen vermutlich jede Hobbyschneiderin auf diesem Planeten schon mal gemacht hat, bis auf mich. Letzten Sonntag dann sah ich Tilli \u00fcber die Schulter, als sie beim N\u00e4htreff jemandem die Herstellung erkl\u00e4rte, und da ich gerade auf der Suche nach einer kleinen Tasche f\u00fcr die Handtasche war, war das der perfekte &hellip; <a href=\"https:\/\/stichelstube.capricorna.de\/wordpress\/2013\/09\/22\/zauberhaft-einfach\/\" class=\"more-link\"><span class=\"screen-reader-text\">\u201eZauberhaft einfach\u201c <\/span>weiterlesen<\/a><\/p>\n","protected":false},"author":2,"featured_media":0,"comment_status":"open","ping_status":"open","sticky":false,"template":"","format":"standard","meta":{"jetpack_post_was_ever_published":false,"_jetpack_newsletter_access":"","_jetpack_dont_email_post_to_subs":false,"_jetpack_newsletter_tier_id":0,"_jetpack_memberships_contains_paywalled_content":false,"_jetpack_memberships_contains_paid_content":false,"footnotes":"","jetpack_publicize_message":"","jetpack_publicize_feature_enabled":true,"jetpack_social_post_already_shared":false,"jetpack_social_options":{"image_generator_settings":{"template":"highway","default_image_id":0,"font":"","enabled":false},"version":2}},"categories":[5,20],"tags":[],"class_list":["post-1013","post","type-post","status-publish","format-standard","hentry","category-fertig","category-uwyh"],"jetpack_publicize_connections":[],"jetpack_featured_media_url":"","jetpack_sharing_enabled":true,"jetpack_shortlink":"https:\/\/wp.me\/p6Znca-gl","jetpack-related-posts":[{"id":856,"url":"https:\/\/stichelstube.capricorna.de\/wordpress\/2011\/09\/11\/woll-stapel-aufgedroselt\/","url_meta":{"origin":1013,"position":0},"title":"Woll-Stapel, aufgedr\u00f6selt","author":"Kerstin","date":"11. September 2011","format":false,"excerpt":"Hier mal ein Bild meines recht \u00fcberschaubaren Woll-Bestandes. Das Wort Vorrat w\u00e4re schon falsch, weil er daf\u00fcr nicht gedacht war und ist, aber \u00fcber den kommenden Winter wird er mich trotzdem gut hin\u00fcber tragen, denke ich. F\u00fcr die meisten dieser einzelnen Kn\u00e4uel habe ich bereits eine Verwendung geplant, denn genau\u2026","rel":"","context":"In &quot;Stricken&quot;","block_context":{"text":"Stricken","link":"https:\/\/stichelstube.capricorna.de\/wordpress\/category\/stricken\/"},"img":{"alt_text":"","src":"https:\/\/i0.wp.com\/www.capricorna.de\/naehen\/pics_knit\/20110911_wollstash.jpg?resize=350%2C200","width":350,"height":200},"classes":[]},{"id":1156,"url":"https:\/\/stichelstube.capricorna.de\/wordpress\/2014\/09\/25\/primaballerina-taeschchen\/","url_meta":{"origin":1013,"position":1},"title":"Primaballerina-T\u00e4schchen","author":"Kerstin","date":"25. September 2014","format":false,"excerpt":"Man soll es nicht glauben, aber dieser kleine Kulturbeutel hat mich einige Nerven gekostet. Oben im Bild seht ihr vorne das \"Original\"; ein Give-away einer nicht n\u00e4her genannten Bekleidungsmarke. Diese kleine Tasche habe ich nun schon einige Monate als Kulturbeutel im Gebrauch. Die Gr\u00f6\u00dfe reichte so gerade eben aus, aber\u2026","rel":"","context":"In &quot;Fertig&quot;","block_context":{"text":"Fertig","link":"https:\/\/stichelstube.capricorna.de\/wordpress\/category\/fertig\/"},"img":{"alt_text":"","src":"https:\/\/i0.wp.com\/www.capricorna.de\/naehen\/blogpics\/20140917_kulturbeutelchen_3.jpg?resize=350%2C200","width":350,"height":200},"classes":[]},{"id":442,"url":"https:\/\/stichelstube.capricorna.de\/wordpress\/2008\/09\/29\/kreuzstich-nicht-so-einfach-oder-doch\/","url_meta":{"origin":1013,"position":2},"title":"Kreuzstich, nicht so einfach &#8211; oder doch?","author":"Kerstin","date":"29. September 2008","format":false,"excerpt":"Mein erster Kreuzstich-Versuch klappte eigentlich ganz gut, bis ich nach der H\u00e4lfte festgestellt habe, dass ich mich um eine Reihe verz\u00e4hlt hatte, und deswegen das Muster an einem Rand nicht mehr zusammen passte; da h\u00e4tten die Kreuze \u00fcber drei Reihen laufen m\u00fcssen... Dumm gelaufen, aber da es nur ein kleines\u2026","rel":"","context":"In &quot;Kreuzstich&quot;","block_context":{"text":"Kreuzstich","link":"https:\/\/stichelstube.capricorna.de\/wordpress\/category\/kreuzstich\/"},"img":{"alt_text":"","src":"https:\/\/i0.wp.com\/www.capricorna.de\/naehen\/blogpics\/kreuzstich_herz_vor.jpg?resize=350%2C200","width":350,"height":200},"classes":[]},{"id":2475,"url":"https:\/\/stichelstube.capricorna.de\/wordpress\/2024\/04\/08\/klein-und-passgenau\/","url_meta":{"origin":1013,"position":3},"title":"Klein und passgenau","author":"Kerstin","date":"8. April 2024","format":false,"excerpt":"Wie ich einmal ein Blitzprojekt gen\u00e4ht habe","rel":"","context":"In &quot;Fertig&quot;","block_context":{"text":"Fertig","link":"https:\/\/stichelstube.capricorna.de\/wordpress\/category\/fertig\/"},"img":{"alt_text":"","src":"","width":0,"height":0},"classes":[]},{"id":1582,"url":"https:\/\/stichelstube.capricorna.de\/wordpress\/2018\/11\/30\/ein-anzug-fuer-den-lesestoff\/","url_meta":{"origin":1013,"position":4},"title":"Ein Anzug f\u00fcr den Lesestoff","author":"Kerstin","date":"30. November 2018","format":false,"excerpt":"Kaum zu glauben, aber in den letzten paar Wochen habe ich tats\u00e4chlich drei Teile fertig gen\u00e4ht. Gut, zwei davon waren \"nur\" Accessoires. Das erste zeige ich euch heute, eine flexible Buchh\u00fclle. Ich lese ja viel in der Bahn beim Pendeln, und wenn ich in den \u00d6ffis einen Sitzplatz bekomme oder\u2026","rel":"","context":"In &quot;Fertig&quot;","block_context":{"text":"Fertig","link":"https:\/\/stichelstube.capricorna.de\/wordpress\/category\/fertig\/"},"img":{"alt_text":"","src":"https:\/\/i0.wp.com\/www.capricorna.de\/naehen\/pics_fertig\/20181130_buchhuelle_1.jpg?resize=350%2C200","width":350,"height":200,"srcset":"https:\/\/i0.wp.com\/www.capricorna.de\/naehen\/pics_fertig\/20181130_buchhuelle_1.jpg?resize=350%2C200 1x, https:\/\/i0.wp.com\/www.capricorna.de\/naehen\/pics_fertig\/20181130_buchhuelle_1.jpg?resize=525%2C300 1.5x, https:\/\/i0.wp.com\/www.capricorna.de\/naehen\/pics_fertig\/20181130_buchhuelle_1.jpg?resize=700%2C400 2x"},"classes":[]},{"id":2835,"url":"https:\/\/stichelstube.capricorna.de\/wordpress\/2025\/01\/10\/ich-hab-den-beutel-schoen\/","url_meta":{"origin":1013,"position":5},"title":"Ich hab den Beutel sch\u00f6n!","author":"Kerstin","date":"10. Januar 2025","format":false,"excerpt":"Eine aufwendige, aber sehr schicke kleine Tasche f\u00fcr Strickzeug oder anderes Kleinzeug.","rel":"","context":"In &quot;Fertig&quot;","block_context":{"text":"Fertig","link":"https:\/\/stichelstube.capricorna.de\/wordpress\/category\/fertig\/"},"img":{"alt_text":"","src":"","width":0,"height":0},"classes":[]}],"_links":{"self":[{"href":"https:\/\/stichelstube.capricorna.de\/wordpress\/wp-json\/wp\/v2\/posts\/1013","targetHints":{"allow":["GET"]}}],"collection":[{"href":"https:\/\/stichelstube.capricorna.de\/wordpress\/wp-json\/wp\/v2\/posts"}],"about":[{"href":"https:\/\/stichelstube.capricorna.de\/wordpress\/wp-json\/wp\/v2\/types\/post"}],"author":[{"embeddable":true,"href":"https:\/\/stichelstube.capricorna.de\/wordpress\/wp-json\/wp\/v2\/users\/2"}],"replies":[{"embeddable":true,"href":"https:\/\/stichelstube.capricorna.de\/wordpress\/wp-json\/wp\/v2\/comments?post=1013"}],"version-history":[{"count":3,"href":"https:\/\/stichelstube.capricorna.de\/wordpress\/wp-json\/wp\/v2\/posts\/1013\/revisions"}],"predecessor-version":[{"id":1020,"href":"https:\/\/stichelstube.capricorna.de\/wordpress\/wp-json\/wp\/v2\/posts\/1013\/revisions\/1020"}],"wp:attachment":[{"href":"https:\/\/stichelstube.capricorna.de\/wordpress\/wp-json\/wp\/v2\/media?parent=1013"}],"wp:term":[{"taxonomy":"category","embeddable":true,"href":"https:\/\/stichelstube.capricorna.de\/wordpress\/wp-json\/wp\/v2\/categories?post=1013"},{"taxonomy":"post_tag","embeddable":true,"href":"https:\/\/stichelstube.capricorna.de\/wordpress\/wp-json\/wp\/v2\/tags?post=1013"}],"curies":[{"name":"wp","href":"https:\/\/api.w.org\/{rel}","templated":true}]}}