{"id":1146,"date":"2014-09-01T22:02:38","date_gmt":"2014-09-01T20:02:38","guid":{"rendered":"http:\/\/stichelstube.capricorna.de\/wordpress\/?p=1146"},"modified":"2014-09-01T22:02:38","modified_gmt":"2014-09-01T20:02:38","slug":"schlachtfest","status":"publish","type":"post","link":"https:\/\/stichelstube.capricorna.de\/wordpress\/2014\/09\/01\/schlachtfest\/","title":{"rendered":"Schlachtfest"},"content":{"rendered":"<p>Oder: Ich war eine Handtasche&#8230;<\/p>\n<p><img data-recalc-dims=\"1\" loading=\"lazy\" decoding=\"async\" src=\"https:\/\/i0.wp.com\/www.capricorna.de\/naehen\/blogpics\/20140901_extasche.jpg?resize=400%2C400\" width=\"400\" height=\"400\" class=\"aligncenter\" \/><\/p>\n<p>&#8230; und beabsichtige, wieder zu einer zu werden.<\/p>\n<p>Meine sch\u00f6ne Handtasche, die ich mir vor ziemlich genau zwei Jahren nach dem Vorbild einer Kauf-Tasche gen\u00e4ht habe, hat sich im Alltag leider als teilweise untauglich erwiesen. Der schwarz-wei\u00dfe Boucl\u00e9 hat in Verbindung mit meinem Wintermantel sehr unsch\u00f6ne Abriebspuren auf diesem hinterlassen, die sich allen Entfernungsversuchen des Fusselrasierers hartn\u00e4ckig widersetzen. Und die Paspeltasche im Futterstoff, die f\u00fcr das Portemonnaie gedacht war, ist nach recht kurzer Zeit ausgerissen; der Futterstoff war wohl doch zu d\u00fcnn f\u00fcr das Gewicht.<\/p>\n<p>Aber die Innen- und Au\u00dfengr\u00f6\u00dfe der Tasche war extrem praktisch; es passte sehr viel hinein, ohne dass sie zu volumin\u00f6s war. Und die Henkel hatten genau die richtige L\u00e4nge, um sie wahlweise in der Hand oder \u00fcber dem Arm zu tragen. Der Rei\u00dfverschluss oben hat daf\u00fcr gesorgt, dass nichts herausf\u00e4llt, wenn sie mal umkippt, und das schwarze Leder au\u00dfen war sehr strapazierf\u00e4hig.<\/p>\n<p>Deswegen hatte ich schon l\u00e4nger den Plan, die Tasche noch mal neu mit einem anderem Au\u00dfenstoff zu n\u00e4hen, und jetzt endlich finde ich die Zeit dazu. Das Rei\u00dfverschlussband oben, die Ringe f\u00fcr die Henkel und den kleinen gelben Rei\u00dfverschluss werde ich wiederverwenden. Das Lederteil habe ich inzwischen auch schon abgetrennt; das kann ich hoffentlich auch noch mal verwenden, indem ich (ziemlich) genau in der alten Naht n\u00e4he. Sonst m\u00fcsste ich nochmal zu Leder Detmer &#8211; was ja auch kein furchtbares Ungl\u00fcck w\u00e4re&#8230;<\/p>\n<p>Derzeit plane ich als Au\u00dfenstoffe eine recht spezielle Kombi, die eigentlich wieder mal als Handtaschenstoff v\u00f6llig ungeeignet ist, aber aus anderen Gr\u00fcnden. Mal sehen, was damit passiert. Dazu mehr im n\u00e4chsten Post.<\/p>\n","protected":false},"excerpt":{"rendered":"<p>Oder: Ich war eine Handtasche&#8230; &#8230; und beabsichtige, wieder zu einer zu werden. Meine sch\u00f6ne Handtasche, die ich mir vor ziemlich genau zwei Jahren nach dem Vorbild einer Kauf-Tasche gen\u00e4ht habe, hat sich im Alltag leider als teilweise untauglich erwiesen. Der schwarz-wei\u00dfe Boucl\u00e9 hat in Verbindung mit meinem Wintermantel sehr unsch\u00f6ne Abriebspuren auf diesem hinterlassen, &hellip; <a href=\"https:\/\/stichelstube.capricorna.de\/wordpress\/2014\/09\/01\/schlachtfest\/\" class=\"more-link\"><span class=\"screen-reader-text\">\u201eSchlachtfest\u201c <\/span>weiterlesen<\/a><\/p>\n","protected":false},"author":2,"featured_media":0,"comment_status":"open","ping_status":"open","sticky":false,"template":"","format":"standard","meta":{"jetpack_post_was_ever_published":false,"_jetpack_newsletter_access":"","_jetpack_dont_email_post_to_subs":false,"_jetpack_newsletter_tier_id":0,"_jetpack_memberships_contains_paywalled_content":false,"_jetpack_memberships_contains_paid_content":false,"footnotes":"","jetpack_publicize_message":"","jetpack_publicize_feature_enabled":true,"jetpack_social_post_already_shared":false,"jetpack_social_options":{"image_generator_settings":{"template":"highway","default_image_id":0,"font":"","enabled":false},"version":2}},"categories":[1,19,20],"tags":[],"class_list":["post-1146","post","type-post","status-publish","format-standard","hentry","category-allgemein","category-reduce-reuse-recycle","category-uwyh"],"jetpack_publicize_connections":[],"jetpack_featured_media_url":"","jetpack_sharing_enabled":true,"jetpack_shortlink":"https:\/\/wp.me\/p6Znca-iu","jetpack-related-posts":[{"id":1166,"url":"https:\/\/stichelstube.capricorna.de\/wordpress\/2014\/10\/12\/wonach-man-nicht-sucht\/","url_meta":{"origin":1146,"position":0},"title":"Wonach man nicht sucht&#8230;","author":"Kerstin","date":"12. Oktober 2014","format":false,"excerpt":"... das findet man. Neulich, bei meinem Besuch bei Attia Stoffe in Frankfurt, sprang mich dieser Digitaldruck-Dekostoff an. Der kam mir wie gerufen - zum einen werde ich daraus neue Tischsets machen, denn die mit der Londoner-Stra\u00dfenkarte haben sich nach mehrfachem Waschen leider so sehr verzogen, dass sie nicht mehr\u2026","rel":"","context":"In &quot;Fertig&quot;","block_context":{"text":"Fertig","link":"https:\/\/stichelstube.capricorna.de\/wordpress\/category\/fertig\/"},"img":{"alt_text":"","src":"https:\/\/i0.wp.com\/www.capricorna.de\/naehen\/pics_fertig\/20141012_handtasche.jpg?resize=350%2C200","width":350,"height":200},"classes":[]},{"id":1568,"url":"https:\/\/stichelstube.capricorna.de\/wordpress\/2018\/10\/18\/loblied-auf-meine-handtasche\/","url_meta":{"origin":1146,"position":1},"title":"Loblied auf meine Handtasche","author":"Kerstin","date":"18. Oktober 2018","format":false,"excerpt":"\u00dcber die Entstehung meiner neuen Handtasche hatte ich ja bereits einmal kurz\u00a0berichtet. Wenige Tage sp\u00e4ter ist die Tasche dann auch fertig geworden, und seitdem ist sie im Dauereinsatz. Und ich muss sagen, bislang ist das die beste Handtasche, die ich je hatte. \u00dcber die Handtaschen von Frauen und ihre unermessliche\u2026","rel":"","context":"In &quot;Accessoires&quot;","block_context":{"text":"Accessoires","link":"https:\/\/stichelstube.capricorna.de\/wordpress\/category\/accessoires\/"},"img":{"alt_text":"","src":"https:\/\/i0.wp.com\/www.capricorna.de\/naehen\/pics_fertig\/20181018_dany_1.jpg?resize=350%2C200","width":350,"height":200},"classes":[]},{"id":1511,"url":"https:\/\/stichelstube.capricorna.de\/wordpress\/2018\/05\/01\/erfolgserlebnis\/","url_meta":{"origin":1146,"position":2},"title":"Erfolgserlebnis!","author":"Kerstin","date":"1. Mai 2018","format":false,"excerpt":"Ein kleiner Zwischenstand am n\u00e4chsten Feiertag - mein erster Meterware-Rei\u00dfverschluss! :) Auf dem letzten N\u00e4htreffen, das ich besucht hatte, hatte Sabine (?) mir das Auff\u00e4deln von den Schiebern gezeigt. Das kam mir gerade recht f\u00fcr mein n\u00e4chstes Projekt, eine neue Handtasche. Die letzte, die ich mir gen\u00e4ht hatte, zeigt deutliche\u2026","rel":"","context":"In &quot;Accessoires&quot;","block_context":{"text":"Accessoires","link":"https:\/\/stichelstube.capricorna.de\/wordpress\/category\/accessoires\/"},"img":{"alt_text":"","src":"https:\/\/i0.wp.com\/www.capricorna.de\/naehen\/blogpics\/Dany_wip_1.jpg?resize=350%2C200","width":350,"height":200},"classes":[]},{"id":2394,"url":"https:\/\/stichelstube.capricorna.de\/wordpress\/2023\/11\/19\/ein-traum-von-einem-rucksack\/","url_meta":{"origin":1146,"position":3},"title":"Ein Traum von einem Rucksack","author":"Kerstin","date":"19. November 2023","format":false,"excerpt":"Ein aufwendiger Rucksack\/Turnbeutel nach einem Schnitt von Hansedelli, mit extra Feature","rel":"","context":"In &quot;Fertig&quot;","block_context":{"text":"Fertig","link":"https:\/\/stichelstube.capricorna.de\/wordpress\/category\/fertig\/"},"img":{"alt_text":"Vorderseite des fertigen Rucksacks","src":"https:\/\/i0.wp.com\/stichelstube.capricorna.de\/wordpress\/wp-content\/2023\/11\/IMG_5432.jpeg?fit=1200%2C977&ssl=1&resize=350%2C200","width":350,"height":200,"srcset":"https:\/\/i0.wp.com\/stichelstube.capricorna.de\/wordpress\/wp-content\/2023\/11\/IMG_5432.jpeg?fit=1200%2C977&ssl=1&resize=350%2C200 1x, https:\/\/i0.wp.com\/stichelstube.capricorna.de\/wordpress\/wp-content\/2023\/11\/IMG_5432.jpeg?fit=1200%2C977&ssl=1&resize=525%2C300 1.5x, https:\/\/i0.wp.com\/stichelstube.capricorna.de\/wordpress\/wp-content\/2023\/11\/IMG_5432.jpeg?fit=1200%2C977&ssl=1&resize=700%2C400 2x, https:\/\/i0.wp.com\/stichelstube.capricorna.de\/wordpress\/wp-content\/2023\/11\/IMG_5432.jpeg?fit=1200%2C977&ssl=1&resize=1050%2C600 3x"},"classes":[]},{"id":946,"url":"https:\/\/stichelstube.capricorna.de\/wordpress\/2012\/10\/06\/kann-man-schon-was-sehen\/","url_meta":{"origin":1146,"position":4},"title":"Kann man schon was sehen?!","author":"Kerstin","date":"6. Oktober 2012","format":false,"excerpt":"Ein Langzeitprojekt n\u00e4hert sich ganz langsam seiner Vollendung - mein Handtaschen-Klon ist schon ganz gut als solcher erkennbar. Als kleine Erinnerung hier der Anfang, aus dem Juni - da habe ich den Schnitt abgenommen. F\u00fcr den Au\u00dfenstoff habe ich mich f\u00fcr einen lose gewebten Tweed (?) entschieden. Das war nicht\u2026","rel":"","context":"In &quot;Accessoires&quot;","block_context":{"text":"Accessoires","link":"https:\/\/stichelstube.capricorna.de\/wordpress\/category\/accessoires\/"},"img":{"alt_text":"","src":"https:\/\/i0.wp.com\/www.capricorna.de\/naehen\/blogpics\/20121006_tasche__1.jpg?resize=350%2C200","width":350,"height":200},"classes":[]},{"id":29,"url":"https:\/\/stichelstube.capricorna.de\/wordpress\/2003\/08\/25\/29\/","url_meta":{"origin":1146,"position":5},"title":"Die Tasche ist fast fertig\u2026","author":"Kerstin","date":"25. August 2003","format":false,"excerpt":"Die Tasche ist fast fertig :-) Die eine H\u00e4lfte des RV am Futterstoff musste ich noch mal auftrennen, weil ich das Futter zu weit \u00fcber die Z\u00e4hnchen habe ragen lassen, so dass er sich immer verhakt hat. Ich h\u00e4tte schon fast wieder nach der H\u00e4lfte aufgeh\u00f6rt - ich hasse trennen\u2026","rel":"","context":"In &quot;Allgemein&quot;","block_context":{"text":"Allgemein","link":"https:\/\/stichelstube.capricorna.de\/wordpress\/category\/allgemein\/"},"img":{"alt_text":"","src":"","width":0,"height":0},"classes":[]}],"_links":{"self":[{"href":"https:\/\/stichelstube.capricorna.de\/wordpress\/wp-json\/wp\/v2\/posts\/1146","targetHints":{"allow":["GET"]}}],"collection":[{"href":"https:\/\/stichelstube.capricorna.de\/wordpress\/wp-json\/wp\/v2\/posts"}],"about":[{"href":"https:\/\/stichelstube.capricorna.de\/wordpress\/wp-json\/wp\/v2\/types\/post"}],"author":[{"embeddable":true,"href":"https:\/\/stichelstube.capricorna.de\/wordpress\/wp-json\/wp\/v2\/users\/2"}],"replies":[{"embeddable":true,"href":"https:\/\/stichelstube.capricorna.de\/wordpress\/wp-json\/wp\/v2\/comments?post=1146"}],"version-history":[{"count":2,"href":"https:\/\/stichelstube.capricorna.de\/wordpress\/wp-json\/wp\/v2\/posts\/1146\/revisions"}],"predecessor-version":[{"id":1149,"href":"https:\/\/stichelstube.capricorna.de\/wordpress\/wp-json\/wp\/v2\/posts\/1146\/revisions\/1149"}],"wp:attachment":[{"href":"https:\/\/stichelstube.capricorna.de\/wordpress\/wp-json\/wp\/v2\/media?parent=1146"}],"wp:term":[{"taxonomy":"category","embeddable":true,"href":"https:\/\/stichelstube.capricorna.de\/wordpress\/wp-json\/wp\/v2\/categories?post=1146"},{"taxonomy":"post_tag","embeddable":true,"href":"https:\/\/stichelstube.capricorna.de\/wordpress\/wp-json\/wp\/v2\/tags?post=1146"}],"curies":[{"name":"wp","href":"https:\/\/api.w.org\/{rel}","templated":true}]}}