{"id":1156,"date":"2014-09-25T17:51:08","date_gmt":"2014-09-25T15:51:08","guid":{"rendered":"http:\/\/stichelstube.capricorna.de\/wordpress\/?p=1156"},"modified":"2014-09-25T17:51:08","modified_gmt":"2014-09-25T15:51:08","slug":"primaballerina-taeschchen","status":"publish","type":"post","link":"https:\/\/stichelstube.capricorna.de\/wordpress\/2014\/09\/25\/primaballerina-taeschchen\/","title":{"rendered":"Primaballerina-T\u00e4schchen"},"content":{"rendered":"<p><img data-recalc-dims=\"1\" loading=\"lazy\" decoding=\"async\" src=\"https:\/\/i0.wp.com\/www.capricorna.de\/naehen\/blogpics\/20140917_kulturbeutelchen_3.jpg?resize=400%2C246\" width=\"400\" height=\"246\" class=\"aligncenter\" \/><\/p>\n<p>Man soll es nicht glauben, aber dieser kleine Kulturbeutel hat mich einige Nerven gekostet.<\/p>\n<p>Oben im Bild seht ihr vorne das &#8222;Original&#8220;; ein Give-away einer nicht n\u00e4her genannten Bekleidungsmarke. Diese kleine Tasche habe ich nun schon einige Monate als Kulturbeutel im Gebrauch. Die Gr\u00f6\u00dfe reichte <em>so gerade eben<\/em> aus, aber ein bisschen gr\u00f6\u00dfer w\u00e4re schon nett&#8230; Und vielleicht noch ein paar Einteilungen innendrin f\u00fcr die Kleinteile?<\/p>\n<p>Dann fiel mir letzte Woche beim Aufr\u00e4umen ein Stoff-Set von <a href=\"http:\/\/www.funfabric.de\/\" title=\"FunFabric.de\" target=\"_blank\">FunFabric<\/a> in die H\u00e4nde, aus dem eigentlich mal eine Geldb\u00f6rse werden sollte. Das Kaufdatum liegt sage und schreibe sieben Jahre zur\u00fcck und der Schnitt der Geldb\u00f6rse ist l\u00e4ngst zu klein geworden f\u00fcr mein zunehmendes Karten-Sammelsurium. Ein geeigneter Kandidat f\u00fcr mein laufendes &#8222;Use what you have&#8220;-Projekt!<\/p>\n<p>Die Nylon-Stoffe sahen strapazierf\u00e4hig genug aus f\u00fcr meinen Zweck, und den Schnitt habe ich so gerade eben aus der begrenzten Menge herausschneiden k\u00f6nnen. Um beim Oberstoff zu sparen, habe ich Vorder- und R\u00fcckenteil im Bruch zugeschnitten; die Futterteile einzeln, um die Wende\u00f6ffnung zu haben.<\/p>\n<p>Auf die Innenfutter habe ich je zwei kleinere F\u00e4cher aufgen\u00e4ht. Auf der einen Seite eine Tasche aus Netz, die ich mit einer Quernaht in ein gr\u00f6\u00dferes und ein kleineres Fach unterteilt habe. Auf der anderen Seite zwei einfache Eingrifftaschen \u00fcbereinander. So sehen die beiden Futterteile dann vor dem Zusammenn\u00e4hen aus:<\/p>\n<p><img data-recalc-dims=\"1\" loading=\"lazy\" decoding=\"async\" src=\"https:\/\/i0.wp.com\/www.capricorna.de\/naehen\/blogpics\/20140917_kulturbeutelchen_1.jpg?resize=400%2C246\" width=\"400\" height=\"246\" class=\"aligncenter\" \/><\/p>\n<p>Beim Oberstoff habe ich dann die Seitenn\u00e4hte geschlossen, bei den Futterteilen die Seitenn\u00e4hte und die Seiten der unteren Naht, um eine Wende\u00f6ffnung in der Mitte zu haben. Die unteren Ecken habe ich jeweils schr\u00e4g zur Naht abgen\u00e4ht, um das Taschen-Volumen zu erzeugen.<\/p>\n<p>Danach wollte ich dann den Rei\u00dfverschluss zwischenfassen. Tja, hm. Leichter gesagt als getan, wenn der RV nicht teilbar ist &#8211; technisch einfach nicht machbar. Und einen breiten, teilbaren Kunststoff-RV in 20 cm L\u00e4nge bekommt man nur auf Bestellung mit Wartezeit in darauf spezialisierten Online-Shops, aber nicht im Stoffladen vor Ort.<\/p>\n<p>Nach kurzem inneren Kampf &#8211; naja, mehr ein &#8222;immer wieder Rumprobieren und feststellen, dass das einfach nicht klappen <em>kann<\/em>&#8220; &#8211; habe ich dann in den sauren Apfel gebissen und den Fadentrenner zur Hand genommen. Quer durch die Naht und ritsch! Schon war ein Riss im Oberstoff. Nein! Auch das noch!<\/p>\n<p>Ein Tag Pause, um die Frustration zu verarbeiten. Noch ein Tag, um zum Entschluss zu kommen, das Beste daraus zu machen. Der Riss war nicht sehr gro\u00df und am Rand, also habe ich dort mein Label aufgen\u00e4ht; da passt es ganz gut hin.<\/p>\n<p>Eine schnelle Internet-Recherche brachte mich dann auf die <a href=\"http:\/\/www.handmadekultur.de\/projekte\/kosmetiktasche-mit-reissverschluss-naehen_26635\" title=\"Kosmetiktasche mit RV n\u00e4hen\" target=\"_blank\">HandmadeKultur-Website<\/a>, mit einer ganz hervorragenden Video-Anleitung, wie man eine gef\u00fctterte Tasche mit RV n\u00e4ht. Merke: Erst recherchieren, dann machen!<\/p>\n<p>Mit der Anleitung hat es dann sehr gut geklappt. Meine Ecken mit dem kleinen Streifen \u00fcber dem RV sind nicht so sch\u00f6n wie im Original, weil mein Stoff daf\u00fcr zu schmal zugeschnitten war, und auch zu dick, um ihn so sch\u00f6n flach zu legen wie eine d\u00fcnne Baumwolle, aber es sieht alles sauber aus, funktioniert, und die Gr\u00f6\u00dfe ist auch okay. Da ich den Oberstoff nun doch zweiteilen musste, ist sie einen kleinen Tick k\u00fcrzer geworden, aber ich hatte genug Reserve drin, dass wenigstens das kein Problem war.<\/p>\n<p>Hier seht ihr die fertige Tasche von innen, oben die Netzf\u00e4cher, unten die aufgen\u00e4hten Eingrifftaschen:<\/p>\n<p><img data-recalc-dims=\"1\" loading=\"lazy\" decoding=\"async\" src=\"https:\/\/i0.wp.com\/www.capricorna.de\/naehen\/blogpics\/20140917_kulturbeutelchen_2.jpg?resize=400%2C196\" width=\"400\" height=\"196\" class=\"aligncenter\" \/><\/p>\n<p>Sie ist bereits im Dienst, und erf\u00fcllt selbigen sehr gut.<\/p>\n<p>Warum ich sie Primaballerina nenne? Erinnert sich noch jemand an das sch\u00f6ne Reinhard Mey-Lied? Du bist die Primaballerina meiner Nerven&#8230;? \ud83d\ude00<\/p>\n<p>Meine gro\u00dfe Handtasche wird daf\u00fcr noch etwas l\u00e4nger dauern als geplant. Meine Bekleidungsstoffe sind s\u00e4mtlich nicht strapazierf\u00e4hig genug, um l\u00e4ngerfristig als Taschenstoff zu dienen. Da muss ich mich nach einer anderen L\u00f6sung umschauen.<\/p>\n","protected":false},"excerpt":{"rendered":"<p>Man soll es nicht glauben, aber dieser kleine Kulturbeutel hat mich einige Nerven gekostet. Oben im Bild seht ihr vorne das &#8222;Original&#8220;; ein Give-away einer nicht n\u00e4her genannten Bekleidungsmarke. Diese kleine Tasche habe ich nun schon einige Monate als Kulturbeutel im Gebrauch. Die Gr\u00f6\u00dfe reichte so gerade eben aus, aber ein bisschen gr\u00f6\u00dfer w\u00e4re schon &hellip; <a href=\"https:\/\/stichelstube.capricorna.de\/wordpress\/2014\/09\/25\/primaballerina-taeschchen\/\" class=\"more-link\"><span class=\"screen-reader-text\">\u201ePrimaballerina-T\u00e4schchen\u201c <\/span>weiterlesen<\/a><\/p>\n","protected":false},"author":2,"featured_media":0,"comment_status":"open","ping_status":"open","sticky":false,"template":"","format":"standard","meta":{"jetpack_post_was_ever_published":false,"_jetpack_newsletter_access":"","_jetpack_dont_email_post_to_subs":false,"_jetpack_newsletter_tier_id":0,"_jetpack_memberships_contains_paywalled_content":false,"_jetpack_memberships_contains_paid_content":false,"footnotes":"","jetpack_publicize_message":"","jetpack_publicize_feature_enabled":true,"jetpack_social_post_already_shared":false,"jetpack_social_options":{"image_generator_settings":{"template":"highway","default_image_id":0,"font":"","enabled":false},"version":2}},"categories":[5,19],"tags":[],"class_list":["post-1156","post","type-post","status-publish","format-standard","hentry","category-fertig","category-reduce-reuse-recycle"],"jetpack_publicize_connections":[],"jetpack_featured_media_url":"","jetpack_sharing_enabled":true,"jetpack_shortlink":"https:\/\/wp.me\/p6Znca-iE","jetpack-related-posts":[{"id":2394,"url":"https:\/\/stichelstube.capricorna.de\/wordpress\/2023\/11\/19\/ein-traum-von-einem-rucksack\/","url_meta":{"origin":1156,"position":0},"title":"Ein Traum von einem Rucksack","author":"Kerstin","date":"19. November 2023","format":false,"excerpt":"Ein aufwendiger Rucksack\/Turnbeutel nach einem Schnitt von Hansedelli, mit extra Feature","rel":"","context":"In &quot;Fertig&quot;","block_context":{"text":"Fertig","link":"https:\/\/stichelstube.capricorna.de\/wordpress\/category\/fertig\/"},"img":{"alt_text":"Vorderseite des fertigen Rucksacks","src":"https:\/\/i0.wp.com\/stichelstube.capricorna.de\/wordpress\/wp-content\/2023\/11\/IMG_5432.jpeg?fit=1200%2C977&ssl=1&resize=350%2C200","width":350,"height":200,"srcset":"https:\/\/i0.wp.com\/stichelstube.capricorna.de\/wordpress\/wp-content\/2023\/11\/IMG_5432.jpeg?fit=1200%2C977&ssl=1&resize=350%2C200 1x, https:\/\/i0.wp.com\/stichelstube.capricorna.de\/wordpress\/wp-content\/2023\/11\/IMG_5432.jpeg?fit=1200%2C977&ssl=1&resize=525%2C300 1.5x, https:\/\/i0.wp.com\/stichelstube.capricorna.de\/wordpress\/wp-content\/2023\/11\/IMG_5432.jpeg?fit=1200%2C977&ssl=1&resize=700%2C400 2x, https:\/\/i0.wp.com\/stichelstube.capricorna.de\/wordpress\/wp-content\/2023\/11\/IMG_5432.jpeg?fit=1200%2C977&ssl=1&resize=1050%2C600 3x"},"classes":[]},{"id":1799,"url":"https:\/\/stichelstube.capricorna.de\/wordpress\/2020\/09\/10\/katz-und-maus-jagd-fuer-das-geld\/","url_meta":{"origin":1156,"position":1},"title":"Katz- und Maus-Jagd f\u00fcr das Geld&#8230;","author":"Kerstin","date":"10. September 2020","format":false,"excerpt":"Ich bin immer noch ganz entz\u00fcckt \u00fcber mein neuestes Werk; diese s\u00fc\u00dfe kleine Geldb\u00f6rse! Die handliche Gr\u00f6\u00dfe ist genau richtig. Der Rei\u00dfverschluss, auch f\u00fcr das Kleingeldfach im Inneren, macht sie \u201eauslaufsicher\u201c. Die Verarbeitung sieht auch innen absolut sauber aus (meine krummen Au\u00dfen-N\u00e4hte bitte ignorieren; Korkstoff ist nicht ganz so einfach\u2026","rel":"","context":"In &quot;Fertig&quot;","block_context":{"text":"Fertig","link":"https:\/\/stichelstube.capricorna.de\/wordpress\/category\/fertig\/"},"img":{"alt_text":"","src":"https:\/\/i0.wp.com\/stichelstube.capricorna.de\/wordpress\/wp-content\/2020\/09\/07088616-D674-42B1-8DB1-43B2EBE79AB6.jpeg?resize=350%2C200&ssl=1","width":350,"height":200,"srcset":"https:\/\/i0.wp.com\/stichelstube.capricorna.de\/wordpress\/wp-content\/2020\/09\/07088616-D674-42B1-8DB1-43B2EBE79AB6.jpeg?resize=350%2C200&ssl=1 1x, https:\/\/i0.wp.com\/stichelstube.capricorna.de\/wordpress\/wp-content\/2020\/09\/07088616-D674-42B1-8DB1-43B2EBE79AB6.jpeg?resize=525%2C300&ssl=1 1.5x"},"classes":[]},{"id":2489,"url":"https:\/\/stichelstube.capricorna.de\/wordpress\/2024\/05\/05\/geld-ausgeben-mit-einem-laecheln\/","url_meta":{"origin":1156,"position":2},"title":"Geld ausgeben mit einem L\u00e4cheln","author":"Kerstin","date":"5. Mai 2024","format":false,"excerpt":"Wie ich einmal meinen Moneten ein sch\u00f6nes Zuhause gab","rel":"","context":"In &quot;Fertig&quot;","block_context":{"text":"Fertig","link":"https:\/\/stichelstube.capricorna.de\/wordpress\/category\/fertig\/"},"img":{"alt_text":"","src":"","width":0,"height":0},"classes":[]},{"id":2835,"url":"https:\/\/stichelstube.capricorna.de\/wordpress\/2025\/01\/10\/ich-hab-den-beutel-schoen\/","url_meta":{"origin":1156,"position":3},"title":"Ich hab den Beutel sch\u00f6n!","author":"Kerstin","date":"10. Januar 2025","format":false,"excerpt":"Eine aufwendige, aber sehr schicke kleine Tasche f\u00fcr Strickzeug oder anderes Kleinzeug.","rel":"","context":"In &quot;Fertig&quot;","block_context":{"text":"Fertig","link":"https:\/\/stichelstube.capricorna.de\/wordpress\/category\/fertig\/"},"img":{"alt_text":"","src":"","width":0,"height":0},"classes":[]},{"id":1840,"url":"https:\/\/stichelstube.capricorna.de\/wordpress\/2021\/01\/09\/das-faengt-ja-gut-an\/","url_meta":{"origin":1156,"position":4},"title":"Das f\u00e4ngt ja gut an!","author":"Kerstin","date":"9. Januar 2021","format":false,"excerpt":"Nanu, gerade mal eine gute Woche rum, und schon ein fertiges Projekt?! Tja, wenn einen das N\u00e4h-Virus mal wieder bei\u00dft, muss schnell gehandelt werden. Ich hatte schon l\u00e4nger dar\u00fcber nachgedacht, mir einen oder mehrere kleine, transport-f\u00e4hige Projektbeutel f\u00fcr das Stricken zu n\u00e4hen. Bislang verwende ich f\u00fcr kleine Projekte oft Ziploc-Beutel,\u2026","rel":"","context":"In &quot;Fertig&quot;","block_context":{"text":"Fertig","link":"https:\/\/stichelstube.capricorna.de\/wordpress\/category\/fertig\/"},"img":{"alt_text":"","src":"","width":0,"height":0},"classes":[]},{"id":925,"url":"https:\/\/stichelstube.capricorna.de\/wordpress\/2012\/04\/04\/fruhling-lasst-sein-blaues-band\/","url_meta":{"origin":1156,"position":5},"title":"Fr\u00fchling l\u00e4sst sein blaues Band&#8230;","author":"Kerstin","date":"4. April 2012","format":false,"excerpt":"... und so weiter, ihr wisst ja. Der Fr\u00fchling hat sich nach einem Intermezzo wieder verabschiedet, und wie besser die erneut dunklen, kalten Abende verbringen als vor der N\u00e4hmaschine? Herausgekommen ist ein zweiter Strickbeutel, ein kleines Oster-Mitbringsel f\u00fcr eine Verwandte ersten Grades, die neulich das Stricken wieder entdeckt hat. :D\u2026","rel":"","context":"In &quot;Fertig&quot;","block_context":{"text":"Fertig","link":"https:\/\/stichelstube.capricorna.de\/wordpress\/category\/fertig\/"},"img":{"alt_text":"","src":"https:\/\/i0.wp.com\/www.capricorna.de\/naehen\/pics_fertig\/20120404_strickbeutel.jpg?resize=350%2C200","width":350,"height":200},"classes":[]}],"_links":{"self":[{"href":"https:\/\/stichelstube.capricorna.de\/wordpress\/wp-json\/wp\/v2\/posts\/1156","targetHints":{"allow":["GET"]}}],"collection":[{"href":"https:\/\/stichelstube.capricorna.de\/wordpress\/wp-json\/wp\/v2\/posts"}],"about":[{"href":"https:\/\/stichelstube.capricorna.de\/wordpress\/wp-json\/wp\/v2\/types\/post"}],"author":[{"embeddable":true,"href":"https:\/\/stichelstube.capricorna.de\/wordpress\/wp-json\/wp\/v2\/users\/2"}],"replies":[{"embeddable":true,"href":"https:\/\/stichelstube.capricorna.de\/wordpress\/wp-json\/wp\/v2\/comments?post=1156"}],"version-history":[{"count":6,"href":"https:\/\/stichelstube.capricorna.de\/wordpress\/wp-json\/wp\/v2\/posts\/1156\/revisions"}],"predecessor-version":[{"id":1163,"href":"https:\/\/stichelstube.capricorna.de\/wordpress\/wp-json\/wp\/v2\/posts\/1156\/revisions\/1163"}],"wp:attachment":[{"href":"https:\/\/stichelstube.capricorna.de\/wordpress\/wp-json\/wp\/v2\/media?parent=1156"}],"wp:term":[{"taxonomy":"category","embeddable":true,"href":"https:\/\/stichelstube.capricorna.de\/wordpress\/wp-json\/wp\/v2\/categories?post=1156"},{"taxonomy":"post_tag","embeddable":true,"href":"https:\/\/stichelstube.capricorna.de\/wordpress\/wp-json\/wp\/v2\/tags?post=1156"}],"curies":[{"name":"wp","href":"https:\/\/api.w.org\/{rel}","templated":true}]}}