{"id":1166,"date":"2014-10-12T18:11:15","date_gmt":"2014-10-12T16:11:15","guid":{"rendered":"http:\/\/stichelstube.capricorna.de\/wordpress\/?p=1166"},"modified":"2014-10-12T18:11:15","modified_gmt":"2014-10-12T16:11:15","slug":"wonach-man-nicht-sucht","status":"publish","type":"post","link":"https:\/\/stichelstube.capricorna.de\/wordpress\/2014\/10\/12\/wonach-man-nicht-sucht\/","title":{"rendered":"Wonach man nicht sucht&#8230;"},"content":{"rendered":"<p><img data-recalc-dims=\"1\" loading=\"lazy\" decoding=\"async\" src=\"https:\/\/i0.wp.com\/www.capricorna.de\/naehen\/pics_fertig\/20141012_handtasche.jpg?resize=400%2C379\" width=\"400\" height=\"379\" class=\"aligncenter\" \/><\/p>\n<p>&#8230; das findet man.<\/p>\n<p>Neulich, bei meinem Besuch bei Attia Stoffe in Frankfurt, sprang mich dieser Digitaldruck-Dekostoff an. Der kam mir wie gerufen &#8211; zum einen werde ich daraus neue Tischsets machen, denn die mit der Londoner-Stra\u00dfenkarte haben sich nach mehrfachem Waschen leider so sehr verzogen, dass sie nicht mehr glattzub\u00fcgeln sind. Ich nehme an, dass mein Futterstoff die Temperaturen nicht vertragen hat.<\/p>\n<p>Und au\u00dferdem kam mir direkt auch die Idee, diesen Stoff als Oberstoff f\u00fcr meine in Arbeit befindliche Handtasche zu verwenden. Nach einem Tag N\u00e4h-Marathon seht ihr oben das Ergebnis. \ud83d\ude42<\/p>\n<p>Ich Dussel hatte das Futter mit den Innentaschen schon wieder komplett geschlossen; das musste ich jetzt wieder aufmachen, um das Futter in einem Rutsch mit der Maschine an den inneren Beleg ann\u00e4hen zu k\u00f6nnen. Bei der ersten Version hatte ich das noch von Hand anstaffiert, aber das ist recht schnell ausgerissen. Diesmal habe ich st\u00e4rkeren Futterstoff verwendet (Mantelfutter-Dicke), die obere Kante mit Vlieseline verst\u00e4rkt und mit dem Stretchstich der Maschine angen\u00e4ht.<\/p>\n<p>Au\u00dferdem habe ich die aufgesetzte Tasche f\u00fcr das Portemonnaie sehr viel gr\u00f6\u00dfer und tiefer gemacht, damit dort nicht noch zus\u00e4tzlich Zug entsteht, jedesmal, wenn ich es dort hinein stopfe. Ich hoffe, alle diese Ma\u00dfnahmen zusammen tragen diesmal zu einer l\u00e4ngeren Lebensdauer bei.<\/p>\n<p>Die Kette als Tr\u00e4ger ist noch eine Notl\u00f6sung; ich brauche die Tasche fertig f\u00fcr eine Dienstreise in der kommenden Woche, und schaffe es nicht mehr, noch richtige Tr\u00e4ger zu n\u00e4hen. Die Kette ist zu kurz, zu laut und zu unpraktisch, aber als Notl\u00f6sung wird das f\u00fcr ein paar Tage gehen m\u00fcssen. Detail-Fotos wird es sp\u00e4ter hier noch geben.<\/p>\n","protected":false},"excerpt":{"rendered":"<p>&#8230; das findet man. Neulich, bei meinem Besuch bei Attia Stoffe in Frankfurt, sprang mich dieser Digitaldruck-Dekostoff an. Der kam mir wie gerufen &#8211; zum einen werde ich daraus neue Tischsets machen, denn die mit der Londoner-Stra\u00dfenkarte haben sich nach mehrfachem Waschen leider so sehr verzogen, dass sie nicht mehr glattzub\u00fcgeln sind. Ich nehme an, &hellip; <a href=\"https:\/\/stichelstube.capricorna.de\/wordpress\/2014\/10\/12\/wonach-man-nicht-sucht\/\" class=\"more-link\"><span class=\"screen-reader-text\">\u201eWonach man nicht sucht&#8230;\u201c <\/span>weiterlesen<\/a><\/p>\n","protected":false},"author":2,"featured_media":0,"comment_status":"open","ping_status":"open","sticky":false,"template":"","format":"standard","meta":{"jetpack_post_was_ever_published":false,"_jetpack_newsletter_access":"","_jetpack_dont_email_post_to_subs":false,"_jetpack_newsletter_tier_id":0,"_jetpack_memberships_contains_paywalled_content":false,"_jetpack_memberships_contains_paid_content":false,"footnotes":"","jetpack_publicize_message":"","jetpack_publicize_feature_enabled":true,"jetpack_social_post_already_shared":false,"jetpack_social_options":{"image_generator_settings":{"template":"highway","default_image_id":0,"font":"","enabled":false},"version":2}},"categories":[5],"tags":[],"class_list":["post-1166","post","type-post","status-publish","format-standard","hentry","category-fertig"],"jetpack_publicize_connections":[],"jetpack_featured_media_url":"","jetpack_sharing_enabled":true,"jetpack_shortlink":"https:\/\/wp.me\/p6Znca-iO","jetpack-related-posts":[{"id":1146,"url":"https:\/\/stichelstube.capricorna.de\/wordpress\/2014\/09\/01\/schlachtfest\/","url_meta":{"origin":1166,"position":0},"title":"Schlachtfest","author":"Kerstin","date":"1. September 2014","format":false,"excerpt":"Oder: Ich war eine Handtasche... ... und beabsichtige, wieder zu einer zu werden. Meine sch\u00f6ne Handtasche, die ich mir vor ziemlich genau zwei Jahren nach dem Vorbild einer Kauf-Tasche gen\u00e4ht habe, hat sich im Alltag leider als teilweise untauglich erwiesen. Der schwarz-wei\u00dfe Boucl\u00e9 hat in Verbindung mit meinem Wintermantel sehr\u2026","rel":"","context":"In &quot;Allgemein&quot;","block_context":{"text":"Allgemein","link":"https:\/\/stichelstube.capricorna.de\/wordpress\/category\/allgemein\/"},"img":{"alt_text":"","src":"https:\/\/i0.wp.com\/www.capricorna.de\/naehen\/blogpics\/20140901_extasche.jpg?resize=350%2C200","width":350,"height":200},"classes":[]},{"id":2394,"url":"https:\/\/stichelstube.capricorna.de\/wordpress\/2023\/11\/19\/ein-traum-von-einem-rucksack\/","url_meta":{"origin":1166,"position":1},"title":"Ein Traum von einem Rucksack","author":"Kerstin","date":"19. November 2023","format":false,"excerpt":"Ein aufwendiger Rucksack\/Turnbeutel nach einem Schnitt von Hansedelli, mit extra Feature","rel":"","context":"In &quot;Fertig&quot;","block_context":{"text":"Fertig","link":"https:\/\/stichelstube.capricorna.de\/wordpress\/category\/fertig\/"},"img":{"alt_text":"Vorderseite des fertigen Rucksacks","src":"https:\/\/i0.wp.com\/stichelstube.capricorna.de\/wordpress\/wp-content\/2023\/11\/IMG_5432.jpeg?fit=1200%2C977&ssl=1&resize=350%2C200","width":350,"height":200,"srcset":"https:\/\/i0.wp.com\/stichelstube.capricorna.de\/wordpress\/wp-content\/2023\/11\/IMG_5432.jpeg?fit=1200%2C977&ssl=1&resize=350%2C200 1x, https:\/\/i0.wp.com\/stichelstube.capricorna.de\/wordpress\/wp-content\/2023\/11\/IMG_5432.jpeg?fit=1200%2C977&ssl=1&resize=525%2C300 1.5x, https:\/\/i0.wp.com\/stichelstube.capricorna.de\/wordpress\/wp-content\/2023\/11\/IMG_5432.jpeg?fit=1200%2C977&ssl=1&resize=700%2C400 2x, https:\/\/i0.wp.com\/stichelstube.capricorna.de\/wordpress\/wp-content\/2023\/11\/IMG_5432.jpeg?fit=1200%2C977&ssl=1&resize=1050%2C600 3x"},"classes":[]},{"id":1156,"url":"https:\/\/stichelstube.capricorna.de\/wordpress\/2014\/09\/25\/primaballerina-taeschchen\/","url_meta":{"origin":1166,"position":2},"title":"Primaballerina-T\u00e4schchen","author":"Kerstin","date":"25. September 2014","format":false,"excerpt":"Man soll es nicht glauben, aber dieser kleine Kulturbeutel hat mich einige Nerven gekostet. Oben im Bild seht ihr vorne das \"Original\"; ein Give-away einer nicht n\u00e4her genannten Bekleidungsmarke. Diese kleine Tasche habe ich nun schon einige Monate als Kulturbeutel im Gebrauch. Die Gr\u00f6\u00dfe reichte so gerade eben aus, aber\u2026","rel":"","context":"In &quot;Fertig&quot;","block_context":{"text":"Fertig","link":"https:\/\/stichelstube.capricorna.de\/wordpress\/category\/fertig\/"},"img":{"alt_text":"","src":"https:\/\/i0.wp.com\/www.capricorna.de\/naehen\/blogpics\/20140917_kulturbeutelchen_3.jpg?resize=350%2C200","width":350,"height":200},"classes":[]},{"id":946,"url":"https:\/\/stichelstube.capricorna.de\/wordpress\/2012\/10\/06\/kann-man-schon-was-sehen\/","url_meta":{"origin":1166,"position":3},"title":"Kann man schon was sehen?!","author":"Kerstin","date":"6. Oktober 2012","format":false,"excerpt":"Ein Langzeitprojekt n\u00e4hert sich ganz langsam seiner Vollendung - mein Handtaschen-Klon ist schon ganz gut als solcher erkennbar. Als kleine Erinnerung hier der Anfang, aus dem Juni - da habe ich den Schnitt abgenommen. F\u00fcr den Au\u00dfenstoff habe ich mich f\u00fcr einen lose gewebten Tweed (?) entschieden. Das war nicht\u2026","rel":"","context":"In &quot;Accessoires&quot;","block_context":{"text":"Accessoires","link":"https:\/\/stichelstube.capricorna.de\/wordpress\/category\/accessoires\/"},"img":{"alt_text":"","src":"https:\/\/i0.wp.com\/www.capricorna.de\/naehen\/blogpics\/20121006_tasche__1.jpg?resize=350%2C200","width":350,"height":200},"classes":[]},{"id":54,"url":"https:\/\/stichelstube.capricorna.de\/wordpress\/2004\/01\/22\/54\/","url_meta":{"origin":1166,"position":4},"title":"Die Osterhasen-Produktion schreitet langsam voran;\u2026","author":"Kerstin","date":"22. Januar 2004","format":false,"excerpt":"Die Osterhasen-Produktion schreitet langsam voran; zum einen bin ich gerade mit einer Grippe und Angina geplagt, zum anderen ist es doch ziemlich m\u00fchselig, die einzelnen Gliedma\u00dfen anzun\u00e4hen... Aber ich habe ja noch viel Zeit bis Ostern; das ist der Vorteil, wenn man antizyklisch arbeitet ;-)Ich habe auch einige Stoffreste aus\u2026","rel":"","context":"In &quot;Allgemein&quot;","block_context":{"text":"Allgemein","link":"https:\/\/stichelstube.capricorna.de\/wordpress\/category\/allgemein\/"},"img":{"alt_text":"","src":"","width":0,"height":0},"classes":[]},{"id":2835,"url":"https:\/\/stichelstube.capricorna.de\/wordpress\/2025\/01\/10\/ich-hab-den-beutel-schoen\/","url_meta":{"origin":1166,"position":5},"title":"Ich hab den Beutel sch\u00f6n!","author":"Kerstin","date":"10. Januar 2025","format":false,"excerpt":"Eine aufwendige, aber sehr schicke kleine Tasche f\u00fcr Strickzeug oder anderes Kleinzeug.","rel":"","context":"In &quot;Fertig&quot;","block_context":{"text":"Fertig","link":"https:\/\/stichelstube.capricorna.de\/wordpress\/category\/fertig\/"},"img":{"alt_text":"","src":"","width":0,"height":0},"classes":[]}],"_links":{"self":[{"href":"https:\/\/stichelstube.capricorna.de\/wordpress\/wp-json\/wp\/v2\/posts\/1166","targetHints":{"allow":["GET"]}}],"collection":[{"href":"https:\/\/stichelstube.capricorna.de\/wordpress\/wp-json\/wp\/v2\/posts"}],"about":[{"href":"https:\/\/stichelstube.capricorna.de\/wordpress\/wp-json\/wp\/v2\/types\/post"}],"author":[{"embeddable":true,"href":"https:\/\/stichelstube.capricorna.de\/wordpress\/wp-json\/wp\/v2\/users\/2"}],"replies":[{"embeddable":true,"href":"https:\/\/stichelstube.capricorna.de\/wordpress\/wp-json\/wp\/v2\/comments?post=1166"}],"version-history":[{"count":2,"href":"https:\/\/stichelstube.capricorna.de\/wordpress\/wp-json\/wp\/v2\/posts\/1166\/revisions"}],"predecessor-version":[{"id":1169,"href":"https:\/\/stichelstube.capricorna.de\/wordpress\/wp-json\/wp\/v2\/posts\/1166\/revisions\/1169"}],"wp:attachment":[{"href":"https:\/\/stichelstube.capricorna.de\/wordpress\/wp-json\/wp\/v2\/media?parent=1166"}],"wp:term":[{"taxonomy":"category","embeddable":true,"href":"https:\/\/stichelstube.capricorna.de\/wordpress\/wp-json\/wp\/v2\/categories?post=1166"},{"taxonomy":"post_tag","embeddable":true,"href":"https:\/\/stichelstube.capricorna.de\/wordpress\/wp-json\/wp\/v2\/tags?post=1166"}],"curies":[{"name":"wp","href":"https:\/\/api.w.org\/{rel}","templated":true}]}}