{"id":1294,"date":"2016-05-16T22:28:38","date_gmt":"2016-05-16T20:28:38","guid":{"rendered":"http:\/\/stichelstube.capricorna.de\/wordpress\/?p=1294"},"modified":"2016-05-16T22:28:38","modified_gmt":"2016-05-16T20:28:38","slug":"kleiner-suesser-wolf","status":"publish","type":"post","link":"https:\/\/stichelstube.capricorna.de\/wordpress\/2016\/05\/16\/kleiner-suesser-wolf\/","title":{"rendered":"Kleiner s\u00fc\u00dfer Wolf"},"content":{"rendered":"<p><img data-recalc-dims=\"1\" loading=\"lazy\" decoding=\"async\" src=\"https:\/\/i0.wp.com\/www.capricorna.de\/naehen\/pics_fertig\/20160504_wolf_1.jpg?resize=755%2C400\" width=\"755\" height=\"400\" class=\"aligncenter\" \/><\/p>\n<p>Und hier ist der kleine Wolf in voller Pracht, fertig!<\/p>\n<p>Als ich dieses s\u00fc\u00dfe Teil zum ersten Mal in der Herbst-Ottobre 2015 gesehen habe, wusste ich sofort, dass ich den unbedingt n\u00e4hen wollte! Auf der N\u00e4hmesse im letzten September hatte ich mir auch sofort zwei kuschelige Stoffe daf\u00fcr <a href=\"http:\/\/stichelstube.capricorna.de\/wordpress\/2015\/09\/28\/mein-schatz\/\" target=\"_blank\">zugelegt<\/a>. Urspr\u00fcnglich war das als Weihnachtsgeschenk geplant, aber wie das so ist, kommt man ja gerade in der Vorweihnachts-Zeit zu \u00fcberhaupt nichts, und im Zuge meines letztj\u00e4hrigen Stress-Reduktions-Programms hatte ich dann von der Anfertigung abgesehen.<\/p>\n<p>Aber g\u00f6ttinseidank gibt es ja immer wieder einen Anlass zum Feiern, und so wurde es jetzt zu einem Geburtstagsgeschenk f\u00fcr mein &#8222;Bonuskind&#8220;.<\/p>\n<p>Die Augen-Applikation war eine ziemlich fummelige Angelegenheit; ich habe aber auch nicht, wie vorgeschlagen, einen dichten Zickzack verwendet, sondern eher einen weiten, weil die klitzekleinen Rundungen mir zu viel waren. Das Ergebnis ist eher suboptimal f\u00fcr meine Anspr\u00fcche, aber hinterher ist man ja immer kl\u00fcger. Aus einer normalen Entfernung f\u00e4llt es auch kaum auf; der Gesamteindruck z\u00e4hlt.<\/p>\n<p><img data-recalc-dims=\"1\" loading=\"lazy\" decoding=\"async\" src=\"https:\/\/i0.wp.com\/www.capricorna.de\/naehen\/pics_fertig\/20160504_wolf_2.jpg?resize=396%2C400\" width=\"396\" height=\"400\" class=\"aligncenter\" \/><\/p>\n<p>Hals- und Armausschnitte habe ich mit B\u00fcndchenstoff eingefasst; die Farbe ist etwas dunkler als ich gerne h\u00e4tte, aber Karstadt hatte nur zwei Grau-T\u00f6ne, einer hell, einer dunkel, also wurde es der dunkle. Zuerst wollte ich alles mit dem Hauptstoff einfassen, aber der war nicht dehnbar genug, also musste ich nochmal auf die Jagd gehen. Beim Halsausschnitt vor Anbringen des B\u00fcndchens hatte ich zuerst Angst, dass der nicht weit genug w\u00e4re, aber ein kurzer Test an meinem eigenen Kopf hat ergeben, dass auch Gr\u00f6\u00dfe 92 problemlos \u00fcber meinen (kleinen) Erwachsenenkopf passt, also war das kein Problem.<\/p>\n<p>Wegen der vergleichsweise vielen Teilungsn\u00e4hte, den Rundungen und den doppelt abgesteppten Ziern\u00e4hten ist das Sweatshirt f\u00fcr ein Kindermodell vergleichsweise aufwendig zu n\u00e4hen, aber der Aufwand hat sich mehr als gelohnt, finde ich!<\/p>\n<p>Der Stoff ist ein kuscheliger, innen angerauter Bio-Sweat von <a href=\"https:\/\/www.stoffversand4u.de\/\" target=\"_blank\">Pumuckl Stoffversand<\/a>; f\u00fchlt sich ganz wunderbar an. F\u00fcr die Nadeln war er aber ziemlich hart; ich hatte das Gef\u00fchl, die Maschinen mussten ziemlich k\u00e4mpfen, um durchstechen zu k\u00f6nnen &#8211; mit frischen Nadeln, versteht sich!<\/p>\n<p>Die kleinen Augen haben gestrahlt bei der \u00dcbergabe, und das ist immer die sch\u00f6nste Belohnung. So macht das N\u00e4hen Spa\u00df! \ud83d\ude42<\/p>\n","protected":false},"excerpt":{"rendered":"<p>Und hier ist der kleine Wolf in voller Pracht, fertig! Als ich dieses s\u00fc\u00dfe Teil zum ersten Mal in der Herbst-Ottobre 2015 gesehen habe, wusste ich sofort, dass ich den unbedingt n\u00e4hen wollte! Auf der N\u00e4hmesse im letzten September hatte ich mir auch sofort zwei kuschelige Stoffe daf\u00fcr zugelegt. Urspr\u00fcnglich war das als Weihnachtsgeschenk geplant, &hellip; <a href=\"https:\/\/stichelstube.capricorna.de\/wordpress\/2016\/05\/16\/kleiner-suesser-wolf\/\" class=\"more-link\"><span class=\"screen-reader-text\">\u201eKleiner s\u00fc\u00dfer Wolf\u201c <\/span>weiterlesen<\/a><\/p>\n","protected":false},"author":2,"featured_media":0,"comment_status":"open","ping_status":"open","sticky":false,"template":"","format":"standard","meta":{"jetpack_post_was_ever_published":false,"_jetpack_newsletter_access":"","_jetpack_dont_email_post_to_subs":false,"_jetpack_newsletter_tier_id":0,"_jetpack_memberships_contains_paywalled_content":false,"_jetpack_memberships_contains_paid_content":false,"footnotes":"","jetpack_publicize_message":"","jetpack_publicize_feature_enabled":true,"jetpack_social_post_already_shared":true,"jetpack_social_options":{"image_generator_settings":{"template":"highway","default_image_id":0,"font":"","enabled":false},"version":2}},"categories":[5],"tags":[],"class_list":["post-1294","post","type-post","status-publish","format-standard","hentry","category-fertig"],"jetpack_publicize_connections":[],"jetpack_featured_media_url":"","jetpack_sharing_enabled":true,"jetpack_shortlink":"https:\/\/wp.me\/p6Znca-kS","jetpack-related-posts":[{"id":459,"url":"https:\/\/stichelstube.capricorna.de\/wordpress\/2008\/11\/09\/wieder-kein-bild\/","url_meta":{"origin":1294,"position":0},"title":"Wieder kein Bild&#8230;","author":"Kerstin","date":"9. November 2008","format":false,"excerpt":"... aber fertig isses! :D F\u00fcr das Geschenk f\u00fcr meine Nichte, ein Bademantel, habe ich dann einen wirklich sch\u00f6nen Stoff bei kleinkariert in Hamburg gefunden, und da ich alle Fehler ja schon gemacht hatte, klappte das N\u00e4hen beim zweiten Mal auf Anhieb. Ich bin sehr begeistert vom Ergebnis, habe aber\u2026","rel":"","context":"In &quot;Allgemein&quot;","block_context":{"text":"Allgemein","link":"https:\/\/stichelstube.capricorna.de\/wordpress\/category\/allgemein\/"},"img":{"alt_text":"","src":"","width":0,"height":0},"classes":[]},{"id":165,"url":"https:\/\/stichelstube.capricorna.de\/wordpress\/2004\/11\/17\/165\/","url_meta":{"origin":1294,"position":1},"title":"Heute war ich mit Ulli\u2026","author":"Kerstin","date":"17. November 2004","format":false,"excerpt":"Heute war ich mit Ulli im \"Lightcabin\", dem Patchwork-Laden in H\u00fcrth. Ein wahrhaft \u00fcberw\u00e4ltigender Laden! Die Auswahl an Stoffen ist riesig - okay, es ist der erste Patchwork-Laden, den ich in natura gesehen habe, aber trotzdem... ;-) Hunderte von wundersch\u00f6nen Stoffen, sehr \u00fcbersichtlich aufgestellt, thematisch sortiert, und dann nach Farben;\u2026","rel":"","context":"In &quot;Allgemein&quot;","block_context":{"text":"Allgemein","link":"https:\/\/stichelstube.capricorna.de\/wordpress\/category\/allgemein\/"},"img":{"alt_text":"","src":"","width":0,"height":0},"classes":[]},{"id":328,"url":"https:\/\/stichelstube.capricorna.de\/wordpress\/2007\/01\/20\/locken-los\/","url_meta":{"origin":1294,"position":2},"title":"Locken-los","author":"Kerstin","date":"20. Januar 2007","format":false,"excerpt":"Heute habe ich es endlich geschafft, meine Ovi zum H\u00e4ndler zu bringen. Beim letzten N\u00e4h-Versuch vor ein paar Tagen hat die linke Nadel wieder nur Fehlstiche produziert. Ich habe wieder einige Sachen ausprobiert, neue Nadel, neues Garn, unterschiedliche Stiche - immer neu eingef\u00e4delt nat\u00fcrlich - auf unterschiedlichem Stoff, aber jedes\u2026","rel":"","context":"In &quot;Allgemein&quot;","block_context":{"text":"Allgemein","link":"https:\/\/stichelstube.capricorna.de\/wordpress\/category\/allgemein\/"},"img":{"alt_text":"","src":"","width":0,"height":0},"classes":[]},{"id":317,"url":"https:\/\/stichelstube.capricorna.de\/wordpress\/2006\/10\/22\/ufo-flotte\/","url_meta":{"origin":1294,"position":3},"title":"Ufo-Flotte","author":"Kerstin","date":"22. Oktober 2006","format":false,"excerpt":"Derzeit stapeln sich bei mir wieder die halbfertigen Teile...Meine schwarze Hose, die eigentlich letzte Woche schon fertig werden sollte, ist immer noch ohne S\u00e4ume und Kn\u00f6pfe.Dann hatte ich ja f\u00fcnf T-Shirts und Tops zugeschnitten, da fehlen auch noch die S\u00e4ume und Halsausschnitte.Meine halbfertige Jeans-Jacke h\u00e4ngt schon seit Wochen \u00fcber dem\u2026","rel":"","context":"In &quot;Ufo&quot;","block_context":{"text":"Ufo","link":"https:\/\/stichelstube.capricorna.de\/wordpress\/category\/ufo\/"},"img":{"alt_text":"","src":"","width":0,"height":0},"classes":[]},{"id":478,"url":"https:\/\/stichelstube.capricorna.de\/wordpress\/2008\/12\/30\/jahresendspurt\/","url_meta":{"origin":1294,"position":4},"title":"Jahresendspurt","author":"Kerstin","date":"30. Dezember 2008","format":false,"excerpt":"Kurz nach Weihnachten habe ich es heute endlich geschafft, meinen Tannenbaum fertig zu n\u00e4hen. :D Vor Weihnachten hat mich ein Virus f\u00fcr ein paar Tage flachgelegt, und dann fing schon unsere \"Deutschland-Tournee\" zu Freunden und Familie quer durchs Land an; da hatte ich einfach keine Zeit mehr zum N\u00e4hen gehabt,\u2026","rel":"","context":"In &quot;Allgemein&quot;","block_context":{"text":"Allgemein","link":"https:\/\/stichelstube.capricorna.de\/wordpress\/category\/allgemein\/"},"img":{"alt_text":"","src":"https:\/\/i0.wp.com\/www.capricorna.de\/naehen\/pics_fertig\/tannenbaum.jpg?resize=350%2C200","width":350,"height":200},"classes":[]},{"id":232,"url":"https:\/\/stichelstube.capricorna.de\/wordpress\/2005\/11\/01\/232\/","url_meta":{"origin":1294,"position":5},"title":"Puh, meine Stoffreste haben schon\u2026","author":"Kerstin","date":"1. November 2005","format":false,"excerpt":"Puh, meine Stoffreste haben schon wieder die H\u00f6he eines kleinen H\u00fcgels erreicht... Das letzte Mal hatte ich im Februar aussortiert. Wenn ich jetzt sehe, dass ich die wenigsten Reste im Laufe des vergangenen Jahres gebraucht habe, kann ich eigentlich direkt alles wegschmeissen. Ich werde noch einmal wirklich gnadenlos aussortieren m\u00fcssen...Heute\u2026","rel":"","context":"In &quot;Allgemein&quot;","block_context":{"text":"Allgemein","link":"https:\/\/stichelstube.capricorna.de\/wordpress\/category\/allgemein\/"},"img":{"alt_text":"","src":"","width":0,"height":0},"classes":[]}],"_links":{"self":[{"href":"https:\/\/stichelstube.capricorna.de\/wordpress\/wp-json\/wp\/v2\/posts\/1294","targetHints":{"allow":["GET"]}}],"collection":[{"href":"https:\/\/stichelstube.capricorna.de\/wordpress\/wp-json\/wp\/v2\/posts"}],"about":[{"href":"https:\/\/stichelstube.capricorna.de\/wordpress\/wp-json\/wp\/v2\/types\/post"}],"author":[{"embeddable":true,"href":"https:\/\/stichelstube.capricorna.de\/wordpress\/wp-json\/wp\/v2\/users\/2"}],"replies":[{"embeddable":true,"href":"https:\/\/stichelstube.capricorna.de\/wordpress\/wp-json\/wp\/v2\/comments?post=1294"}],"version-history":[{"count":2,"href":"https:\/\/stichelstube.capricorna.de\/wordpress\/wp-json\/wp\/v2\/posts\/1294\/revisions"}],"predecessor-version":[{"id":1296,"href":"https:\/\/stichelstube.capricorna.de\/wordpress\/wp-json\/wp\/v2\/posts\/1294\/revisions\/1296"}],"wp:attachment":[{"href":"https:\/\/stichelstube.capricorna.de\/wordpress\/wp-json\/wp\/v2\/media?parent=1294"}],"wp:term":[{"taxonomy":"category","embeddable":true,"href":"https:\/\/stichelstube.capricorna.de\/wordpress\/wp-json\/wp\/v2\/categories?post=1294"},{"taxonomy":"post_tag","embeddable":true,"href":"https:\/\/stichelstube.capricorna.de\/wordpress\/wp-json\/wp\/v2\/tags?post=1294"}],"curies":[{"name":"wp","href":"https:\/\/api.w.org\/{rel}","templated":true}]}}