{"id":1432,"date":"2017-06-23T11:00:52","date_gmt":"2017-06-23T09:00:52","guid":{"rendered":"http:\/\/stichelstube.capricorna.de\/wordpress\/?p=1432"},"modified":"2017-06-23T11:00:52","modified_gmt":"2017-06-23T09:00:52","slug":"kurz-und-schnell-maschine-rock","status":"publish","type":"post","link":"https:\/\/stichelstube.capricorna.de\/wordpress\/2017\/06\/23\/kurz-und-schnell-maschine-rock\/","title":{"rendered":"Kurz und schnell, Maschine + Rock"},"content":{"rendered":"<p>Ich geh\u00f6re ja nicht zu den Menschen, die schnell entschlossen durchs Leben gehen. Schon seit Jahren hatte ich \u00fcberlegt, meine Janome Cover, mit der ich irgendwie nie richtig warm geworden bin, gegen etwas anderes einzutauschen.<\/p>\n<p>Eigentlich h\u00e4tte ich n\u00e4mlich schon damals, in 2009, lieber eine babylock gehabt, hatte mich aber aus Vernunftgr\u00fcnden dagegen entschieden &#8211; aus finanzieller Vernunft. Aber so richtig aus dem Kopf gegangen ist mir die babylock die ganzen Jahre nicht und ich bin immer wieder online darum herum geschlichen&#8230;<\/p>\n<p>Neulich kamen dann zwei Dinge zusammen; zum einen f\u00fchlte ich finanziell eine gewisse Sicherheit und zum anderen schrieb mir eine Freundin, dass sie jetzt in einem N\u00e4hmaschinen-Laden arbeitet. (Wie cool ist das denn?!) Bei meinem Besuch dort habe ich dann auch noch ein ausf\u00fchrliches Gespr\u00e4ch mit dem Besitzer gef\u00fchrt, und dann anscheinend spontan, innerlich aber mit jahrelanger Vorarbeit, die BLCS mitgenommen. Und was soll ich sagen, ich habe es nicht bereut! \ud83d\ude42<\/p>\n<p><img data-recalc-dims=\"1\" loading=\"lazy\" decoding=\"async\" class=\"aligncenter size-full\" src=\"https:\/\/i0.wp.com\/capricorna.de\/naehen\/blogpics\/20170610_blcs.jpg?resize=600%2C593&#038;ssl=1\" width=\"600\" height=\"593\" \/><\/p>\n<p>Ich hatte auch lange \u00fcberlegt, ob es eine Kombi-Maschine sein soll, oder eine mit schicken Ziern\u00e4hten noch dazu, aber ich bin mit meiner Bernina 800 Overlock sehr zufrieden. Und ich bin nicht so der Typ f\u00fcr Verzierungen. Deswegen ist es jetzt dieses Arbeitstier geworden. Platz f\u00fcr zwei &#8211; also drei Maschinen insgesamt, mit der normalen N\u00e4hmaschine &#8211; habe ich gsd genug, und das &#8222;spart&#8220; das Umbauen (wobei ich noch nie Scheu vor dem Neu-Einf\u00e4deln hatte).<\/p>\n<p>Im direkten Vergleich mit der Janome musste ich mich nat\u00fcrlich ein wenig umgew\u00f6hnen. Das Einf\u00e4deln mit dem Jet-Air-System ist sehr anders &#8211; Knopf dr\u00fccken, Rad drehen, Hebel stellen. Viel mehr Handgriffe als bei der Janome, die ja wirklich extrem einfach einzuf\u00e4deln ist.<\/p>\n<p>Dass der Freiarm fehlt, kann ich verschmerzen; ich n\u00e4he haupts\u00e4chlich Kleidung f\u00fcr mich, da sind die S\u00e4ume weit genug. Und bei den Kindersachen habe ich auch bei der Janome schon lieber den N\u00e4hfu\u00df als &#8222;Freiarm&#8220; verwendet, also auf der Innenseite des Saums gen\u00e4ht.<\/p>\n<p>Der N\u00e4hfu\u00df selbst ist daf\u00fcr angenehm kurz und \u00fcbersichtlich. Bei der Janome hatte ich mir sofort den Klarsichtfu\u00df gekauft; hier hatte ich noch gar nicht das Bed\u00fcrfnis nach einem anderen Fu\u00df, weil er kleiner ist und die Markierungen sowohl am Fu\u00df als auch auf der Stichplatte und der Maschine sehr gut nutzbar sind. &#8211; Bei der Janome hatte ich mir die meist-gebrauchten Abst\u00e4nde auf Tesafilm mit Textmarker markiert, das ist hier nicht mehr n\u00f6tig.<\/p>\n<p>Der Durchlass ist sehr viel kleiner, aber auch hier: F\u00fcr einen handels\u00fcblichen Saum, und daf\u00fcr habe ich sie gekauft, wird das wohl ausreichen.<\/p>\n<p>Sehr praktisch finde ich das kleine Zubeh\u00f6r-Fach unter den rechten Garnrollen-Haltern, f\u00fcr Pinzette, Schraubendreher und Nadelhalter, das ich trotz gr\u00fcndlichem Studium der Bedienungsanleitung &#8211; ja, der Typ bin ich &#8211; eher durch Zufall gefunden habe. \ud83d\ude00<\/p>\n<p>Heute habe ich dann noch einen anderen alten Zopf abgeschnitten:<\/p>\n<p>Vor inzwischen zehn Jahren &#8211; huch! &#8211; hatte ich mir einen langen Rock mit einem auff\u00e4lligen schwarz-wei\u00dfen Muster gen\u00e4ht:<\/p>\n<p><img data-recalc-dims=\"1\" loading=\"lazy\" decoding=\"async\" class=\"aligncenter size-full\" src=\"https:\/\/i0.wp.com\/capricorna.de\/naehen\/pics_fertig\/20170623_swrock_lang.jpg?resize=480%2C867&#038;ssl=1\" width=\"480\" height=\"867\" \/><\/p>\n<p>Dummerweise hatte ich den aber, nach dem ersten Sommer, so gut wie nie mehr getragen. Trotzdem hat er es geschafft, meine Ausmist-Aktionen immer zu \u00fcberstehen, weil er fast perfekt passt (er beruht auf meinem Ma\u00dfschnitt aus dem Konstruktions-Kurs) und weil ich ihn eigentlich gerne mochte. Und ich nehme mir ja st\u00e4ndig vor, mehr R\u00f6cke zu tragen.<\/p>\n<p>Aber so ein langer Rock ist nicht die beste Wahl bei meiner &#8222;Gr\u00f6\u00dfe&#8220; von 1,64 m, und zum Radfahren, was ich im Sommer auf dem Weg zur Arbeit ja sehr oft mache, auch irgendwie unpraktisch. (Ja, ich wei\u00df, dass einige Leute damit kein Problem haben. Ich mag es aber trotzdem nicht. Punkt.)<\/p>\n<p>Auch hier hatte ich schon sehr lange mit dem Gedanken gespielt, den vielleicht zu k\u00fcrzen. Und da ich gerade die Cover hier fertig eingef\u00e4delt mit wei\u00dfem Garn stehen habe und der Sommer endlich auch hier angekommen ist, habe ich den gerade mal abgesteckt und neu ges\u00e4umt. Jetzt bin ich sehr zufrieden damit und das Muster endet auch an einer guten Stelle, gl\u00fccklicherweise:<\/p>\n<p><img data-recalc-dims=\"1\" loading=\"lazy\" decoding=\"async\" class=\"aligncenter size-full\" src=\"https:\/\/i0.wp.com\/capricorna.de\/naehen\/pics_fertig\/20170623_swrock_kurz.jpg?resize=322%2C547&#038;ssl=1\" width=\"322\" height=\"547\" \/><\/p>\n<p>Ich hoffe, in der Form wird er jetzt h\u00e4ufiger getragen. Wenn nicht, kommt er doch mal weg&#8230; \ud83d\ude09<\/p>\n<p>Der Rock ist \u00fcbrigens aus einem St\u00fcck Stoff und hat nur in der hinteren Mitte eine Naht; au\u00dferdem zwei l\u00e4ngere Abn\u00e4her an den Seiten und je zwei kurze vorne und hinten.<\/p>\n","protected":false},"excerpt":{"rendered":"<p>Ich geh\u00f6re ja nicht zu den Menschen, die schnell entschlossen durchs Leben gehen. Schon seit Jahren hatte ich \u00fcberlegt, meine Janome Cover, mit der ich irgendwie nie richtig warm geworden bin, gegen etwas anderes einzutauschen. Eigentlich h\u00e4tte ich n\u00e4mlich schon damals, in 2009, lieber eine babylock gehabt, hatte mich aber aus Vernunftgr\u00fcnden dagegen entschieden &#8211; &hellip; <a href=\"https:\/\/stichelstube.capricorna.de\/wordpress\/2017\/06\/23\/kurz-und-schnell-maschine-rock\/\" class=\"more-link\"><span class=\"screen-reader-text\">\u201eKurz und schnell, Maschine + Rock\u201c <\/span>weiterlesen<\/a><\/p>\n","protected":false},"author":2,"featured_media":0,"comment_status":"open","ping_status":"open","sticky":false,"template":"","format":"standard","meta":{"jetpack_post_was_ever_published":false,"_jetpack_newsletter_access":"","_jetpack_dont_email_post_to_subs":false,"_jetpack_newsletter_tier_id":0,"_jetpack_memberships_contains_paywalled_content":false,"_jetpack_memberships_contains_paid_content":false,"footnotes":"","jetpack_publicize_message":"","jetpack_publicize_feature_enabled":true,"jetpack_social_post_already_shared":true,"jetpack_social_options":{"image_generator_settings":{"template":"highway","default_image_id":0,"font":"","enabled":false},"version":2}},"categories":[1,5,19],"tags":[],"class_list":["post-1432","post","type-post","status-publish","format-standard","hentry","category-allgemein","category-fertig","category-reduce-reuse-recycle"],"jetpack_publicize_connections":[],"jetpack_featured_media_url":"","jetpack_sharing_enabled":true,"jetpack_shortlink":"https:\/\/wp.me\/p6Znca-n6","jetpack-related-posts":[{"id":1214,"url":"https:\/\/stichelstube.capricorna.de\/wordpress\/2015\/07\/15\/fix-zusammengeruehrt\/","url_meta":{"origin":1432,"position":0},"title":"Fix zusammenger\u00fchrt","author":"Kerstin","date":"15. Juli 2015","format":false,"excerpt":"Ein schnelles, kleines Projekt, das mir v\u00f6llig ungeplant zwischen die Finger kam, ist diese einfache Abdeck-Haube f\u00fcr unsere K\u00fcchenmaschine. Eigentlich hatte ich den Hamburger Stoffladen \"Fadenlauf\", den ich noch nicht kannte, aufgesucht, um mich \u00fcber die N\u00e4hm\u00f6bel von Rauschenberger n\u00e4her zu informieren. Nach dem ausf\u00fchrlichen Gespr\u00e4ch, f\u00fcr das der engagierte\u2026","rel":"","context":"In &quot;Fertig&quot;","block_context":{"text":"Fertig","link":"https:\/\/stichelstube.capricorna.de\/wordpress\/category\/fertig\/"},"img":{"alt_text":"","src":"https:\/\/i0.wp.com\/www.capricorna.de\/naehen\/pics_fertig\/20150715_mixerhaube.jpg?resize=350%2C200","width":350,"height":200},"classes":[]},{"id":252,"url":"https:\/\/stichelstube.capricorna.de\/wordpress\/2006\/02\/07\/252\/","url_meta":{"origin":1432,"position":1},"title":"Jetzt habe ich meine Ovi\u2026","author":"Kerstin","date":"7. Februar 2006","format":false,"excerpt":"Jetzt habe ich meine Ovi gerade mal zwei Wochen, und m\u00f6chte sie schon nicht mehr missen! :-DKaum vorstellbar, dass ich fr\u00fcher immer gedacht hatte, sowas br\u00e4uchte ich nicht... *g*Es ist so einfach und schnell geworden, dehnbare Stoffe zu n\u00e4hen... und der Differentialtransport ist unbezahlbar!Ich muss allerdings sagen, dass die Gebrauchsanleitung\u2026","rel":"","context":"In &quot;Allgemein&quot;","block_context":{"text":"Allgemein","link":"https:\/\/stichelstube.capricorna.de\/wordpress\/category\/allgemein\/"},"img":{"alt_text":"","src":"","width":0,"height":0},"classes":[]},{"id":1177,"url":"https:\/\/stichelstube.capricorna.de\/wordpress\/2015\/01\/11\/schon-wieder-vorbei\/","url_meta":{"origin":1432,"position":2},"title":"schon wieder vorbei?!","author":"Kerstin","date":"11. Januar 2015","format":false,"excerpt":"Das Jahr 2014... kann doch nicht sein?! Ist aber so. Und damit nehme ich mir mal ein bisschen Zeit, um einen Blick zur\u00fcck zu werfen. Gef\u00fchlt habe ich letztes Jahr nicht so viel geschafft; meine Bandscheiben-OP im Fr\u00fchjahr 2014 hat mich l\u00e4ngere Zeit au\u00dfer Gefecht gesetzt, und wie schon in\u2026","rel":"","context":"In &quot;Allgemein&quot;","block_context":{"text":"Allgemein","link":"https:\/\/stichelstube.capricorna.de\/wordpress\/category\/allgemein\/"},"img":{"alt_text":"","src":"https:\/\/i0.wp.com\/www.capricorna.de\/naehen\/pics_knit\/20140307_owls_1.jpg?resize=350%2C200","width":350,"height":200},"classes":[]},{"id":663,"url":"https:\/\/stichelstube.capricorna.de\/wordpress\/2009\/12\/27\/klein-und-warm\/","url_meta":{"origin":1432,"position":3},"title":"Klein und warm","author":"Kerstin","date":"27. Dezember 2009","format":false,"excerpt":"Noch schnell gen\u00e4ht vor Jahresende: Eine W\u00e4rmflaschenh\u00fclle Vor ein paar Wochen hatte ich eine l\u00e4ngere Zeit ziemliche R\u00fccken- und Nackenschmerzen, und da ich nicht der Typ bin, der gerne Tabletten frisst, verwende ich lieber wohlige W\u00e4rme. Ich habe eine Kuscheltier-W\u00e4rmflasche von fashy in Form eines B\u00e4ren, aber der dicke Kopf\u2026","rel":"","context":"In &quot;Fertig&quot;","block_context":{"text":"Fertig","link":"https:\/\/stichelstube.capricorna.de\/wordpress\/category\/fertig\/"},"img":{"alt_text":"","src":"https:\/\/i0.wp.com\/www.capricorna.de\/naehen\/pics_fertig\/waermflaschenhuelle.jpg?resize=350%2C200","width":350,"height":200},"classes":[]},{"id":2243,"url":"https:\/\/stichelstube.capricorna.de\/wordpress\/2023\/03\/19\/10-auf-einen-streich\/","url_meta":{"origin":1432,"position":4},"title":"10 auf einen Streich!","author":"Kerstin","date":"19. M\u00e4rz 2023","format":false,"excerpt":"Okay, es war nicht nur ein Streich, sondern hat drei Wochen gedauert. Aber das Soll f\u00fcr dieses Jahr habe ich damit - rein technisch - erf\u00fcllt. \ud83d\ude01 Und Spa\u00df gemacht hat es auch! Meine Freunde und Bekannten kommen aus allen Altersgruppen, und ab und zu vermehren sie sich sogar -\u2026","rel":"","context":"In &quot;Fertig&quot;","block_context":{"text":"Fertig","link":"https:\/\/stichelstube.capricorna.de\/wordpress\/category\/fertig\/"},"img":{"alt_text":"","src":"","width":0,"height":0},"classes":[]},{"id":813,"url":"https:\/\/stichelstube.capricorna.de\/wordpress\/2011\/05\/20\/gluckstreffer-oder-dauerlosung\/","url_meta":{"origin":1432,"position":5},"title":"Gl\u00fcckstreffer oder Dauerl\u00f6sung?","author":"Kerstin","date":"20. Mai 2011","format":false,"excerpt":"Endlich mal wieder ein fertiges Kleidungsst\u00fcck; ich habe gef\u00fchlt seit Monaten nichts mehr zum Anziehen gen\u00e4ht. Aber meine Stoffberge wachsen mir jetzt so langsam \u00fcber den Kopf, so dass wieder mal dringend Abbau angesagt ist. Au\u00dferdem hab ich vor zwei Wochen einen gro\u00dfen Sack Klamotten aus meinem Kleiderschrank aussortiert und\u2026","rel":"","context":"In &quot;Fertig&quot;","block_context":{"text":"Fertig","link":"https:\/\/stichelstube.capricorna.de\/wordpress\/category\/fertig\/"},"img":{"alt_text":"","src":"https:\/\/i0.wp.com\/www.capricorna.de\/naehen\/pics_fertig\/shirt_swringel.jpg?resize=350%2C200","width":350,"height":200},"classes":[]}],"_links":{"self":[{"href":"https:\/\/stichelstube.capricorna.de\/wordpress\/wp-json\/wp\/v2\/posts\/1432","targetHints":{"allow":["GET"]}}],"collection":[{"href":"https:\/\/stichelstube.capricorna.de\/wordpress\/wp-json\/wp\/v2\/posts"}],"about":[{"href":"https:\/\/stichelstube.capricorna.de\/wordpress\/wp-json\/wp\/v2\/types\/post"}],"author":[{"embeddable":true,"href":"https:\/\/stichelstube.capricorna.de\/wordpress\/wp-json\/wp\/v2\/users\/2"}],"replies":[{"embeddable":true,"href":"https:\/\/stichelstube.capricorna.de\/wordpress\/wp-json\/wp\/v2\/comments?post=1432"}],"version-history":[{"count":1,"href":"https:\/\/stichelstube.capricorna.de\/wordpress\/wp-json\/wp\/v2\/posts\/1432\/revisions"}],"predecessor-version":[{"id":1433,"href":"https:\/\/stichelstube.capricorna.de\/wordpress\/wp-json\/wp\/v2\/posts\/1432\/revisions\/1433"}],"wp:attachment":[{"href":"https:\/\/stichelstube.capricorna.de\/wordpress\/wp-json\/wp\/v2\/media?parent=1432"}],"wp:term":[{"taxonomy":"category","embeddable":true,"href":"https:\/\/stichelstube.capricorna.de\/wordpress\/wp-json\/wp\/v2\/categories?post=1432"},{"taxonomy":"post_tag","embeddable":true,"href":"https:\/\/stichelstube.capricorna.de\/wordpress\/wp-json\/wp\/v2\/tags?post=1432"}],"curies":[{"name":"wp","href":"https:\/\/api.w.org\/{rel}","templated":true}]}}