{"id":1568,"date":"2018-10-18T22:25:46","date_gmt":"2018-10-18T20:25:46","guid":{"rendered":"http:\/\/stichelstube.capricorna.de\/wordpress\/?p=1568"},"modified":"2018-10-18T22:28:14","modified_gmt":"2018-10-18T20:28:14","slug":"loblied-auf-meine-handtasche","status":"publish","type":"post","link":"https:\/\/stichelstube.capricorna.de\/wordpress\/2018\/10\/18\/loblied-auf-meine-handtasche\/","title":{"rendered":"Loblied auf meine Handtasche"},"content":{"rendered":"<p><img data-recalc-dims=\"1\" loading=\"lazy\" decoding=\"async\" class=\"aligncenter size-full\" src=\"https:\/\/i0.wp.com\/www.capricorna.de\/naehen\/pics_fertig\/20181018_dany_1.jpg?resize=475%2C500\" width=\"475\" height=\"500\" \/><\/p>\n<p>\u00dcber die Entstehung meiner neuen Handtasche hatte ich ja bereits einmal kurz\u00a0<a href=\"https:\/\/stichelstube.capricorna.de\/wordpress\/2018\/05\/01\/erfolgserlebnis\/\" target=\"_blank\" rel=\"noopener\">berichtet<\/a>. Wenige Tage sp\u00e4ter ist die Tasche dann auch fertig geworden, und seitdem ist sie im Dauereinsatz. Und ich muss sagen, bislang ist das die beste Handtasche, die ich je hatte.<\/p>\n<p>\u00dcber die Handtaschen von Frauen und ihre unermessliche Tiefe ist ja bereits viel geschrieben worden. Und dieses Modell erf\u00fcllt alle damit verbundenen Erwartungen &#8211; sie ist einer Mary Poppins w\u00fcrdig und macht Truhe von Rincewind Konkurrenz! Mit ihren f\u00fcnf Au\u00dfentaschen und dem \u00e4u\u00dferst ger\u00e4umigen Hauptteil bietet diese Tasche soviel Platz wie keine andere. Und die Proportion bleibt trotzdem im Rahmen &#8211; das Bodenteil aus Leder misst 29 x 10 cm.<\/p>\n<p><img data-recalc-dims=\"1\" loading=\"lazy\" decoding=\"async\" class=\"aligncenter size-full\" src=\"https:\/\/i0.wp.com\/www.capricorna.de\/naehen\/pics_fertig\/20181018_dany_3.jpg?resize=674%2C500\" width=\"674\" height=\"500\" \/><\/p>\n<p>Am interessantesten finde ich die zwei L\u00e4ngstaschen mit Rei\u00dfverschluss an der Vorderseite; eine links, eine rechts vorne. Die Konstruktion ist genial, der verdeckte RV l\u00e4sst das Ganze edel wirken; trotzdem sind sie leicht zug\u00e4nglich und \u00fcberraschend ger\u00e4umig. &#8211; Die zwei Au\u00dfentaschen an den Seiten erkennt man ebenfalls erst auf den zweiten Blick anhand der roten Paspeln an den oberen Kanten; sie sind tief genug, um dort sicher etwas verstauen zu k\u00f6nnen, und auch diese sind gef\u00fchlt innen gr\u00f6\u00dfer als au\u00dfen. &#8211; Gut geeignet f\u00fcr flache Papiere, Karten etc. ist die gro\u00dfe Rei\u00dfverschluss-Tasche auf der R\u00fcckseite (wei\u00df).<\/p>\n<p><img data-recalc-dims=\"1\" loading=\"lazy\" decoding=\"async\" class=\"aligncenter size-full\" src=\"https:\/\/i0.wp.com\/www.capricorna.de\/naehen\/pics_fertig\/20181018_dany_2.jpg?resize=375%2C500\" width=\"375\" height=\"500\" \/><\/p>\n<p>Die Schnallen am Lederband sind zwar funktionst\u00fcchtig, aber weil das Band an der oberen Taschenkante festgesteppt ist, haben beide keine tragende Funktion, sondern dienen eher der Zierde (und ein wenig dem Schutz vor dem Hineingreifen in die seitlichen F\u00e4cher), und das \u00e4u\u00dferst gelungen, finde ich.<\/p>\n<p>Die Haupttasche selbst wird auch mit einem Rei\u00dfverschluss gesichert; da ich mich jeden Tag lange im \u00d6PNV bewege, ist es mir wichtig, eine Tasche zu haben, in die keiner einfach so hineingreifen kann.<\/p>\n<p>Der Tragegurt ist kurz genug, um sie in der Hand zu halten, ohne dass sie \u00fcber den Boden schleift, und lang genug, um sie bequem \u00fcber der Schulter zu tragen und notfalls auch \u00fcber den Kopf zu ziehen, f\u00fcr noch mehr Sicherheit. Ich finde tats\u00e4chlich nichts, was mir an dieser Tasche nicht gef\u00e4llt.<\/p>\n<p>Die Anleitung ist vorbildlich &#8211; sehr ausf\u00fchrlich, gr\u00fcndlich, dabei leicht verst\u00e4ndlich, und gut bebildert. Nicht unbedingt f\u00fcr blutige Anf\u00e4nger geeignet, und ich selber habe bei den seitlichen Taschen zun\u00e4chst ger\u00e4tselt, aber ich habe der Anleitung vertraut, mich Schritt f\u00fcr Schritt daran gehalten, und habe das gew\u00fcnschte Ergebnis erzielt. Definitiv eine der besten Online-Quellen f\u00fcr gute, durchdachte Taschenschnitte!<\/p>\n<p>Der Stoff ist ein Deko-Stoff aus der Vorhang-Abteilung von <a href=\"https:\/\/www.mahlerstoffe.de\/\" target=\"_blank\" rel=\"noopener\">Mahler Stoffe<\/a>; ich habe ihn ohne Verst\u00e4rkung verwendet, und nur den Futterstoff mit einer d\u00fcnnen Vlieseline beb\u00fcgelt. S\u00e4mtliches Zubeh\u00f6r, die Schnallen, Rei\u00dfverschl\u00fcsse, Ringe, Kordel, Lederteile, habe ich zusammen mit dem Schnittmuster bei <a href=\"https:\/\/www.machwerk-shop.de\/\" target=\"_blank\" rel=\"noopener\">Machwerk<\/a> eingekauft. Ein Rest rote Baumwoll-Paspel und rotes Satinband aus meinem Bestand komplettieren den klassischen Look. Ich war selten so zufrieden mit einem Teil, und hoffe, dass sie mich sehr lange begleiten wird!<\/p>\n","protected":false},"excerpt":{"rendered":"<p>\u00dcber die Entstehung meiner neuen Handtasche hatte ich ja bereits einmal kurz\u00a0berichtet. Wenige Tage sp\u00e4ter ist die Tasche dann auch fertig geworden, und seitdem ist sie im Dauereinsatz. Und ich muss sagen, bislang ist das die beste Handtasche, die ich je hatte. \u00dcber die Handtaschen von Frauen und ihre unermessliche Tiefe ist ja bereits viel &hellip; <a href=\"https:\/\/stichelstube.capricorna.de\/wordpress\/2018\/10\/18\/loblied-auf-meine-handtasche\/\" class=\"more-link\"><span class=\"screen-reader-text\">\u201eLoblied auf meine Handtasche\u201c <\/span>weiterlesen<\/a><\/p>\n","protected":false},"author":2,"featured_media":0,"comment_status":"open","ping_status":"open","sticky":false,"template":"","format":"standard","meta":{"jetpack_post_was_ever_published":false,"_jetpack_newsletter_access":"","_jetpack_dont_email_post_to_subs":false,"_jetpack_newsletter_tier_id":0,"_jetpack_memberships_contains_paywalled_content":false,"_jetpack_memberships_contains_paid_content":false,"footnotes":"","jetpack_publicize_message":"","jetpack_publicize_feature_enabled":true,"jetpack_social_post_already_shared":true,"jetpack_social_options":{"image_generator_settings":{"template":"highway","default_image_id":0,"font":"","enabled":false},"version":2}},"categories":[4,5],"tags":[],"class_list":["post-1568","post","type-post","status-publish","format-standard","hentry","category-accessoires","category-fertig"],"jetpack_publicize_connections":[],"jetpack_featured_media_url":"","jetpack_sharing_enabled":true,"jetpack_shortlink":"https:\/\/wp.me\/p6Znca-pi","jetpack-related-posts":[{"id":1031,"url":"https:\/\/stichelstube.capricorna.de\/wordpress\/2013\/10\/12\/gegen-das-chaos-in-der-handtasche\/","url_meta":{"origin":1568,"position":0},"title":"Gegen das Chaos in der Handtasche","author":"Kerstin","date":"12. Oktober 2013","format":false,"excerpt":"oder: Blau, blau, blau, sind alle meine Zaubert\u00e4schchen! Nachdem der erste Versuch mit dem Zaubert\u00e4schchen so gut geklappt hatte, habe ich mir heute drei weitere Versionen aus sch\u00f6nerem Stoff angefertigt. Es sind alles Reststoffe von fertiger Kleidung; zuf\u00e4llig auch drei meiner Lieblingsst\u00fccke. Verschluss ebenfalls wieder mit je zwei KamSnaps. Ich\u2026","rel":"","context":"In &quot;Fertig&quot;","block_context":{"text":"Fertig","link":"https:\/\/stichelstube.capricorna.de\/wordpress\/category\/fertig\/"},"img":{"alt_text":"","src":"https:\/\/i0.wp.com\/www.capricorna.de\/naehen\/pics_fertig\/20131012_ztaschen.jpg?resize=350%2C200","width":350,"height":200},"classes":[]},{"id":1013,"url":"https:\/\/stichelstube.capricorna.de\/wordpress\/2013\/09\/22\/zauberhaft-einfach\/","url_meta":{"origin":1568,"position":1},"title":"Zauberhaft einfach","author":"Kerstin","date":"22. September 2013","format":false,"excerpt":"sind die Zaubert\u00e4schchen herzustellen, die inzwischen vermutlich jede Hobbyschneiderin auf diesem Planeten schon mal gemacht hat, bis auf mich. Letzten Sonntag dann sah ich Tilli \u00fcber die Schulter, als sie beim N\u00e4htreff jemandem die Herstellung erkl\u00e4rte, und da ich gerade auf der Suche nach einer kleinen Tasche f\u00fcr die Handtasche\u2026","rel":"","context":"In &quot;Fertig&quot;","block_context":{"text":"Fertig","link":"https:\/\/stichelstube.capricorna.de\/wordpress\/category\/fertig\/"},"img":{"alt_text":"","src":"https:\/\/i0.wp.com\/www.capricorna.de\/naehen\/pics_fertig\/20130920_zaubertasche_2.jpg?resize=350%2C200","width":350,"height":200},"classes":[]},{"id":1146,"url":"https:\/\/stichelstube.capricorna.de\/wordpress\/2014\/09\/01\/schlachtfest\/","url_meta":{"origin":1568,"position":2},"title":"Schlachtfest","author":"Kerstin","date":"1. September 2014","format":false,"excerpt":"Oder: Ich war eine Handtasche... ... und beabsichtige, wieder zu einer zu werden. Meine sch\u00f6ne Handtasche, die ich mir vor ziemlich genau zwei Jahren nach dem Vorbild einer Kauf-Tasche gen\u00e4ht habe, hat sich im Alltag leider als teilweise untauglich erwiesen. Der schwarz-wei\u00dfe Boucl\u00e9 hat in Verbindung mit meinem Wintermantel sehr\u2026","rel":"","context":"In &quot;Allgemein&quot;","block_context":{"text":"Allgemein","link":"https:\/\/stichelstube.capricorna.de\/wordpress\/category\/allgemein\/"},"img":{"alt_text":"","src":"https:\/\/i0.wp.com\/www.capricorna.de\/naehen\/blogpics\/20140901_extasche.jpg?resize=350%2C200","width":350,"height":200},"classes":[]},{"id":157,"url":"https:\/\/stichelstube.capricorna.de\/wordpress\/2004\/10\/05\/157\/","url_meta":{"origin":1568,"position":3},"title":"Nachdem am Montag unser N\u00e4hkurs\u2026","author":"Kerstin","date":"5. Oktober 2004","format":false,"excerpt":"Nachdem am Montag unser N\u00e4hkurs kurzfristig ausgefallen war, habe ich den Abend trotzdem zum N\u00e4hen genutzt. Ich habe aus einem der Patchworkstoffe von eQuilter.com eine einfache Einkaufstasche gemacht: Naja, so nullachtfuffzehn ist sie nat\u00fcrlich nicht, denn ich habe zwei verschieden lange Henkelpaare gemacht. Vor einiger Zeit bekam ich einen dieser\u2026","rel":"","context":"In &quot;Allgemein&quot;","block_context":{"text":"Allgemein","link":"https:\/\/stichelstube.capricorna.de\/wordpress\/category\/allgemein\/"},"img":{"alt_text":"","src":"","width":0,"height":0},"classes":[]},{"id":1489,"url":"https:\/\/stichelstube.capricorna.de\/wordpress\/2018\/01\/27\/dreieinhalb-jahre-spaeter\/","url_meta":{"origin":1568,"position":4},"title":"Dreieinhalb Jahre sp\u00e4ter&#8230;","author":"Kerstin","date":"27. Januar 2018","format":false,"excerpt":"Hier mal wieder ein Beitrag aus der Reihe \"erfolgreiches Prokrastinieren leichtgemacht\". Aus diesem sch\u00f6nen Stoff hatte ich mir bereits einen Monat nach dem Kauf im September 2014 eine sehr sch\u00f6ne Handtasche gemacht, die ich die letzten drei Jahre benutzt habe. Bereits beim Kauf hatte ich die Idee, daraus auch Tischsets\u2026","rel":"","context":"In &quot;Fertig&quot;","block_context":{"text":"Fertig","link":"https:\/\/stichelstube.capricorna.de\/wordpress\/category\/fertig\/"},"img":{"alt_text":"","src":"https:\/\/i0.wp.com\/capricorna.de\/naehen\/pics_fertig\/20180127_tischsets.jpg?resize=350%2C200&ssl=1","width":350,"height":200,"srcset":"https:\/\/i0.wp.com\/capricorna.de\/naehen\/pics_fertig\/20180127_tischsets.jpg?resize=350%2C200&ssl=1 1x, https:\/\/i0.wp.com\/capricorna.de\/naehen\/pics_fertig\/20180127_tischsets.jpg?resize=525%2C300&ssl=1 1.5x"},"classes":[]},{"id":1156,"url":"https:\/\/stichelstube.capricorna.de\/wordpress\/2014\/09\/25\/primaballerina-taeschchen\/","url_meta":{"origin":1568,"position":5},"title":"Primaballerina-T\u00e4schchen","author":"Kerstin","date":"25. September 2014","format":false,"excerpt":"Man soll es nicht glauben, aber dieser kleine Kulturbeutel hat mich einige Nerven gekostet. Oben im Bild seht ihr vorne das \"Original\"; ein Give-away einer nicht n\u00e4her genannten Bekleidungsmarke. Diese kleine Tasche habe ich nun schon einige Monate als Kulturbeutel im Gebrauch. Die Gr\u00f6\u00dfe reichte so gerade eben aus, aber\u2026","rel":"","context":"In &quot;Fertig&quot;","block_context":{"text":"Fertig","link":"https:\/\/stichelstube.capricorna.de\/wordpress\/category\/fertig\/"},"img":{"alt_text":"","src":"https:\/\/i0.wp.com\/www.capricorna.de\/naehen\/blogpics\/20140917_kulturbeutelchen_3.jpg?resize=350%2C200","width":350,"height":200},"classes":[]}],"_links":{"self":[{"href":"https:\/\/stichelstube.capricorna.de\/wordpress\/wp-json\/wp\/v2\/posts\/1568","targetHints":{"allow":["GET"]}}],"collection":[{"href":"https:\/\/stichelstube.capricorna.de\/wordpress\/wp-json\/wp\/v2\/posts"}],"about":[{"href":"https:\/\/stichelstube.capricorna.de\/wordpress\/wp-json\/wp\/v2\/types\/post"}],"author":[{"embeddable":true,"href":"https:\/\/stichelstube.capricorna.de\/wordpress\/wp-json\/wp\/v2\/users\/2"}],"replies":[{"embeddable":true,"href":"https:\/\/stichelstube.capricorna.de\/wordpress\/wp-json\/wp\/v2\/comments?post=1568"}],"version-history":[{"count":3,"href":"https:\/\/stichelstube.capricorna.de\/wordpress\/wp-json\/wp\/v2\/posts\/1568\/revisions"}],"predecessor-version":[{"id":1571,"href":"https:\/\/stichelstube.capricorna.de\/wordpress\/wp-json\/wp\/v2\/posts\/1568\/revisions\/1571"}],"wp:attachment":[{"href":"https:\/\/stichelstube.capricorna.de\/wordpress\/wp-json\/wp\/v2\/media?parent=1568"}],"wp:term":[{"taxonomy":"category","embeddable":true,"href":"https:\/\/stichelstube.capricorna.de\/wordpress\/wp-json\/wp\/v2\/categories?post=1568"},{"taxonomy":"post_tag","embeddable":true,"href":"https:\/\/stichelstube.capricorna.de\/wordpress\/wp-json\/wp\/v2\/tags?post=1568"}],"curies":[{"name":"wp","href":"https:\/\/api.w.org\/{rel}","templated":true}]}}