{"id":1738,"date":"2020-03-24T16:46:36","date_gmt":"2020-03-24T15:46:36","guid":{"rendered":"http:\/\/stichelstube.capricorna.de\/wordpress\/?p=1738"},"modified":"2020-03-24T16:46:36","modified_gmt":"2020-03-24T15:46:36","slug":"kleiner-gluecksbringer","status":"publish","type":"post","link":"https:\/\/stichelstube.capricorna.de\/wordpress\/2020\/03\/24\/kleiner-gluecksbringer\/","title":{"rendered":"Kleiner Gl\u00fccksbringer"},"content":{"rendered":"\n<figure class=\"wp-block-image size-large\"><img data-recalc-dims=\"1\" decoding=\"async\" src=\"https:\/\/i0.wp.com\/www.capricorna.de\/naehen\/pics_fertig\/20200324_schluesselband.jpg?w=840\" alt=\"\"\/><\/figure>\n\n\n\n<p class=\"has-background has-light-blue-background-color\">Dass Handarbeit gl\u00fccklich macht und gesund ist, brauche ich den Lesern dieses blogs ja nicht zu erz\u00e4hlen. Alle anderen gucken <a rel=\"noreferrer noopener\" aria-label=\"hier (opens in a new tab)\" href=\"https:\/\/www.wirtschaftspsychologie-aktuell.de\/lernen\/lernen-20150219-ann-futterman-collier-handarbeit-verjuengt.html\" target=\"_blank\">hier<\/a> oder <a rel=\"noreferrer noopener\" aria-label=\"hier (opens in a new tab)\" href=\"https:\/\/www.amazon.de\/Mit-Stricken-gesund-gl\u00fccklich-werden\/dp\/3772464386\/\" target=\"_blank\">hier<\/a> oder <a rel=\"noreferrer noopener\" aria-label=\"hier (opens in a new tab)\" href=\"https:\/\/www.projektsinnvoll.com\/de\/\" target=\"_blank\">hier<\/a> oder <a rel=\"noreferrer noopener\" aria-label=\"hier (opens in a new tab)\" href=\"https:\/\/www.psychologie-heute.de\/gesundheit\/39673-losgeloest-im-flow-der-nadeln\/volltext.html\" target=\"_blank\">hier<\/a> oder <a rel=\"noreferrer noopener\" aria-label=\"hier (opens in a new tab)\" href=\"https:\/\/bessergesundleben.de\/warum-ist-handarbeiten-gut-fuers-gehirn\/\" target=\"_blank\">hier<\/a> oder <a rel=\"noreferrer noopener\" aria-label=\"hier (opens in a new tab)\" href=\"https:\/\/initiative-handarbeit.de\/presse\/der-spass-am-selbermachen-was-handarbeits-fans-antreibt\/\" target=\"_blank\">hier<\/a> oder <a rel=\"noreferrer noopener\" aria-label=\"hier (opens in a new tab)\" href=\"https:\/\/magazin.makerist.de\/diy\/makerist-studie-zum-thema-handarbeit-und-wohlbefinden\/\" target=\"_blank\">hier<\/a>&#8230; ihr versteht schon, nicht? \ud83d\ude09<\/p>\n\n\n\n<p>Und obwohl ich diese Tatsache bezeugen kann, kann ich mich schon gar nicht mehr daran erinnern, wann ich das letzte Mal an der N\u00e4hmaschine gesessen habe. Mein blog verr\u00e4t mir aber, dass es im Januar gewesen sein muss, als ich einen neuen Untersetzer f\u00fcr mein Tee-St\u00f6vchen gen\u00e4ht habe. <\/p>\n\n\n\n<p class=\"has-background has-light-blue-background-color\">Jetzt war es wieder soweit, weil das Schl\u00fcsselband f\u00fcr meinen B\u00fcroschl\u00fcssel den Geist aufgegeben hat. Pure Notwendigkeit also, auf die ich mich trotzdem gefreut habe, weil ich genau wei\u00df, dass ich danach immer bessere Laune habe. \ud83d\ude42<\/p>\n\n\n\n<p>Dank meiner umfangreichen Vorr\u00e4te *h\u00fcstel* war schnell ein h\u00fcbsches Band gefunden, dazu ein passender &#8222;Ring&#8220;, der sich sogar aufschrauben l\u00e4sst. Hilfreich!<\/p>\n\n\n\n<p class=\"has-background has-light-blue-background-color\">(Wei\u00df jemand, wie sich diese Art von &#8222;abgeflachtem Ring&#8220; in professionell nennt?! Ich wei\u00df nicht mehr, wo ich dieses Teil her habe, finde es aber ganz interessant.)<\/p>\n\n\n\n<p>Mein erster Versuch, das gestreifte Band auf eine blaue Samtborte aufzun\u00e4hen, ist fehlgeschlagen, weil das gestreifte Band sich auf dem Samt so wild verschoben hat, dass das einfach nur verboten aussah. Also alles wieder aufgetrennt. Dann habe ich zwei Lagen des Bandes plus eine Schlaufe daraus zusammen gen\u00e4ht und das Ganze vorher mit Pritt-Stift ein wenig fixiert. Mein Wondertape ist verschwunden, das bekomme ich hoffentlich online nach. Klebestift geht aber auch sehr gut &#8211; sparsam verwenden!<\/p>\n\n\n\n<p class=\"has-background has-light-blue-background-color\">Jetzt gef\u00e4llt es mir sehr viel besser, und meine N\u00e4hlust ist auch wieder geweckt. Zeit dazu haben viele von uns ja gerade ausreichend&#8230; Bleibt gesund, und passt auf euch und eure Mitmenschen auf!<\/p>\n","protected":false},"excerpt":{"rendered":"<p>Dass Handarbeit gl\u00fccklich macht und gesund ist, brauche ich den Lesern dieses blogs ja nicht zu erz\u00e4hlen. Alle anderen gucken hier oder hier oder hier oder hier oder hier oder hier oder hier&#8230; ihr versteht schon, nicht? \ud83d\ude09 Und obwohl ich diese Tatsache bezeugen kann, kann ich mich schon gar nicht mehr daran erinnern, wann &hellip; <a href=\"https:\/\/stichelstube.capricorna.de\/wordpress\/2020\/03\/24\/kleiner-gluecksbringer\/\" class=\"more-link\"><span class=\"screen-reader-text\">\u201eKleiner Gl\u00fccksbringer\u201c <\/span>weiterlesen<\/a><\/p>\n","protected":false},"author":2,"featured_media":0,"comment_status":"open","ping_status":"open","sticky":false,"template":"","format":"standard","meta":{"jetpack_post_was_ever_published":false,"_jetpack_newsletter_access":"","_jetpack_dont_email_post_to_subs":false,"_jetpack_newsletter_tier_id":0,"_jetpack_memberships_contains_paywalled_content":false,"_jetpack_memberships_contains_paid_content":false,"footnotes":"","jetpack_publicize_message":"","jetpack_publicize_feature_enabled":true,"jetpack_social_post_already_shared":true,"jetpack_social_options":{"image_generator_settings":{"template":"highway","default_image_id":0,"font":"","enabled":false},"version":2}},"categories":[5,20],"tags":[],"class_list":["post-1738","post","type-post","status-publish","format-standard","hentry","category-fertig","category-uwyh"],"jetpack_publicize_connections":[],"jetpack_featured_media_url":"","jetpack_sharing_enabled":true,"jetpack_shortlink":"https:\/\/wp.me\/p6Znca-s2","jetpack-related-posts":[],"_links":{"self":[{"href":"https:\/\/stichelstube.capricorna.de\/wordpress\/wp-json\/wp\/v2\/posts\/1738","targetHints":{"allow":["GET"]}}],"collection":[{"href":"https:\/\/stichelstube.capricorna.de\/wordpress\/wp-json\/wp\/v2\/posts"}],"about":[{"href":"https:\/\/stichelstube.capricorna.de\/wordpress\/wp-json\/wp\/v2\/types\/post"}],"author":[{"embeddable":true,"href":"https:\/\/stichelstube.capricorna.de\/wordpress\/wp-json\/wp\/v2\/users\/2"}],"replies":[{"embeddable":true,"href":"https:\/\/stichelstube.capricorna.de\/wordpress\/wp-json\/wp\/v2\/comments?post=1738"}],"version-history":[{"count":4,"href":"https:\/\/stichelstube.capricorna.de\/wordpress\/wp-json\/wp\/v2\/posts\/1738\/revisions"}],"predecessor-version":[{"id":1742,"href":"https:\/\/stichelstube.capricorna.de\/wordpress\/wp-json\/wp\/v2\/posts\/1738\/revisions\/1742"}],"wp:attachment":[{"href":"https:\/\/stichelstube.capricorna.de\/wordpress\/wp-json\/wp\/v2\/media?parent=1738"}],"wp:term":[{"taxonomy":"category","embeddable":true,"href":"https:\/\/stichelstube.capricorna.de\/wordpress\/wp-json\/wp\/v2\/categories?post=1738"},{"taxonomy":"post_tag","embeddable":true,"href":"https:\/\/stichelstube.capricorna.de\/wordpress\/wp-json\/wp\/v2\/tags?post=1738"}],"curies":[{"name":"wp","href":"https:\/\/api.w.org\/{rel}","templated":true}]}}