{"id":179,"date":"2005-01-29T18:39:00","date_gmt":"2005-01-29T17:39:00","guid":{"rendered":"http:\/\/stichelstube.capricorna.de\/wordpress\/2005\/01\/29\/179\/"},"modified":"2005-01-29T18:39:00","modified_gmt":"2005-01-29T17:39:00","slug":"179","status":"publish","type":"post","link":"https:\/\/stichelstube.capricorna.de\/wordpress\/2005\/01\/29\/179\/","title":{"rendered":""},"content":{"rendered":"<p>Nachdem die Jersey-Hose mit der Passe so gut sitzt, \u00fcberlege ich, mir eine normale Stoff-Hose mit \u00e4hnlichem Schnitt zu machen. Den gleichen werde ich wohl nicht nehmen k\u00f6nnen, weil er f\u00fcr elastisches Material ist. Aber irgendsoetwas \u00e4hnliches habe ich bestimmt hier in meiner Sammlung.<\/p>\n<p>In der Stofferia habe ich auch schon einen sch\u00f6nen Stoff daf\u00fcr gesehen, einen Woll-Poly-Gabardine, braun-meliert, sch\u00f6ner flie\u00dfender Fall. Der Laden war allerdings proppenvoll mit In-letzter-Minute-Stoff-f\u00fcr-Karnevalskost\u00fcme-kaufenden Frauen, so dass ich den Kauf auf n\u00e4chste Woche verschoben habe.<\/p>\n<p>Daf\u00fcr n\u00e4hert sich der Cord-Rock der Fertigstellung. Ich hatte den Bund geheftet und festgestellt, da\u00df meine H\u00fcften anscheinend ungleich sind; rechts musste der Bund tiefer gesteckt werden als links. Au\u00dferdem musste ich den vorderen Bund etwas tiefer stecken, das hat vermutlich mit meinem Hohlkreuz zu tun, weil ich den r\u00fcckw\u00e4rtigen Bund immer etwas h\u00f6her stecken muss, damit es bequem sitzt. Jetzt sieht es soweit ganz gut aus. Diese \u00c4nderungen muss ich mir f\u00fcr die n\u00e4chsten R\u00f6cke merken.<\/p>\n<p>Jetzt werde ich noch etwas in meinen Zeitschriften nach einem passenden Hosenschnitt w\u00fchlen, bevor wir gleich ins Kino gehen \ud83d\ude42<\/p>\n","protected":false},"excerpt":{"rendered":"<p>Nachdem die Jersey-Hose mit der Passe so gut sitzt, \u00fcberlege ich, mir eine normale Stoff-Hose mit \u00e4hnlichem Schnitt zu machen. Den gleichen werde ich wohl nicht nehmen k\u00f6nnen, weil er f\u00fcr elastisches Material ist. Aber irgendsoetwas \u00e4hnliches habe ich bestimmt hier in meiner Sammlung. In der Stofferia habe ich auch schon einen sch\u00f6nen Stoff daf\u00fcr &hellip; <a href=\"https:\/\/stichelstube.capricorna.de\/wordpress\/2005\/01\/29\/179\/\" class=\"more-link\"><span class=\"screen-reader-text\">\u201e\u201c <\/span>weiterlesen<\/a><\/p>\n","protected":false},"author":2,"featured_media":0,"comment_status":"open","ping_status":"open","sticky":false,"template":"","format":"standard","meta":{"jetpack_post_was_ever_published":false,"_jetpack_newsletter_access":"","_jetpack_dont_email_post_to_subs":false,"_jetpack_newsletter_tier_id":0,"_jetpack_memberships_contains_paywalled_content":false,"_jetpack_memberships_contains_paid_content":false,"footnotes":"","jetpack_publicize_message":"","jetpack_publicize_feature_enabled":true,"jetpack_social_post_already_shared":false,"jetpack_social_options":{"image_generator_settings":{"template":"highway","default_image_id":0,"font":"","enabled":false},"version":2}},"categories":[1],"tags":[],"class_list":["post-179","post","type-post","status-publish","format-standard","hentry","category-allgemein"],"jetpack_publicize_connections":[],"jetpack_featured_media_url":"","jetpack_sharing_enabled":true,"jetpack_shortlink":"https:\/\/wp.me\/s6Znca-179","jetpack-related-posts":[{"id":1271,"url":"https:\/\/stichelstube.capricorna.de\/wordpress\/2016\/02\/28\/ein-erfolgreiches-wochenende\/","url_meta":{"origin":179,"position":0},"title":"Ein erfolgreiches Wochenende","author":"Kerstin","date":"28. Februar 2016","format":false,"excerpt":".. habe ich verbracht; in jeder Hinsicht. Eigentlich liegt ja gerade ein Zweiteiler-Badeanzug auf meinem N\u00e4htisch, aber aus irgend einem Grund habe ich mir Anfang der Woche in den Kopf gesetzt, dass ich jetzt sofort einen Jeansrock n\u00e4hen m\u00f6chte. Das ist eins von den Basic-Teilen, die eigentlich jede im Schrank\u2026","rel":"","context":"In &quot;Allgemein&quot;","block_context":{"text":"Allgemein","link":"https:\/\/stichelstube.capricorna.de\/wordpress\/category\/allgemein\/"},"img":{"alt_text":"","src":"https:\/\/i0.wp.com\/www.capricorna.de\/naehen\/pics_fertig\/20160228_jeansrock_vorn.jpg?resize=350%2C200","width":350,"height":200},"classes":[]},{"id":188,"url":"https:\/\/stichelstube.capricorna.de\/wordpress\/2005\/02\/22\/188\/","url_meta":{"origin":179,"position":1},"title":"Meine Ufo-Kiste war heute mein\u2026","author":"Kerstin","date":"22. Februar 2005","format":false,"excerpt":"Meine Ufo-Kiste war heute mein Bet\u00e4tigungsfeld. Das letzte Mal hatte ich sie im Juni 2004 gesichtet, habe ich gerade beim St\u00f6bern in meinem Blog gesehen. Diesmal habe ich ziemlich gnadenlos einige Sachen aussortiert. Die Hose, bei der ich die Beine aus Versehen identisch zugeschnitten hatte und ein Rock aus einem\u2026","rel":"","context":"In &quot;Allgemein&quot;","block_context":{"text":"Allgemein","link":"https:\/\/stichelstube.capricorna.de\/wordpress\/category\/allgemein\/"},"img":{"alt_text":"","src":"","width":0,"height":0},"classes":[]},{"id":345,"url":"https:\/\/stichelstube.capricorna.de\/wordpress\/2007\/06\/24\/ufo-liste\/","url_meta":{"origin":179,"position":2},"title":"Ufo-Liste","author":"Kerstin","date":"24. Juni 2007","format":false,"excerpt":"Drei Stunden ohne Strom k\u00f6nnen auch mal sehr n\u00fctzlich sein: Gestern hat unser Vermieter uns neue Steckdosen und Schalter angebracht, um das bunte Sammelsurium, das uns unser Vormieter hinterlassen hatte, mal etwas in Ordnung zu bringen. Wir wohnen ja auch erst acht Jahre hier... ;-) - Daf\u00fcr hat er sich\u2026","rel":"","context":"In &quot;Ufo&quot;","block_context":{"text":"Ufo","link":"https:\/\/stichelstube.capricorna.de\/wordpress\/category\/ufo\/"},"img":{"alt_text":"","src":"","width":0,"height":0},"classes":[]},{"id":217,"url":"https:\/\/stichelstube.capricorna.de\/wordpress\/2005\/07\/25\/217\/","url_meta":{"origin":179,"position":3},"title":"Meine zweite richtige Hose n\u00e4hert\u2026","author":"Kerstin","date":"25. Juli 2005","format":false,"excerpt":"Meine zweite richtige Hose n\u00e4hert sich der Vollendung; ich muss nur noch die S\u00e4ume umn\u00e4hen und die untere Naht des Bunds ansteppen. :-)Nun sehe ich wirklich begr\u00fcndeten Anlass zur Hoffnung, dass sich mein Hosenstoff-Stapel in den n\u00e4chsten Monaten wesentlich verringern wird.Das ist auch dringend n\u00f6tig, denn dank einiger Neuerwerbungen bin\u2026","rel":"","context":"In &quot;Allgemein&quot;","block_context":{"text":"Allgemein","link":"https:\/\/stichelstube.capricorna.de\/wordpress\/category\/allgemein\/"},"img":{"alt_text":"","src":"","width":0,"height":0},"classes":[]},{"id":163,"url":"https:\/\/stichelstube.capricorna.de\/wordpress\/2004\/11\/09\/163\/","url_meta":{"origin":179,"position":4},"title":"Eigentlich wollte ich mit meiner\u2026","author":"Kerstin","date":"9. November 2004","format":false,"excerpt":"Eigentlich wollte ich mit meiner Fleece-Jacke weitermachen. Das Schnittmuster habe ich jetzt soweit abge\u00e4ndert, dass es passt. Aber die Zeit wurde knapp bis zum N\u00e4hkurs, und ich konnte mich nicht entscheiden, wie ich das Muster beim Ausschneiden ber\u00fccksichtigen sollte. Das Muster hat so sch\u00f6ne gro\u00dfe \"Blumen\", die ich gerne auf\u2026","rel":"","context":"In &quot;Allgemein&quot;","block_context":{"text":"Allgemein","link":"https:\/\/stichelstube.capricorna.de\/wordpress\/category\/allgemein\/"},"img":{"alt_text":"","src":"","width":0,"height":0},"classes":[]},{"id":595,"url":"https:\/\/stichelstube.capricorna.de\/wordpress\/2009\/06\/29\/ufo-tag\/","url_meta":{"origin":179,"position":5},"title":"Ufo-Tag","author":"Kerstin","date":"29. Juni 2009","format":false,"excerpt":"Angeregt durch einen Beitrag im HS-Forum und genervt von meinem vollgestellten N\u00e4hzimmer, starte ich wieder mal einen neuen Versuch, mich durch meine Ufos zu k\u00e4mpfen. Mein blog-Archiv verr\u00e4t mir, dass meine letzte Ufo-Aktion schlappe zwei Jahre her ist. Und kaum sind Hochzeit, Jobsuche, Umzug und Einleben in der neuen Stadt\u2026","rel":"","context":"In &quot;Ufo&quot;","block_context":{"text":"Ufo","link":"https:\/\/stichelstube.capricorna.de\/wordpress\/category\/ufo\/"},"img":{"alt_text":"Ufo - Franzius-Jacke","src":"https:\/\/i0.wp.com\/www.capricorna.de\/naehen\/blogpics\/Ufo_06_2009_1.jpg?resize=350%2C200","width":350,"height":200},"classes":[]}],"_links":{"self":[{"href":"https:\/\/stichelstube.capricorna.de\/wordpress\/wp-json\/wp\/v2\/posts\/179","targetHints":{"allow":["GET"]}}],"collection":[{"href":"https:\/\/stichelstube.capricorna.de\/wordpress\/wp-json\/wp\/v2\/posts"}],"about":[{"href":"https:\/\/stichelstube.capricorna.de\/wordpress\/wp-json\/wp\/v2\/types\/post"}],"author":[{"embeddable":true,"href":"https:\/\/stichelstube.capricorna.de\/wordpress\/wp-json\/wp\/v2\/users\/2"}],"replies":[{"embeddable":true,"href":"https:\/\/stichelstube.capricorna.de\/wordpress\/wp-json\/wp\/v2\/comments?post=179"}],"version-history":[{"count":0,"href":"https:\/\/stichelstube.capricorna.de\/wordpress\/wp-json\/wp\/v2\/posts\/179\/revisions"}],"wp:attachment":[{"href":"https:\/\/stichelstube.capricorna.de\/wordpress\/wp-json\/wp\/v2\/media?parent=179"}],"wp:term":[{"taxonomy":"category","embeddable":true,"href":"https:\/\/stichelstube.capricorna.de\/wordpress\/wp-json\/wp\/v2\/categories?post=179"},{"taxonomy":"post_tag","embeddable":true,"href":"https:\/\/stichelstube.capricorna.de\/wordpress\/wp-json\/wp\/v2\/tags?post=179"}],"curies":[{"name":"wp","href":"https:\/\/api.w.org\/{rel}","templated":true}]}}