{"id":180,"date":"2005-01-30T21:58:00","date_gmt":"2005-01-30T20:58:00","guid":{"rendered":"http:\/\/stichelstube.capricorna.de\/wordpress\/2005\/01\/30\/180\/"},"modified":"2005-01-30T21:58:00","modified_gmt":"2005-01-30T20:58:00","slug":"180","status":"publish","type":"post","link":"https:\/\/stichelstube.capricorna.de\/wordpress\/2005\/01\/30\/180\/","title":{"rendered":""},"content":{"rendered":"<p><img data-recalc-dims=\"1\" decoding=\"async\" src=\"https:\/\/i0.wp.com\/www.capricorna.de\/naehen\/pics_stoff\/rosapink.jpg?w=840\"><br \/>\n<br \/>So sehen meine drei vorletzten Neuerwerbungen aus. Das Teil in der Mitte ist ein Tuch von Woolite, das \u00fcbersch\u00fcssige Farbe beim Waschen aufnimmt, damit andere Sachen sich nicht verf\u00e4rben. Ich weiss nicht, ob die Stoffe sich ohne das Tuch auch nicht verf\u00e4rbt h\u00e4tten, aber es sieht schon so aus, als ob das ohne Tuch h\u00e4tte passieren k\u00f6nnen.<\/p>\n<p>Die Farben passen nicht so ganz zu meiner bisherigen Palette der letzten paar Jahre, die \u00fcberwiegend aus herbstlichen Braun-, Gr\u00fcn- und Oranget\u00f6nen bestand. Aber nachdem ich dieses Jahr festgestellt hatte, dass auch rosa mir gar nicht so schlecht steht, ziehen mich diese Farben immer st\u00e4rker an. Mal sehen, ob ich sie dieses Jahr auch anziehe, oder ob das eine Fehlentwicklung ist. Bin mal gespannt.<\/p>\n<p>Aus dem rosa-gebl\u00fcmten soll ein luftiges Sommer-T-Shirt werden, aus dem mit Rautenmuster ein lang\u00e4rmeliges Shirt und aus dem Fischgrat eine Hose. Gro\u00dfe Pl\u00e4ne&#8230;<\/p>\n<p>Erst mal muss ich den Cord-Rock fertig machen. Eines der beiden hinteren Bundteile ist zu kurz, das muss ich noch einmal in etwas l\u00e4nger zuschneiden. *nerv* Ich dachte, ich h\u00e4tte beide Seiten identisch gemacht; keine Ahnung, was da passiert ist. Sehr seltsam. Naja, Stoff hab ich noch genug. Nur nicht die rechte Lust \ud83d\ude09<\/p>\n","protected":false},"excerpt":{"rendered":"<p>So sehen meine drei vorletzten Neuerwerbungen aus. Das Teil in der Mitte ist ein Tuch von Woolite, das \u00fcbersch\u00fcssige Farbe beim Waschen aufnimmt, damit andere Sachen sich nicht verf\u00e4rben. Ich weiss nicht, ob die Stoffe sich ohne das Tuch auch nicht verf\u00e4rbt h\u00e4tten, aber es sieht schon so aus, als ob das ohne Tuch h\u00e4tte &hellip; <a href=\"https:\/\/stichelstube.capricorna.de\/wordpress\/2005\/01\/30\/180\/\" class=\"more-link\"><span class=\"screen-reader-text\">\u201e\u201c <\/span>weiterlesen<\/a><\/p>\n","protected":false},"author":2,"featured_media":0,"comment_status":"open","ping_status":"open","sticky":false,"template":"","format":"standard","meta":{"jetpack_post_was_ever_published":false,"_jetpack_newsletter_access":"","_jetpack_dont_email_post_to_subs":false,"_jetpack_newsletter_tier_id":0,"_jetpack_memberships_contains_paywalled_content":false,"_jetpack_memberships_contains_paid_content":false,"footnotes":"","jetpack_publicize_message":"","jetpack_publicize_feature_enabled":true,"jetpack_social_post_already_shared":false,"jetpack_social_options":{"image_generator_settings":{"template":"highway","default_image_id":0,"font":"","enabled":false},"version":2}},"categories":[1],"tags":[],"class_list":["post-180","post","type-post","status-publish","format-standard","hentry","category-allgemein"],"jetpack_publicize_connections":[],"jetpack_featured_media_url":"","jetpack_sharing_enabled":true,"jetpack_shortlink":"https:\/\/wp.me\/s6Znca-180","jetpack-related-posts":[{"id":234,"url":"https:\/\/stichelstube.capricorna.de\/wordpress\/2005\/11\/15\/234\/","url_meta":{"origin":180,"position":0},"title":"Da seht ihr meine neuen\u2026","author":"Kerstin","date":"15. November 2005","format":false,"excerpt":"Da seht ihr meine neuen Farben... Nachdem ich nun etwa zwei Jahre um das Thema Farbberatung herumgeschlichen bin, habe ich vor zwei Wochen spontan der Beraterin, die ich mir ausgeguckt hatte, eine Mail geschrieben, und einen Termin ausgemacht. Letzte Woche Donnerstag war es dann soweit, und ich besuchte sie in\u2026","rel":"","context":"In &quot;Allgemein&quot;","block_context":{"text":"Allgemein","link":"https:\/\/stichelstube.capricorna.de\/wordpress\/category\/allgemein\/"},"img":{"alt_text":"","src":"","width":0,"height":0},"classes":[]},{"id":146,"url":"https:\/\/stichelstube.capricorna.de\/wordpress\/2004\/08\/26\/146\/","url_meta":{"origin":180,"position":1},"title":"Gestern war ich in der\u2026","author":"Kerstin","date":"26. August 2004","format":false,"excerpt":"Gestern war ich in der Stadt und wollte eigentlich im Kaufhof mal wieder nach einer Hose oder Jeans gucken. Dann habe ich mal bei \"Zero\" vorbeigeschaut, und bin bei einem rosafarbenen Polo-Shirt und einer braunen Strickjacke beinahe schwach geworden... Ich w\u00e4re fr\u00fcher nie auf die Idee gekommen, rosa anzuziehen, aber\u2026","rel":"","context":"In &quot;Allgemein&quot;","block_context":{"text":"Allgemein","link":"https:\/\/stichelstube.capricorna.de\/wordpress\/category\/allgemein\/"},"img":{"alt_text":"","src":"","width":0,"height":0},"classes":[]},{"id":1200,"url":"https:\/\/stichelstube.capricorna.de\/wordpress\/2015\/04\/25\/hobbyschneiderinnen-vergessen-nicht\/","url_meta":{"origin":180,"position":2},"title":"Hobbyschneiderinnen vergessen nicht!","author":"Kerstin","date":"25. April 2015","format":false,"excerpt":"Da ich die Absicht habe, in den n\u00e4chsten Wochen mein Lauf-Training etwas zu intensiveren, habe ich dringenden Bedarf an sport-tauglichen T-Shirts. Da ich eh gerade beim Abarbeiten meiner Ufos bin, habe ich mir heute aus der Ufo-Kiste drei solcher T-Shirts rausgezogen. Ist ja nicht so, als ob ich nicht ganz\u2026","rel":"","context":"In &quot;Ufo&quot;","block_context":{"text":"Ufo","link":"https:\/\/stichelstube.capricorna.de\/wordpress\/category\/ufo\/"},"img":{"alt_text":"","src":"https:\/\/i0.wp.com\/www.capricorna.de\/naehen\/blogpics\/20150425_sportufos.jpg?resize=350%2C200","width":350,"height":200},"classes":[]},{"id":297,"url":"https:\/\/stichelstube.capricorna.de\/wordpress\/2006\/06\/25\/grundausstattung\/","url_meta":{"origin":180,"position":3},"title":"Grundausstattung","author":"Kerstin","date":"25. Juni 2006","format":false,"excerpt":"Gestern ist meine Bestellung von Peggy Morgenstern angekommen *freu*Zun\u00e4chst einmal ein Reverswinkel aus Alu, mit dem ich rechte Winkel in einem gr\u00f6\u00dferem Ma\u00dfstab als mit dem Geodreick zeichnen kann; er ist 60 x 24 cm. F\u00fcr die ganz langen Strecken - Hosenbeine und sowas - ein Meter-Ma\u00dfstab aus Kunststoff. Zum\u2026","rel":"","context":"In &quot;Allgemein&quot;","block_context":{"text":"Allgemein","link":"https:\/\/stichelstube.capricorna.de\/wordpress\/category\/allgemein\/"},"img":{"alt_text":"","src":"","width":0,"height":0},"classes":[]},{"id":152,"url":"https:\/\/stichelstube.capricorna.de\/wordpress\/2004\/09\/14\/152\/","url_meta":{"origin":180,"position":4},"title":"Juchuh, gerade sind die bei\u2026","author":"Kerstin","date":"14. September 2004","format":false,"excerpt":"Juchuh, gerade sind die bei ebay gekauften Kleiderb\u00fcgel gekommen! Habe direkt alle Hemden, die mein S\u00fc\u00dfer seit Jahren auf seinem Stuhl liegen hat, aufgehangen. (Drei davon sind direkt in den W\u00e4schekorb gewandert...) Das \u00c4rgerliche ist, dass er mich dazu gebracht hat, meinen Kleidungsstil zu \u00e4ndern und mehr darauf acht zu\u2026","rel":"","context":"In &quot;Allgemein&quot;","block_context":{"text":"Allgemein","link":"https:\/\/stichelstube.capricorna.de\/wordpress\/category\/allgemein\/"},"img":{"alt_text":"","src":"","width":0,"height":0},"classes":[]},{"id":856,"url":"https:\/\/stichelstube.capricorna.de\/wordpress\/2011\/09\/11\/woll-stapel-aufgedroselt\/","url_meta":{"origin":180,"position":5},"title":"Woll-Stapel, aufgedr\u00f6selt","author":"Kerstin","date":"11. September 2011","format":false,"excerpt":"Hier mal ein Bild meines recht \u00fcberschaubaren Woll-Bestandes. Das Wort Vorrat w\u00e4re schon falsch, weil er daf\u00fcr nicht gedacht war und ist, aber \u00fcber den kommenden Winter wird er mich trotzdem gut hin\u00fcber tragen, denke ich. F\u00fcr die meisten dieser einzelnen Kn\u00e4uel habe ich bereits eine Verwendung geplant, denn genau\u2026","rel":"","context":"In &quot;Stricken&quot;","block_context":{"text":"Stricken","link":"https:\/\/stichelstube.capricorna.de\/wordpress\/category\/stricken\/"},"img":{"alt_text":"","src":"https:\/\/i0.wp.com\/www.capricorna.de\/naehen\/pics_knit\/20110911_wollstash.jpg?resize=350%2C200","width":350,"height":200},"classes":[]}],"_links":{"self":[{"href":"https:\/\/stichelstube.capricorna.de\/wordpress\/wp-json\/wp\/v2\/posts\/180","targetHints":{"allow":["GET"]}}],"collection":[{"href":"https:\/\/stichelstube.capricorna.de\/wordpress\/wp-json\/wp\/v2\/posts"}],"about":[{"href":"https:\/\/stichelstube.capricorna.de\/wordpress\/wp-json\/wp\/v2\/types\/post"}],"author":[{"embeddable":true,"href":"https:\/\/stichelstube.capricorna.de\/wordpress\/wp-json\/wp\/v2\/users\/2"}],"replies":[{"embeddable":true,"href":"https:\/\/stichelstube.capricorna.de\/wordpress\/wp-json\/wp\/v2\/comments?post=180"}],"version-history":[{"count":0,"href":"https:\/\/stichelstube.capricorna.de\/wordpress\/wp-json\/wp\/v2\/posts\/180\/revisions"}],"wp:attachment":[{"href":"https:\/\/stichelstube.capricorna.de\/wordpress\/wp-json\/wp\/v2\/media?parent=180"}],"wp:term":[{"taxonomy":"category","embeddable":true,"href":"https:\/\/stichelstube.capricorna.de\/wordpress\/wp-json\/wp\/v2\/categories?post=180"},{"taxonomy":"post_tag","embeddable":true,"href":"https:\/\/stichelstube.capricorna.de\/wordpress\/wp-json\/wp\/v2\/tags?post=180"}],"curies":[{"name":"wp","href":"https:\/\/api.w.org\/{rel}","templated":true}]}}