{"id":181,"date":"2005-01-31T01:39:00","date_gmt":"2005-01-31T00:39:00","guid":{"rendered":"http:\/\/stichelstube.capricorna.de\/wordpress\/2005\/01\/31\/181\/"},"modified":"2005-01-31T01:39:00","modified_gmt":"2005-01-31T00:39:00","slug":"181","status":"publish","type":"post","link":"https:\/\/stichelstube.capricorna.de\/wordpress\/2005\/01\/31\/181\/","title":{"rendered":""},"content":{"rendered":"<p>So, der Bund ist dran. Ich hatte das zu kurze Bundteil noch mal abgetrennt und mit k\u00fcrzeren Nahtzugaben an das Vorderteil gen\u00e4ht, und dann passte es. Jetzt noch ein paar N\u00e4hte vers\u00e4ubern, dann ist er fertig. Allerdings sollte ich noch Schlaufen zum Aufh\u00e4ngen daran n\u00e4hen. Mal schauen, ob es die fertig gibt. Mh, das Band, das ich f\u00fcr die Weihnachtsanh\u00e4nger genommen habe, sollte eigentlich auch gehen. Das gibts ja in verschiedenen Breiten. Und preiswerter als fertige Schlaufen sollte es dann auch sein. Morgen mal im Creativ-Markt gucken gehen&#8230; oder eher heute \ud83d\ude09<\/p>\n","protected":false},"excerpt":{"rendered":"<p>So, der Bund ist dran. Ich hatte das zu kurze Bundteil noch mal abgetrennt und mit k\u00fcrzeren Nahtzugaben an das Vorderteil gen\u00e4ht, und dann passte es. Jetzt noch ein paar N\u00e4hte vers\u00e4ubern, dann ist er fertig. Allerdings sollte ich noch Schlaufen zum Aufh\u00e4ngen daran n\u00e4hen. Mal schauen, ob es die fertig gibt. Mh, das Band, &hellip; <a href=\"https:\/\/stichelstube.capricorna.de\/wordpress\/2005\/01\/31\/181\/\" class=\"more-link\"><span class=\"screen-reader-text\">\u201e\u201c <\/span>weiterlesen<\/a><\/p>\n","protected":false},"author":2,"featured_media":0,"comment_status":"open","ping_status":"open","sticky":false,"template":"","format":"standard","meta":{"jetpack_post_was_ever_published":false,"_jetpack_newsletter_access":"","_jetpack_dont_email_post_to_subs":false,"_jetpack_newsletter_tier_id":0,"_jetpack_memberships_contains_paywalled_content":false,"_jetpack_memberships_contains_paid_content":false,"footnotes":"","jetpack_publicize_message":"","jetpack_publicize_feature_enabled":true,"jetpack_social_post_already_shared":false,"jetpack_social_options":{"image_generator_settings":{"template":"highway","default_image_id":0,"font":"","enabled":false},"version":2}},"categories":[1],"tags":[],"class_list":["post-181","post","type-post","status-publish","format-standard","hentry","category-allgemein"],"jetpack_publicize_connections":[],"jetpack_featured_media_url":"","jetpack_sharing_enabled":true,"jetpack_shortlink":"https:\/\/wp.me\/s6Znca-181","jetpack-related-posts":[{"id":595,"url":"https:\/\/stichelstube.capricorna.de\/wordpress\/2009\/06\/29\/ufo-tag\/","url_meta":{"origin":181,"position":0},"title":"Ufo-Tag","author":"Kerstin","date":"29. Juni 2009","format":false,"excerpt":"Angeregt durch einen Beitrag im HS-Forum und genervt von meinem vollgestellten N\u00e4hzimmer, starte ich wieder mal einen neuen Versuch, mich durch meine Ufos zu k\u00e4mpfen. Mein blog-Archiv verr\u00e4t mir, dass meine letzte Ufo-Aktion schlappe zwei Jahre her ist. Und kaum sind Hochzeit, Jobsuche, Umzug und Einleben in der neuen Stadt\u2026","rel":"","context":"In &quot;Ufo&quot;","block_context":{"text":"Ufo","link":"https:\/\/stichelstube.capricorna.de\/wordpress\/category\/ufo\/"},"img":{"alt_text":"Ufo - Franzius-Jacke","src":"https:\/\/i0.wp.com\/www.capricorna.de\/naehen\/blogpics\/Ufo_06_2009_1.jpg?resize=350%2C200","width":350,"height":200},"classes":[]},{"id":690,"url":"https:\/\/stichelstube.capricorna.de\/wordpress\/2010\/03\/07\/drei-auf-einen-streich\/","url_meta":{"origin":181,"position":1},"title":"Drei auf einen Streich!","author":"Kerstin","date":"7. M\u00e4rz 2010","format":false,"excerpt":"Kennt ihr das, wenn man im B\u00fcro unheimlich viel zu tun hat, und wenn man dann zu Hause ist, ruht man sich nicht etwa aus, sondern ist dort genauso produktiv und voller Tatendrang? So geht es mir jedenfalls immer; je mehr ich im Arbeitsleben geschafft bekomme, desto besser l\u00e4uft es\u2026","rel":"","context":"In &quot;Allgemein&quot;","block_context":{"text":"Allgemein","link":"https:\/\/stichelstube.capricorna.de\/wordpress\/category\/allgemein\/"},"img":{"alt_text":"","src":"https:\/\/i0.wp.com\/www.capricorna.de\/naehen\/pics_fertig\/bluemchentop.jpg?resize=350%2C200","width":350,"height":200},"classes":[]},{"id":345,"url":"https:\/\/stichelstube.capricorna.de\/wordpress\/2007\/06\/24\/ufo-liste\/","url_meta":{"origin":181,"position":2},"title":"Ufo-Liste","author":"Kerstin","date":"24. Juni 2007","format":false,"excerpt":"Drei Stunden ohne Strom k\u00f6nnen auch mal sehr n\u00fctzlich sein: Gestern hat unser Vermieter uns neue Steckdosen und Schalter angebracht, um das bunte Sammelsurium, das uns unser Vormieter hinterlassen hatte, mal etwas in Ordnung zu bringen. Wir wohnen ja auch erst acht Jahre hier... ;-) - Daf\u00fcr hat er sich\u2026","rel":"","context":"In &quot;Ufo&quot;","block_context":{"text":"Ufo","link":"https:\/\/stichelstube.capricorna.de\/wordpress\/category\/ufo\/"},"img":{"alt_text":"","src":"","width":0,"height":0},"classes":[]},{"id":877,"url":"https:\/\/stichelstube.capricorna.de\/wordpress\/2011\/11\/14\/ziemlich-flotter-cordrock\/","url_meta":{"origin":181,"position":3},"title":"Ziemlich flotter Cordrock","author":"Kerstin","date":"14. November 2011","format":false,"excerpt":"Im Hobbyschneiderin-Forum sind diesen Monat R\u00f6cke das Motivationsthema. Und da wir seit kurzem einen Tanzkurs besuchen, und ich \u00fcberhaupt seit Jahren darauf hoffe, doch mal \u00fcber Nacht zur begeisterten Rocktr\u00e4gerin zu \u00a0mutieren, war das ein guter Anlass, in dieser Richtung t\u00e4tig zu werden. Auf der Suche nach Inspirationen bl\u00e4tterte ich\u2026","rel":"","context":"In &quot;Fertig&quot;","block_context":{"text":"Fertig","link":"https:\/\/stichelstube.capricorna.de\/wordpress\/category\/fertig\/"},"img":{"alt_text":"","src":"https:\/\/i0.wp.com\/www.capricorna.de\/naehen\/pics_fertig\/20111113_cordrock_2.jpg?resize=350%2C200","width":350,"height":200},"classes":[]},{"id":834,"url":"https:\/\/stichelstube.capricorna.de\/wordpress\/2011\/06\/23\/sportsfreund\/","url_meta":{"origin":181,"position":4},"title":"Sportsfreund","author":"Kerstin","date":"23. Juni 2011","format":false,"excerpt":"hei\u00dft dieses einfache Modell aus \"Das TaschenBuch\" von Terence Terry. F\u00fcr meine aktuelle Anforderung, ein Beutel zur Aufbewahrung einer Pedelec-Ladestation, genau das richtige. Die Ma\u00dfe habe ich gegen\u00fcber dem Original etwas ver\u00e4ndert, damit sie hoffentlich bequem darin zu verstauen ist. Was ich als Stoff nehmen sollte, wusste ich zun\u00e4chst nicht.\u2026","rel":"","context":"In &quot;Accessoires&quot;","block_context":{"text":"Accessoires","link":"https:\/\/stichelstube.capricorna.de\/wordpress\/category\/accessoires\/"},"img":{"alt_text":"","src":"https:\/\/i0.wp.com\/www.capricorna.de\/naehen\/pics_fertig\/20110623_matchbeutel.jpg?resize=350%2C200","width":350,"height":200},"classes":[]},{"id":2394,"url":"https:\/\/stichelstube.capricorna.de\/wordpress\/2023\/11\/19\/ein-traum-von-einem-rucksack\/","url_meta":{"origin":181,"position":5},"title":"Ein Traum von einem Rucksack","author":"Kerstin","date":"19. November 2023","format":false,"excerpt":"Ein aufwendiger Rucksack\/Turnbeutel nach einem Schnitt von Hansedelli, mit extra Feature","rel":"","context":"In &quot;Fertig&quot;","block_context":{"text":"Fertig","link":"https:\/\/stichelstube.capricorna.de\/wordpress\/category\/fertig\/"},"img":{"alt_text":"Vorderseite des fertigen Rucksacks","src":"https:\/\/i0.wp.com\/stichelstube.capricorna.de\/wordpress\/wp-content\/2023\/11\/IMG_5432.jpeg?fit=1200%2C977&ssl=1&resize=350%2C200","width":350,"height":200,"srcset":"https:\/\/i0.wp.com\/stichelstube.capricorna.de\/wordpress\/wp-content\/2023\/11\/IMG_5432.jpeg?fit=1200%2C977&ssl=1&resize=350%2C200 1x, https:\/\/i0.wp.com\/stichelstube.capricorna.de\/wordpress\/wp-content\/2023\/11\/IMG_5432.jpeg?fit=1200%2C977&ssl=1&resize=525%2C300 1.5x, https:\/\/i0.wp.com\/stichelstube.capricorna.de\/wordpress\/wp-content\/2023\/11\/IMG_5432.jpeg?fit=1200%2C977&ssl=1&resize=700%2C400 2x, https:\/\/i0.wp.com\/stichelstube.capricorna.de\/wordpress\/wp-content\/2023\/11\/IMG_5432.jpeg?fit=1200%2C977&ssl=1&resize=1050%2C600 3x"},"classes":[]}],"_links":{"self":[{"href":"https:\/\/stichelstube.capricorna.de\/wordpress\/wp-json\/wp\/v2\/posts\/181","targetHints":{"allow":["GET"]}}],"collection":[{"href":"https:\/\/stichelstube.capricorna.de\/wordpress\/wp-json\/wp\/v2\/posts"}],"about":[{"href":"https:\/\/stichelstube.capricorna.de\/wordpress\/wp-json\/wp\/v2\/types\/post"}],"author":[{"embeddable":true,"href":"https:\/\/stichelstube.capricorna.de\/wordpress\/wp-json\/wp\/v2\/users\/2"}],"replies":[{"embeddable":true,"href":"https:\/\/stichelstube.capricorna.de\/wordpress\/wp-json\/wp\/v2\/comments?post=181"}],"version-history":[{"count":0,"href":"https:\/\/stichelstube.capricorna.de\/wordpress\/wp-json\/wp\/v2\/posts\/181\/revisions"}],"wp:attachment":[{"href":"https:\/\/stichelstube.capricorna.de\/wordpress\/wp-json\/wp\/v2\/media?parent=181"}],"wp:term":[{"taxonomy":"category","embeddable":true,"href":"https:\/\/stichelstube.capricorna.de\/wordpress\/wp-json\/wp\/v2\/categories?post=181"},{"taxonomy":"post_tag","embeddable":true,"href":"https:\/\/stichelstube.capricorna.de\/wordpress\/wp-json\/wp\/v2\/tags?post=181"}],"curies":[{"name":"wp","href":"https:\/\/api.w.org\/{rel}","templated":true}]}}