{"id":185,"date":"2005-02-12T22:04:00","date_gmt":"2005-02-12T21:04:00","guid":{"rendered":"http:\/\/stichelstube.capricorna.de\/wordpress\/2005\/02\/12\/185\/"},"modified":"2005-02-12T22:04:00","modified_gmt":"2005-02-12T21:04:00","slug":"185","status":"publish","type":"post","link":"https:\/\/stichelstube.capricorna.de\/wordpress\/2005\/02\/12\/185\/","title":{"rendered":""},"content":{"rendered":"<p>Heute habe ich mal wieder meine Stoffreste sortiert und ziemlich gnadenlos weggeschmissen. Man denkt ja erst immer, man k\u00f6nnte sie irgendwann mal brauchen, aber wenn ich so dar\u00fcber nachdenke, wie oft ich in den letzten Monaten in meine Restekiste gegriffen habe, dann geht die Zahl eigentlich gegen null. Auf Anhieb f\u00e4llt mir jedenfalls nichts ein. &#8211; Nach einigem Nachdenken immer noch nichts. Die Angewohnheit, den ganzen Kram aufzubewahren, geh\u00f6rt vermutlich in die gleiche Kategorie wie die Silvester-Vors\u00e4tze &#8211; hehre Ziele, aber im Grunde Selbstbetrug.<\/p>\n<p>Nat\u00fcrlich habe ich es auch diesmal nicht geschafft, alles wegzuschmei\u00dfen. Meine Kiste ist immer noch voll, aber jetzt quillt nichts mehr \u00fcber, und s\u00e4mtliche im Raum verstreuten Reste-H\u00e4ufchen sind verschwunden. Aus einigen Resten kann ich m\u00f6glicherweise Baby-Sachen machen oder sie zumindest als Probestoffe daf\u00fcr verwenden. Andere sind gro\u00df genug f\u00fcr schlichte Shirts und Tops f\u00fcr mich, oder so sch\u00f6n, dass man sie als Tasche oder Applikation verwenden k\u00f6nnte. Irgendwann mal. Vielleicht. Wenn ich Zeit habe. &#8230;. *g*<\/p>\n<p>N\u00e4chsten Montag beginnt der N\u00e4hkurs wieder. Ich habe jede Menge Pl\u00e4ne f\u00fcr neue Sachen, mal sehen, ob ich die alle umsetzen kann.<\/p>\n","protected":false},"excerpt":{"rendered":"<p>Heute habe ich mal wieder meine Stoffreste sortiert und ziemlich gnadenlos weggeschmissen. Man denkt ja erst immer, man k\u00f6nnte sie irgendwann mal brauchen, aber wenn ich so dar\u00fcber nachdenke, wie oft ich in den letzten Monaten in meine Restekiste gegriffen habe, dann geht die Zahl eigentlich gegen null. Auf Anhieb f\u00e4llt mir jedenfalls nichts ein. &hellip; <a href=\"https:\/\/stichelstube.capricorna.de\/wordpress\/2005\/02\/12\/185\/\" class=\"more-link\"><span class=\"screen-reader-text\">\u201e\u201c <\/span>weiterlesen<\/a><\/p>\n","protected":false},"author":2,"featured_media":0,"comment_status":"open","ping_status":"open","sticky":false,"template":"","format":"standard","meta":{"jetpack_post_was_ever_published":false,"_jetpack_newsletter_access":"","_jetpack_dont_email_post_to_subs":false,"_jetpack_newsletter_tier_id":0,"_jetpack_memberships_contains_paywalled_content":false,"_jetpack_memberships_contains_paid_content":false,"footnotes":"","jetpack_publicize_message":"","jetpack_publicize_feature_enabled":true,"jetpack_social_post_already_shared":false,"jetpack_social_options":{"image_generator_settings":{"template":"highway","default_image_id":0,"font":"","enabled":false},"version":2}},"categories":[1],"tags":[],"class_list":["post-185","post","type-post","status-publish","format-standard","hentry","category-allgemein"],"jetpack_publicize_connections":[],"jetpack_featured_media_url":"","jetpack_sharing_enabled":true,"jetpack_shortlink":"https:\/\/wp.me\/s6Znca-185","jetpack-related-posts":[{"id":870,"url":"https:\/\/stichelstube.capricorna.de\/wordpress\/2011\/10\/05\/die-letzten-sommertage\/","url_meta":{"origin":185,"position":0},"title":"Die letzten Sommertage","author":"Kerstin","date":"5. Oktober 2011","format":false,"excerpt":"am letzten langen Wochenende habe ich mit diesem Kleid leider nicht mehr mitnehmen k\u00f6nnen, weil es noch nicht fertig ist; aber der n\u00e4chste Sommer kommt bestimmt! Den Stoff, einen Viskose-Jersey, hatte ich vor ein paar Wochen im Alsterhaus gefunden; ein Besuch dort lohnt sich \u00fcbrigens unbedingt. Eigentlich wollte ich damit\u2026","rel":"","context":"In &quot;Allgemein&quot;","block_context":{"text":"Allgemein","link":"https:\/\/stichelstube.capricorna.de\/wordpress\/category\/allgemein\/"},"img":{"alt_text":"","src":"https:\/\/i0.wp.com\/www.capricorna.de\/naehen\/blogpics\/20111005_blaueskleid2.jpg?resize=350%2C200","width":350,"height":200},"classes":[]},{"id":103,"url":"https:\/\/stichelstube.capricorna.de\/wordpress\/2004\/05\/25\/103\/","url_meta":{"origin":185,"position":1},"title":"Heute sind meine Vogue-Schnitte gekommen,\u2026","author":"Kerstin","date":"25. Mai 2004","format":false,"excerpt":"Heute sind meine Vogue-Schnitte gekommen, die ich mir vor knapp zwei Wochen in Amerika bestellt hatte. Die Schnittf\u00fchrung von dem Issey Miyake-Top ist wirklich interessant; eigentlich einfach, wenn man drauf kommt, aber vorher zerbricht man sich den Kopf, wie das gehen soll: Heute abend scanne ich die kleine Schnitt\u00fcbersicht mal\u2026","rel":"","context":"In &quot;Allgemein&quot;","block_context":{"text":"Allgemein","link":"https:\/\/stichelstube.capricorna.de\/wordpress\/category\/allgemein\/"},"img":{"alt_text":"","src":"","width":0,"height":0},"classes":[]},{"id":1305,"url":"https:\/\/stichelstube.capricorna.de\/wordpress\/2016\/08\/07\/fruehjahrsputz\/","url_meta":{"origin":185,"position":2},"title":"Fr\u00fchjahrsputz im Nicht-Sommer","author":"Kerstin","date":"7. August 2016","format":false,"excerpt":"Ich habe seit Mai, oh Wunder, einige sch\u00f6ne Teile fertig gen\u00e4ht, \u00fcber die ich noch gar nicht geschrieben habe, aber das kommt sp\u00e4ter. Jetzt gerade will ich \u00fcber Ausmisten schreiben. Das ist ein Thema, das mich immer wieder umtreibt. Ich war oder bin eine gro\u00dfe Sammlerin; gottseidank beschr\u00e4nkte sich das\u2026","rel":"","context":"In &quot;Allgemein&quot;","block_context":{"text":"Allgemein","link":"https:\/\/stichelstube.capricorna.de\/wordpress\/category\/allgemein\/"},"img":{"alt_text":"","src":"","width":0,"height":0},"classes":[]},{"id":163,"url":"https:\/\/stichelstube.capricorna.de\/wordpress\/2004\/11\/09\/163\/","url_meta":{"origin":185,"position":3},"title":"Eigentlich wollte ich mit meiner\u2026","author":"Kerstin","date":"9. November 2004","format":false,"excerpt":"Eigentlich wollte ich mit meiner Fleece-Jacke weitermachen. Das Schnittmuster habe ich jetzt soweit abge\u00e4ndert, dass es passt. Aber die Zeit wurde knapp bis zum N\u00e4hkurs, und ich konnte mich nicht entscheiden, wie ich das Muster beim Ausschneiden ber\u00fccksichtigen sollte. Das Muster hat so sch\u00f6ne gro\u00dfe \"Blumen\", die ich gerne auf\u2026","rel":"","context":"In &quot;Allgemein&quot;","block_context":{"text":"Allgemein","link":"https:\/\/stichelstube.capricorna.de\/wordpress\/category\/allgemein\/"},"img":{"alt_text":"","src":"","width":0,"height":0},"classes":[]},{"id":295,"url":"https:\/\/stichelstube.capricorna.de\/wordpress\/2006\/06\/20\/verborgenes-schatzchen\/","url_meta":{"origin":185,"position":4},"title":"Verborgenes Sch\u00e4tzchen?","author":"Kerstin","date":"20. Juni 2006","format":false,"excerpt":"Auf der Suche nach einem Probestoff f\u00fcr mein Oberteil ist mir gerade ein St\u00f6ffchen in die H\u00e4nde gefallen, das ich vor einiger Zeit von einer Kollegin geschenkt bekommen hatte - aus ihrem Fundus f\u00fcr ihre sch\u00f6nen Stoffbilder, die sie fr\u00fcher mal gemacht hatte.Ich guckte mir den Stoff heute das erste\u2026","rel":"","context":"In &quot;Allgemein&quot;","block_context":{"text":"Allgemein","link":"https:\/\/stichelstube.capricorna.de\/wordpress\/category\/allgemein\/"},"img":{"alt_text":"","src":"","width":0,"height":0},"classes":[]},{"id":53,"url":"https:\/\/stichelstube.capricorna.de\/wordpress\/2004\/01\/11\/53\/","url_meta":{"origin":185,"position":5},"title":"Frohes Neues und ein erfolgreiches\u2026","author":"Kerstin","date":"11. Januar 2004","format":false,"excerpt":"Frohes Neues und ein erfolgreiches (N\u00e4h-)Jahr w\u00fcnsche ich! Der Schlafanzug hat mir in unserem Holland-Urlaub gute Dienste geleistet, und er wurde allgemein bewundert. Der Nachteil eines solchen Anzugs stellte sich erst beim Aufsuchen gewisser \u00d6rtlichkeiten heraus... Vielleicht sollte ich mal \u00fcber ein Modell mit Klappe nachdenken? ;-) Die Weste, die\u2026","rel":"","context":"In &quot;Allgemein&quot;","block_context":{"text":"Allgemein","link":"https:\/\/stichelstube.capricorna.de\/wordpress\/category\/allgemein\/"},"img":{"alt_text":"","src":"","width":0,"height":0},"classes":[]}],"_links":{"self":[{"href":"https:\/\/stichelstube.capricorna.de\/wordpress\/wp-json\/wp\/v2\/posts\/185","targetHints":{"allow":["GET"]}}],"collection":[{"href":"https:\/\/stichelstube.capricorna.de\/wordpress\/wp-json\/wp\/v2\/posts"}],"about":[{"href":"https:\/\/stichelstube.capricorna.de\/wordpress\/wp-json\/wp\/v2\/types\/post"}],"author":[{"embeddable":true,"href":"https:\/\/stichelstube.capricorna.de\/wordpress\/wp-json\/wp\/v2\/users\/2"}],"replies":[{"embeddable":true,"href":"https:\/\/stichelstube.capricorna.de\/wordpress\/wp-json\/wp\/v2\/comments?post=185"}],"version-history":[{"count":0,"href":"https:\/\/stichelstube.capricorna.de\/wordpress\/wp-json\/wp\/v2\/posts\/185\/revisions"}],"wp:attachment":[{"href":"https:\/\/stichelstube.capricorna.de\/wordpress\/wp-json\/wp\/v2\/media?parent=185"}],"wp:term":[{"taxonomy":"category","embeddable":true,"href":"https:\/\/stichelstube.capricorna.de\/wordpress\/wp-json\/wp\/v2\/categories?post=185"},{"taxonomy":"post_tag","embeddable":true,"href":"https:\/\/stichelstube.capricorna.de\/wordpress\/wp-json\/wp\/v2\/tags?post=185"}],"curies":[{"name":"wp","href":"https:\/\/api.w.org\/{rel}","templated":true}]}}