{"id":2227,"date":"2023-02-28T17:00:00","date_gmt":"2023-02-28T16:00:00","guid":{"rendered":"https:\/\/stichelstube.capricorna.de\/wordpress\/?p=2227"},"modified":"2023-04-02T18:15:04","modified_gmt":"2023-04-02T16:15:04","slug":"wohlfuehl-schnitt-die-zweite","status":"publish","type":"post","link":"https:\/\/stichelstube.capricorna.de\/wordpress\/2023\/02\/28\/wohlfuehl-schnitt-die-zweite\/","title":{"rendered":"Wohlf\u00fchl-Schnitt, die zweite"},"content":{"rendered":"\n<p>Gerade rechtzeitig zum Ende des Monats Februar bin ich mit dem zweiten Kleidungsst\u00fcck dieses Jahres fertig geworden. Wenn das so weiter geht, habe ich Ende des Jahres sage und schreibe zw\u00f6lf Teile vorzuweisen \ud83d\ude04 &#8211; na, mal sehen, wie es l\u00e4uft. \ud83d\ude09<\/p>\n\n\n\n<figure class=\"wp-block-image size-large\"><img data-recalc-dims=\"1\" decoding=\"async\" src=\"https:\/\/i0.wp.com\/www.capricorna.de\/naehen\/pics_fertig\/20230402_leinenjerseytop.jpeg?w=840\" alt=\"\"\/><\/figure>\n\n\n\n<p>Wieder ein Top, wieder ein recycelter Stoff. Das Original war ein Cynthia Rowley-Racerback-Top aus sehr feinem Leinenjersey &#8211; als ich das Teil bei TKMaxx auf dem B\u00fcgel gesehen habe, wu\u00dfte ich, dass ich das mitnehmen musste! Wann bekommt man schon einmal so einen tollen Stoff in einer passenden Farbe zu dem Preis in die Finger?! Die Gr\u00f6\u00dfe war sogar meine, aber der Stil war mir zu weit (das Foto t\u00e4uscht; das war locker doppelt so breit wie ich) und die Tr\u00e4ger waren viiiiiiel zu lang. Vermutlich Absicht? Aber nicht mein Stil.<\/p>\n\n\n\n<figure class=\"wp-block-image size-large is-resized\"><img data-recalc-dims=\"1\" loading=\"lazy\" decoding=\"async\" src=\"https:\/\/i0.wp.com\/www.capricorna.de\/naehen\/blogpics\/20230402_leinenjerseytop_vorher.jpeg?resize=250%2C504\" alt=\"\" width=\"250\" height=\"504\"\/><\/figure>\n\n\n\n<p>Ich hatte zun\u00e4chst \u00fcberlegt, ob ich die Tr\u00e4gerl\u00f6sung retten kann, aber der Stoff war unm\u00f6glich zu trennen, ohne ihn versehentlich zu zerst\u00f6ren, und einfach k\u00fcrzer n\u00e4hen w\u00e4re mir wegen der Einfassungen am Rand zu dick geworden. Schade, aber nicht zu \u00e4ndern.<\/p>\n\n\n\n<p>Nach einigem Suchen habe ich wieder auf einen bew\u00e4hrten Schnitt zur\u00fcckgegriffen, das <a rel=\"noreferrer noopener\" href=\"https:\/\/itch-to-stitch.com\/product\/vienna-tank-digital-sewing-pattern-pdf\/?doing_wp_cron=1677618767.9638199806213378906250\" target=\"_blank\">Vienna Tank von Itch-to-Stitch<\/a>. Von dem habe ich schon zwei Teile im Schrank, eines davon sogar auch schon in Dunkelblau, aber der Schnitt ist auch wirklich klasse! Durch den (optionalen) Materialmix, den Schlitz, die B\u00e4nder und optional die R\u00fcsche ist es viel interessanter als die \u00fcblichen Sommer-Tops und kann richtig schick aussehen. Die obere Passe wird mit einer geschickten Technik so sauber verarbeitet, dass alle Nahtzugaben innen liegen; solche cleveren Details liebe ich. Die R\u00fcsche habe ich nat\u00fcrlich weggelassen; die ist nicht so mein Stil. \ud83d\ude09<\/p>\n\n\n\n<p>Wenn der Leinenjersey nicht so durchscheinend w\u00e4re, w\u00e4re das sogar b\u00fcrotauglich durch die breiten Tr\u00e4ger und die interessanten Details, die man auf dem ersten Foto dank meiner rudiment\u00e4ren Beleuchtung nicht gut erkennen kann. Aber mit der Stoffqualit\u00e4t ist das eher was f\u00fcr den Balkon oder die Freizeit.<\/p>\n\n\n\n<figure class=\"wp-block-image size-large\"><img data-recalc-dims=\"1\" decoding=\"async\" src=\"https:\/\/i0.wp.com\/www.capricorna.de\/naehen\/blogpics\/20230402_leinenjerseytop_detail.jpeg?w=840\" alt=\"\"\/><\/figure>\n\n\n\n<p>F\u00fcr den Zuschnitt musste ich die angeschnittenen vorderen Blenden weglassen, und die Falte im R\u00fcckenteil ebenfalls schmaler arbeiten. Sonst w\u00e4re es trotz des ziemlich breiten Originals nicht hingekommen. Ich habe lange hin und her \u00fcberlegt, wie ich die Schlitz\u00f6ffnung trotzdem h\u00fcbsch vers\u00e4ubern kann. Zuerst dachte ich an einen Beleg am Oberteil, aber dann h\u00e4tte ich das Problem gehabt, wie ich die untere Kante des Belegs vers\u00e4ubere und ob und wie ich die befestige. Da der Leinenjersey so d\u00fcnn ist, h\u00e4tte man aber einen Teil-Beleg immer von au\u00dfen komplett erkennen k\u00f6nnen, und das fand ich dann nicht so sch\u00f6n.<\/p>\n\n\n\n<p>Nach langem \u00dcberlegen habe ich mich dann daf\u00fcr entschieden, die Nahtzugaben auf ganzer L\u00e4nge mit einem dagegen gen\u00e4hten Band aus dem Passen-Stoff abzudecken. Die sieht man dann oben, wenn ich die Bandenden nicht zuknote, aber das ist hier ein weiteres sch\u00f6nes Detail, finde ich. Der Passen-Stoff ist ein tief-dunkelblauer, d\u00fcnner Viskose-Stoff, den ich schon bei meinem letzten Projekt als Erg\u00e4nzung eingesetzt hatte. Auch das Band, mit dem gleichzeitig der Halsausschnitt vers\u00e4ubert wird &#8211; noch so ein sch\u00f6nes Detail &#8211; ist aus der Viskose zugeschnitten.<\/p>\n\n\n\n<p>Die wenigen Reste vom Leinenjersey haben dann noch gerade gereicht, um ein paar Streifen zum Einfassen der unteren Armausschnitte raus zu bekommen. Bei deren Verarbeitung habe ich mir leider die Anleitung vorher nicht durchgelesen und hatte die schon komplett auf den jeweiligen Nahtzugaben angen\u00e4ht. Das w\u00e4re mir beim Zusammenn\u00e4hen der Seitenn\u00e4hte dann wiederum zu dick gewesen. Beim Versuch, die Enden ein paar Zentimeter abzutrennen habe ich den Stoff dann teilweise durchl\u00f6chert &#8211; dunkelblaues Garn in fast ebenso feinf\u00e4digem dunkelblauen Stoff ohne Schaden zu trennen, war ein Ding der Unm\u00f6glichkeit, trotz meiner \u201eeingebauten\u201c Lupe (minus 8 Dioptrien) und einer sehr guten Tageslichtlampe. Darum musste ich hier auf dem letzten Meter noch eine Notl\u00f6sung einbauen und habe die paar Zentimeter unter der Achsel nach dem Schlie\u00dfen der Seitenn\u00e4hte dann noch mit je einem weiteren Viskose-Streifen eingefasst. Nicht sch\u00f6n, aber selten. Und an der Stelle echt nicht so wichtig. \ud83e\udd37\u200d\u2640\ufe0f<\/p>\n\n\n\n<p>Jetzt ist es jedenfalls bereit f\u00fcr einen hei\u00dfen Sommer. \ud83d\ude0c<\/p>\n","protected":false},"excerpt":{"rendered":"<p>Gerade rechtzeitig zum Ende des Monats Februar bin ich mit dem zweiten Kleidungsst\u00fcck dieses Jahres fertig geworden. Wenn das so weiter geht, habe ich Ende des Jahres sage und schreibe zw\u00f6lf Teile vorzuweisen \ud83d\ude04 &#8211; na, mal sehen, wie es l\u00e4uft. \ud83d\ude09 Wieder ein Top, wieder ein recycelter Stoff. Das Original war ein Cynthia Rowley-Racerback-Top &hellip; <a href=\"https:\/\/stichelstube.capricorna.de\/wordpress\/2023\/02\/28\/wohlfuehl-schnitt-die-zweite\/\" class=\"more-link\"><span class=\"screen-reader-text\">\u201eWohlf\u00fchl-Schnitt, die zweite\u201c <\/span>weiterlesen<\/a><\/p>\n","protected":false},"author":2,"featured_media":0,"comment_status":"open","ping_status":"open","sticky":false,"template":"","format":"standard","meta":{"jetpack_post_was_ever_published":false,"_jetpack_newsletter_access":"","_jetpack_dont_email_post_to_subs":false,"_jetpack_newsletter_tier_id":0,"_jetpack_memberships_contains_paywalled_content":false,"_jetpack_memberships_contains_paid_content":false,"footnotes":"","jetpack_publicize_message":"","jetpack_publicize_feature_enabled":true,"jetpack_social_post_already_shared":true,"jetpack_social_options":{"image_generator_settings":{"template":"highway","default_image_id":0,"font":"","enabled":false},"version":2}},"categories":[5,19],"tags":[],"class_list":["post-2227","post","type-post","status-publish","format-standard","hentry","category-fertig","category-reduce-reuse-recycle"],"jetpack_publicize_connections":[],"jetpack_featured_media_url":"","jetpack_sharing_enabled":true,"jetpack_shortlink":"https:\/\/wp.me\/p6Znca-zV","jetpack-related-posts":[{"id":595,"url":"https:\/\/stichelstube.capricorna.de\/wordpress\/2009\/06\/29\/ufo-tag\/","url_meta":{"origin":2227,"position":0},"title":"Ufo-Tag","author":"Kerstin","date":"29. Juni 2009","format":false,"excerpt":"Angeregt durch einen Beitrag im HS-Forum und genervt von meinem vollgestellten N\u00e4hzimmer, starte ich wieder mal einen neuen Versuch, mich durch meine Ufos zu k\u00e4mpfen. Mein blog-Archiv verr\u00e4t mir, dass meine letzte Ufo-Aktion schlappe zwei Jahre her ist. Und kaum sind Hochzeit, Jobsuche, Umzug und Einleben in der neuen Stadt\u2026","rel":"","context":"In &quot;Ufo&quot;","block_context":{"text":"Ufo","link":"https:\/\/stichelstube.capricorna.de\/wordpress\/category\/ufo\/"},"img":{"alt_text":"Ufo - Franzius-Jacke","src":"https:\/\/i0.wp.com\/www.capricorna.de\/naehen\/blogpics\/Ufo_06_2009_1.jpg?resize=350%2C200","width":350,"height":200},"classes":[]},{"id":28,"url":"https:\/\/stichelstube.capricorna.de\/wordpress\/2003\/08\/24\/28\/","url_meta":{"origin":2227,"position":1},"title":"Zwischen die Hose und das\u2026","author":"Kerstin","date":"24. August 2003","format":false,"excerpt":"Zwischen die Hose und das Top ist mir jetzt noch eine Tasche dazwischengekommen :-) Ich hatte mir letztens einen kleinen Fahrrad-Korb gekauft, und damit ich auch bei Regenwetter meine Sachen trocken transportieren kann, habe ich mir eine Tasche entworfen, die auch schon fast fertig ist. Ich hatte noch einen braunen,\u2026","rel":"","context":"In &quot;Allgemein&quot;","block_context":{"text":"Allgemein","link":"https:\/\/stichelstube.capricorna.de\/wordpress\/category\/allgemein\/"},"img":{"alt_text":"","src":"","width":0,"height":0},"classes":[]},{"id":345,"url":"https:\/\/stichelstube.capricorna.de\/wordpress\/2007\/06\/24\/ufo-liste\/","url_meta":{"origin":2227,"position":2},"title":"Ufo-Liste","author":"Kerstin","date":"24. Juni 2007","format":false,"excerpt":"Drei Stunden ohne Strom k\u00f6nnen auch mal sehr n\u00fctzlich sein: Gestern hat unser Vermieter uns neue Steckdosen und Schalter angebracht, um das bunte Sammelsurium, das uns unser Vormieter hinterlassen hatte, mal etwas in Ordnung zu bringen. Wir wohnen ja auch erst acht Jahre hier... ;-) - Daf\u00fcr hat er sich\u2026","rel":"","context":"In &quot;Ufo&quot;","block_context":{"text":"Ufo","link":"https:\/\/stichelstube.capricorna.de\/wordpress\/category\/ufo\/"},"img":{"alt_text":"","src":"","width":0,"height":0},"classes":[]},{"id":15,"url":"https:\/\/stichelstube.capricorna.de\/wordpress\/2003\/06\/05\/15\/","url_meta":{"origin":2227,"position":3},"title":"Nachtrag vom 02. Juni, weil\u2026","author":"Kerstin","date":"5. Juni 2003","format":false,"excerpt":"Nachtrag vom 02. Juni, weil ich Blogger da nicht erreichen konnte: Ja, das T-Shirt ist fast fertig. Ich habe Vorderteil und R\u00fcckenteil vertauscht, weil ich gemerkt habe, dass das R\u00fcckenteil den etwas tieferen Ausschnitt hat. Am Vorderteil war er mir zu hoch, zu nah am Hals oder eher an der\u2026","rel":"","context":"In &quot;Allgemein&quot;","block_context":{"text":"Allgemein","link":"https:\/\/stichelstube.capricorna.de\/wordpress\/category\/allgemein\/"},"img":{"alt_text":"","src":"","width":0,"height":0},"classes":[]},{"id":2198,"url":"https:\/\/stichelstube.capricorna.de\/wordpress\/2023\/01\/27\/neuer-anlauf-zweite-chance\/","url_meta":{"origin":2227,"position":4},"title":"Neuer Anlauf, zweite Chance","author":"Kerstin","date":"27. Januar 2023","format":false,"excerpt":"\u00c4nderung eines gekauften XL-Shirts in ein Top in Gr. 36","rel":"","context":"In &quot;Fertig&quot;","block_context":{"text":"Fertig","link":"https:\/\/stichelstube.capricorna.de\/wordpress\/category\/fertig\/"},"img":{"alt_text":"Oberk\u00f6rper einer weiblichen Person in einem dunkelblauen Tank-Top","src":"https:\/\/i0.wp.com\/stichelstube.capricorna.de\/wordpress\/wp-content\/2023\/01\/6C5C1590-3826-424B-8460-E674F9EB946F.jpeg?fit=550%2C640&ssl=1&resize=350%2C200","width":350,"height":200,"srcset":"https:\/\/i0.wp.com\/stichelstube.capricorna.de\/wordpress\/wp-content\/2023\/01\/6C5C1590-3826-424B-8460-E674F9EB946F.jpeg?fit=550%2C640&ssl=1&resize=350%2C200 1x, https:\/\/i0.wp.com\/stichelstube.capricorna.de\/wordpress\/wp-content\/2023\/01\/6C5C1590-3826-424B-8460-E674F9EB946F.jpeg?fit=550%2C640&ssl=1&resize=525%2C300 1.5x"},"classes":[]},{"id":1204,"url":"https:\/\/stichelstube.capricorna.de\/wordpress\/2015\/04\/27\/vom-ufo-zum-lieblingsteil\/","url_meta":{"origin":2227,"position":5},"title":"Vom Ufo zum Lieblingsteil","author":"Kerstin","date":"27. April 2015","format":false,"excerpt":"Das ging schnell! Gestern und vorgestern machte ich mich daran, das erste der lange vergessenen Ufos endlich fertigzustellen. Weil das blaue Shirt damals schon weiter gediehen war, fing ich mit diesem an. Die gerundeten Eins\u00e4tze oben, die auch die R\u00fcckseite zieren, habe ich bei diesem Versuch ein wenig faltenfreier einsetzen\u2026","rel":"","context":"In &quot;Fertig&quot;","block_context":{"text":"Fertig","link":"https:\/\/stichelstube.capricorna.de\/wordpress\/category\/fertig\/"},"img":{"alt_text":"","src":"https:\/\/i0.wp.com\/www.capricorna.de\/naehen\/pics_fertig\/20150427_sportshirt_blauweiss.jpg?resize=350%2C200","width":350,"height":200},"classes":[]}],"_links":{"self":[{"href":"https:\/\/stichelstube.capricorna.de\/wordpress\/wp-json\/wp\/v2\/posts\/2227","targetHints":{"allow":["GET"]}}],"collection":[{"href":"https:\/\/stichelstube.capricorna.de\/wordpress\/wp-json\/wp\/v2\/posts"}],"about":[{"href":"https:\/\/stichelstube.capricorna.de\/wordpress\/wp-json\/wp\/v2\/types\/post"}],"author":[{"embeddable":true,"href":"https:\/\/stichelstube.capricorna.de\/wordpress\/wp-json\/wp\/v2\/users\/2"}],"replies":[{"embeddable":true,"href":"https:\/\/stichelstube.capricorna.de\/wordpress\/wp-json\/wp\/v2\/comments?post=2227"}],"version-history":[{"count":9,"href":"https:\/\/stichelstube.capricorna.de\/wordpress\/wp-json\/wp\/v2\/posts\/2227\/revisions"}],"predecessor-version":[{"id":2255,"href":"https:\/\/stichelstube.capricorna.de\/wordpress\/wp-json\/wp\/v2\/posts\/2227\/revisions\/2255"}],"wp:attachment":[{"href":"https:\/\/stichelstube.capricorna.de\/wordpress\/wp-json\/wp\/v2\/media?parent=2227"}],"wp:term":[{"taxonomy":"category","embeddable":true,"href":"https:\/\/stichelstube.capricorna.de\/wordpress\/wp-json\/wp\/v2\/categories?post=2227"},{"taxonomy":"post_tag","embeddable":true,"href":"https:\/\/stichelstube.capricorna.de\/wordpress\/wp-json\/wp\/v2\/tags?post=2227"}],"curies":[{"name":"wp","href":"https:\/\/api.w.org\/{rel}","templated":true}]}}