{"id":252,"date":"2006-02-07T21:46:00","date_gmt":"2006-02-07T20:46:00","guid":{"rendered":"http:\/\/stichelstube.capricorna.de\/wordpress\/2006\/02\/07\/252\/"},"modified":"2006-02-07T21:46:00","modified_gmt":"2006-02-07T20:46:00","slug":"252","status":"publish","type":"post","link":"https:\/\/stichelstube.capricorna.de\/wordpress\/2006\/02\/07\/252\/","title":{"rendered":""},"content":{"rendered":"<p>Jetzt habe ich meine Ovi gerade mal zwei Wochen, und m\u00f6chte sie schon nicht mehr missen! \ud83d\ude00<\/p>\n<p>Kaum vorstellbar, dass ich fr\u00fcher immer gedacht hatte, sowas br\u00e4uchte ich nicht&#8230; *g*<\/p>\n<p>Es ist so einfach und schnell geworden, dehnbare Stoffe zu n\u00e4hen&#8230; und der Differentialtransport ist unbezahlbar!<\/p>\n<p>Ich muss allerdings sagen, dass die Gebrauchsanleitung der Bernina zwar vollkommen ausreichend ist, wenn es um die Bedienung geht, aber was mit so einer Maschine alles &#8211; noch &#8211; m\u00f6glich ist, erschliesst sich einem erst durch die richtige Fachliteratur. Ich hatte mir direkt zwei englisch-sprachige B\u00fccher gekauft, Singers <a href=\"http:\/\/www.amazon.de\/exec\/obidos\/ASIN\/0865733309\/capricorndeke-21\" target=\"_blank\">&#8222;Sewing with a Serger&#8220;<\/a> und <a href=\"http:\/\/www.amazon.de\/exec\/obidos\/ASIN\/0801986451\/capricorndeke-21\" target=\"_blank\">&#8222;The ultimate Serger Answer Guide&#8220;<\/a>, und da bleibt wirklich keine Frage offen&#8230; Und man bekommt so viele Ideen! Von der grundlegenden Technik, Anwendung, Pflege und Neukauf geht es zu den sehr interessanten Themen, wie die jeweiligen N\u00e4hte aussehen sollten, was man einstellen kann, um sie richtig hinzubekommen, und wie man sie einsetzt. Ausserdem Tipps, wie man welches Kleidungsst\u00fcck optimalerweise mit einer Ovi n\u00e4ht, und was geht und was eben nicht geht.<\/p>\n<p>Ab und zu liest man ja von Leuten, die ihre Ovi nur zum Vers\u00e4ubern benutzen; das finde ich sehr schade. Was mich aber fast noch mehr irritiert sind diejenigen, die sagen, sie h\u00e4tten bei ihrer Ovi noch nie die Fadenspannung verstellen m\u00fcssen; jede Naht w\u00e4re einfach so richtig&#8230; N\u00e4hen die immer nur den gleichen Stoff? Es kommt mir jedenfalls seltsam vor, wenn ich mir meine B\u00fccher so ansehe, und mich erinnere, was ich alleine in den letzten zwei Wochen so verstellt habe, um die Naht zu optimieren. Ich mache grunds\u00e4tzlich aus den Zuschnittresten ein paar Testn\u00e4hte, und schaue mir die Naht genau an, und bei Zweifeln schaue ich in meinen schlauen B\u00fcchern nach, um mir Tipps zu holen. Mal schauen, wie meine ersten N\u00e4hte den Langzeittest in der Waschmaschine \u00fcberstehen, aber ich bin guter Hoffnung \ud83d\ude42<\/p>\n<p>Ausserdem habe ich wieder mal der Versuchung nicht widerstehen k\u00f6nnen, und habe meinen Lieblings-Stoffh\u00e4ndler besucht, Korst. Ich betrete dieses Paradies so selten wie m\u00f6glich, weil die immer so tolle Sachen haben, und das nicht gut f\u00fcr meinen Geldbeutel w\u00e4re&#8230; Aber jetzt musste es einfach sein; ich suchte n\u00e4mlich einen vern\u00fcnftigen Hosenstoff. Ich habe mir jetzt zwei Hosen gen\u00e4ht, die ich in der \u00d6ffentlichkeit tragen kann, aber bei beiden habe ich das Problem, dass die Stoffe recht schnell ausleiern. Die braune Hose mit dem leichten Elasthan-Anteil wurde insgesamt immer viel weiter und schlabberig. Und die schwarze Hose neulich wurde auch mit jedem Tag weiter, und beulte speziell an den Knien sehr aus; die war allerdings auch aus reiner Baumwolle.<\/p>\n<p>Also suchte ich einen &#8222;richtigen&#8220; Hosenstoff, wie ihn auch die Kleidungsproduzenten verwenden, und dachte mir, dass ich bei Korst am ehesten f\u00fcndig werden w\u00fcrde, weil der ja \u00dcberh\u00e4nge aus Designer-Kollektionen verkauft. Tats\u00e4chlich habe ich zwei sehr sch\u00f6ne Stoffe aus Baumwolle mit Elasthan gefunden, die einen guten Eindruck machen. Einer in schwarz &#8211; meine neue Basisfarbe &#8211; und f\u00fcr den Sommer habe ich mich in ein leuchtendes T\u00fcrkis verliebt, f\u00fcr das ich hoffentlich mutig genug sein werde, um es zu tragen&#8230; \ud83d\ude09<\/p>\n<p>Aber jetzt wird erstmal mein Fleece-Pullover fertig gen\u00e4ht. Danach kommt vielleicht der gestreifte Strickstoff dran, denn ich brauche dringend noch ein paar kuschelige Pullover bei diesem Sauwetter.<\/p>\n","protected":false},"excerpt":{"rendered":"<p>Jetzt habe ich meine Ovi gerade mal zwei Wochen, und m\u00f6chte sie schon nicht mehr missen! \ud83d\ude00 Kaum vorstellbar, dass ich fr\u00fcher immer gedacht hatte, sowas br\u00e4uchte ich nicht&#8230; *g* Es ist so einfach und schnell geworden, dehnbare Stoffe zu n\u00e4hen&#8230; und der Differentialtransport ist unbezahlbar! Ich muss allerdings sagen, dass die Gebrauchsanleitung der Bernina &hellip; <a href=\"https:\/\/stichelstube.capricorna.de\/wordpress\/2006\/02\/07\/252\/\" class=\"more-link\"><span class=\"screen-reader-text\">\u201e\u201c <\/span>weiterlesen<\/a><\/p>\n","protected":false},"author":2,"featured_media":0,"comment_status":"open","ping_status":"open","sticky":false,"template":"","format":"standard","meta":{"jetpack_post_was_ever_published":false,"_jetpack_newsletter_access":"","_jetpack_dont_email_post_to_subs":false,"_jetpack_newsletter_tier_id":0,"_jetpack_memberships_contains_paywalled_content":false,"_jetpack_memberships_contains_paid_content":false,"footnotes":"","jetpack_publicize_message":"","jetpack_publicize_feature_enabled":true,"jetpack_social_post_already_shared":false,"jetpack_social_options":{"image_generator_settings":{"template":"highway","default_image_id":0,"font":"","enabled":false},"version":2}},"categories":[1],"tags":[],"class_list":["post-252","post","type-post","status-publish","format-standard","hentry","category-allgemein"],"jetpack_publicize_connections":[],"jetpack_featured_media_url":"","jetpack_sharing_enabled":true,"jetpack_shortlink":"https:\/\/wp.me\/s6Znca-252","jetpack-related-posts":[{"id":209,"url":"https:\/\/stichelstube.capricorna.de\/wordpress\/2005\/05\/29\/209\/","url_meta":{"origin":252,"position":0},"title":"Mein Hut-Projekt hab ich wieder\u2026","author":"Kerstin","date":"29. Mai 2005","format":false,"excerpt":"Mein Hut-Projekt hab ich wieder mal vor mir hergeschoben, aber immerhin hab ich schon aus zwei Probestoffen was zugeschnitten.Danach hab ich mich erstmal mit einem Top besch\u00e4ftigt. Das Schnittmuster von Butterick ist eigentlich ganz einfach, allerdings sollte es dort eigentlich komplett gef\u00fcttert werden. Da mir der Popeline, den ich daf\u00fcr\u2026","rel":"","context":"In &quot;Allgemein&quot;","block_context":{"text":"Allgemein","link":"https:\/\/stichelstube.capricorna.de\/wordpress\/category\/allgemein\/"},"img":{"alt_text":"","src":"","width":0,"height":0},"classes":[]},{"id":234,"url":"https:\/\/stichelstube.capricorna.de\/wordpress\/2005\/11\/15\/234\/","url_meta":{"origin":252,"position":1},"title":"Da seht ihr meine neuen\u2026","author":"Kerstin","date":"15. November 2005","format":false,"excerpt":"Da seht ihr meine neuen Farben... Nachdem ich nun etwa zwei Jahre um das Thema Farbberatung herumgeschlichen bin, habe ich vor zwei Wochen spontan der Beraterin, die ich mir ausgeguckt hatte, eine Mail geschrieben, und einen Termin ausgemacht. Letzte Woche Donnerstag war es dann soweit, und ich besuchte sie in\u2026","rel":"","context":"In &quot;Allgemein&quot;","block_context":{"text":"Allgemein","link":"https:\/\/stichelstube.capricorna.de\/wordpress\/category\/allgemein\/"},"img":{"alt_text":"","src":"","width":0,"height":0},"classes":[]},{"id":1853,"url":"https:\/\/stichelstube.capricorna.de\/wordpress\/2021\/01\/31\/schlag-auf-schlag\/","url_meta":{"origin":252,"position":2},"title":"Schlag auf Schlag&#8230;","author":"Kerstin","date":"31. Januar 2021","format":false,"excerpt":"... kommen hier die Ergebnisse zustande. Ich bin selbst ganz \u00fcberrascht von mir. Zwei fertige Teile in einem Monat sind kein schlechter Schnitt! Als es letztes Jahr losging mit ihr-wisst-schon-was, dachte ich, dass ich in 2020 vermutlich viel Zeit zum N\u00e4hen haben w\u00fcrde. Bestimmt hatte ich die auch, aber genutzt\u2026","rel":"","context":"In &quot;Fertig&quot;","block_context":{"text":"Fertig","link":"https:\/\/stichelstube.capricorna.de\/wordpress\/category\/fertig\/"},"img":{"alt_text":"","src":"https:\/\/i0.wp.com\/stichelstube.capricorna.de\/wordpress\/wp-content\/2021\/01\/4B969996-C0D6-42D6-85FE-D33F3C7C606B.jpeg?resize=350%2C200&ssl=1","width":350,"height":200,"srcset":"https:\/\/i0.wp.com\/stichelstube.capricorna.de\/wordpress\/wp-content\/2021\/01\/4B969996-C0D6-42D6-85FE-D33F3C7C606B.jpeg?resize=350%2C200&ssl=1 1x, https:\/\/i0.wp.com\/stichelstube.capricorna.de\/wordpress\/wp-content\/2021\/01\/4B969996-C0D6-42D6-85FE-D33F3C7C606B.jpeg?resize=525%2C300&ssl=1 1.5x, https:\/\/i0.wp.com\/stichelstube.capricorna.de\/wordpress\/wp-content\/2021\/01\/4B969996-C0D6-42D6-85FE-D33F3C7C606B.jpeg?resize=700%2C400&ssl=1 2x, https:\/\/i0.wp.com\/stichelstube.capricorna.de\/wordpress\/wp-content\/2021\/01\/4B969996-C0D6-42D6-85FE-D33F3C7C606B.jpeg?resize=1050%2C600&ssl=1 3x"},"classes":[]},{"id":2247,"url":"https:\/\/stichelstube.capricorna.de\/wordpress\/2023\/03\/31\/abwechslungsreiche-amy\/","url_meta":{"origin":252,"position":3},"title":"Abwechslungsreiche Amy","author":"Kerstin","date":"31. M\u00e4rz 2023","format":false,"excerpt":"SO sieht es aus, wenn man sich vornimmt, s\u00e4mtliche m\u00f6glichen Schnitt-Varianten von Louloute\u2018s \u201eAmy\u201c abzupausen. \ud83d\ude01 1 Schnitt, 190 Varianten, bewerben Louloute ihr Schnittmuster \"Amy\", und das ist bestimmt keine \u00dcbertreibung. Zwei bis drei Teilungsn\u00e4hte pro Schnitt-Teil, vier Ausschnitt-Varianten, vier \u00c4rmell\u00e4ngen und die Auswahl, ob man das T-Shirt, die Tunika\u2026","rel":"","context":"In &quot;Allgemein&quot;","block_context":{"text":"Allgemein","link":"https:\/\/stichelstube.capricorna.de\/wordpress\/category\/allgemein\/"},"img":{"alt_text":"","src":"https:\/\/i0.wp.com\/stichelstube.capricorna.de\/wordpress\/wp-content\/2023\/03\/2DD46163-308A-4FA3-A258-A60AB6C6430F.jpeg?resize=350%2C200&ssl=1","width":350,"height":200,"srcset":"https:\/\/i0.wp.com\/stichelstube.capricorna.de\/wordpress\/wp-content\/2023\/03\/2DD46163-308A-4FA3-A258-A60AB6C6430F.jpeg?resize=350%2C200&ssl=1 1x, https:\/\/i0.wp.com\/stichelstube.capricorna.de\/wordpress\/wp-content\/2023\/03\/2DD46163-308A-4FA3-A258-A60AB6C6430F.jpeg?resize=525%2C300&ssl=1 1.5x"},"classes":[]},{"id":2267,"url":"https:\/\/stichelstube.capricorna.de\/wordpress\/2023\/04\/25\/suesse-monster-und-kleine-helden\/","url_meta":{"origin":252,"position":4},"title":"S\u00fc\u00dfe Monster und kleine Helden","author":"Kerstin","date":"25. April 2023","format":false,"excerpt":"Technisch gesehen ist das hier ein Ufo, denn diesen Schlafsack mit dem total s\u00fc\u00dfen Monster-Motiv hatte ich vor gut einem Jahr, zu Beginn 2022, angefangen. Es fehlten nur noch die Kn\u00f6pfe. Und die habe ich dann so lange vor mir her prokrastiniert, bis das urspr\u00fcnglich angedachte Empf\u00e4nger-Kind schon wieder rausgewachsen\u2026","rel":"","context":"In &quot;Fertig&quot;","block_context":{"text":"Fertig","link":"https:\/\/stichelstube.capricorna.de\/wordpress\/category\/fertig\/"},"img":{"alt_text":"","src":"","width":0,"height":0},"classes":[]},{"id":343,"url":"https:\/\/stichelstube.capricorna.de\/wordpress\/2007\/06\/21\/zugenommen\/","url_meta":{"origin":252,"position":5},"title":"Zugenommen&#8230;","author":"Kerstin","date":"21. Juni 2007","format":false,"excerpt":"Ich glaube, ich habe zugenommen. Nee, ich weiss es, denn mindestens zwei T-Shirts, die ich mir in den letzten Wochen nach meinem altbew\u00e4hrten Jalie-Schnitt gen\u00e4ht habe, spannen \u00fcber der Brust. Bislang hat immer nur meine untere K\u00f6rperh\u00e4lfte meine sitzende T\u00e4tigkeit zu sp\u00fcren bekommen - sch\u00f6n, dass es da oben auch\u2026","rel":"","context":"In &quot;Allgemein&quot;","block_context":{"text":"Allgemein","link":"https:\/\/stichelstube.capricorna.de\/wordpress\/category\/allgemein\/"},"img":{"alt_text":"","src":"","width":0,"height":0},"classes":[]}],"_links":{"self":[{"href":"https:\/\/stichelstube.capricorna.de\/wordpress\/wp-json\/wp\/v2\/posts\/252","targetHints":{"allow":["GET"]}}],"collection":[{"href":"https:\/\/stichelstube.capricorna.de\/wordpress\/wp-json\/wp\/v2\/posts"}],"about":[{"href":"https:\/\/stichelstube.capricorna.de\/wordpress\/wp-json\/wp\/v2\/types\/post"}],"author":[{"embeddable":true,"href":"https:\/\/stichelstube.capricorna.de\/wordpress\/wp-json\/wp\/v2\/users\/2"}],"replies":[{"embeddable":true,"href":"https:\/\/stichelstube.capricorna.de\/wordpress\/wp-json\/wp\/v2\/comments?post=252"}],"version-history":[{"count":0,"href":"https:\/\/stichelstube.capricorna.de\/wordpress\/wp-json\/wp\/v2\/posts\/252\/revisions"}],"wp:attachment":[{"href":"https:\/\/stichelstube.capricorna.de\/wordpress\/wp-json\/wp\/v2\/media?parent=252"}],"wp:term":[{"taxonomy":"category","embeddable":true,"href":"https:\/\/stichelstube.capricorna.de\/wordpress\/wp-json\/wp\/v2\/categories?post=252"},{"taxonomy":"post_tag","embeddable":true,"href":"https:\/\/stichelstube.capricorna.de\/wordpress\/wp-json\/wp\/v2\/tags?post=252"}],"curies":[{"name":"wp","href":"https:\/\/api.w.org\/{rel}","templated":true}]}}