{"id":254,"date":"2006-02-10T23:06:00","date_gmt":"2006-02-10T22:06:00","guid":{"rendered":"http:\/\/stichelstube.capricorna.de\/wordpress\/2006\/02\/10\/254\/"},"modified":"2006-02-10T23:06:00","modified_gmt":"2006-02-10T22:06:00","slug":"254","status":"publish","type":"post","link":"https:\/\/stichelstube.capricorna.de\/wordpress\/2006\/02\/10\/254\/","title":{"rendered":""},"content":{"rendered":"<p>Gestern war ich doch zu m\u00fcde, um noch was zu n\u00e4hen &#8211; hab mich direkt nach der Arbeit erstmal f\u00fcr zwei Stunden schlafen gelegt. *g*<\/p>\n<p>Und heute habe ich mein Arbeitszimmer umger\u00e4umt&#8230; wieder mal \ud83d\ude09<\/p>\n<p>Ich liebe es, ein Zimmer umzur\u00e4umen, und immer noch eine bessere Aufstellung zu finden, hier etwas auszusortieren, dort etwas neues aufzuh\u00e4ngen&#8230; herrlich! Ich habe schon seit Monaten immer wieder mal auf der Fensterbank gesessen, minutenlang das Zimmer angeschaut und mir versucht vorzustellen, wie es aussieht, wenn ich das dorthin, jenes hierhin r\u00fccke&#8230; Die jetzige Aufstellung ist mir eigentlich erst vorgestern eingefallen, und nicht mehr aus dem Kopf gegangen, und ich bin sehr zufrieden mit dem Ergebnis. Das Zimmer sieht jetzt viel gr\u00f6\u00dfer aus als vorher. \ud83d\ude42<\/p>\n<p>Demn\u00e4chst kommt allerdings noch ein M\u00f6bel dazu; meine Schwiegermutter zieht n\u00e4mlich um, und gibt mir eine ganz alte N\u00e4hmaschine, noch eine zum Treten, ganz aus Metall, mit einem entz\u00fcckenden kleinen Tisch dazu und allem drum und dran&#8230; Um dieses sch\u00f6ne Teil besser pr\u00e4sentieren zu k\u00f6nnen, war die Umstellung jetzt n\u00f6tig.<\/p>\n<p>Jetzt bekommt sie einen sch\u00f6nen Platz direkt neben der T\u00fcr. Und ich muss noch ein wenig Kram loswerden, wie z.B. Kisten mit Stoffresten und einige aussortierte Stoffe verkaufen&#8230; Das werde ich die Tage mal angehen \ud83d\ude42<\/p>\n","protected":false},"excerpt":{"rendered":"<p>Gestern war ich doch zu m\u00fcde, um noch was zu n\u00e4hen &#8211; hab mich direkt nach der Arbeit erstmal f\u00fcr zwei Stunden schlafen gelegt. *g* Und heute habe ich mein Arbeitszimmer umger\u00e4umt&#8230; wieder mal \ud83d\ude09 Ich liebe es, ein Zimmer umzur\u00e4umen, und immer noch eine bessere Aufstellung zu finden, hier etwas auszusortieren, dort etwas neues &hellip; <a href=\"https:\/\/stichelstube.capricorna.de\/wordpress\/2006\/02\/10\/254\/\" class=\"more-link\"><span class=\"screen-reader-text\">\u201e\u201c <\/span>weiterlesen<\/a><\/p>\n","protected":false},"author":2,"featured_media":0,"comment_status":"open","ping_status":"open","sticky":false,"template":"","format":"standard","meta":{"jetpack_post_was_ever_published":false,"_jetpack_newsletter_access":"","_jetpack_dont_email_post_to_subs":false,"_jetpack_newsletter_tier_id":0,"_jetpack_memberships_contains_paywalled_content":false,"_jetpack_memberships_contains_paid_content":false,"footnotes":"","jetpack_publicize_message":"","jetpack_publicize_feature_enabled":true,"jetpack_social_post_already_shared":false,"jetpack_social_options":{"image_generator_settings":{"template":"highway","default_image_id":0,"font":"","enabled":false},"version":2}},"categories":[1],"tags":[],"class_list":["post-254","post","type-post","status-publish","format-standard","hentry","category-allgemein"],"jetpack_publicize_connections":[],"jetpack_featured_media_url":"","jetpack_sharing_enabled":true,"jetpack_shortlink":"https:\/\/wp.me\/s6Znca-254","jetpack-related-posts":[{"id":697,"url":"https:\/\/stichelstube.capricorna.de\/wordpress\/2010\/03\/25\/fruhjahrsputz\/","url_meta":{"origin":254,"position":0},"title":"Fr\u00fchjahrsputz!","author":"Kerstin","date":"25. M\u00e4rz 2010","format":false,"excerpt":"Gestern \u00fcberkam mich der unwiderstehliche Drang, mein N\u00e4hzimmer umzur\u00e4umen. Ich liebe es ja, M\u00f6bel umzustellen und bin st\u00e4ndig auf der Suche nach der perfekten Anordnung. In unregelm\u00e4\u00dfigen Abst\u00e4nden \u00fcberf\u00e4llt mich dann der Drang, wieder eine andere Kombination auszuprobieren, und dann wird wieder alles umgeschmissen. So auch gestern. In der vorletzten\u2026","rel":"","context":"In &quot;Allgemein&quot;","block_context":{"text":"Allgemein","link":"https:\/\/stichelstube.capricorna.de\/wordpress\/category\/allgemein\/"},"img":{"alt_text":"","src":"https:\/\/i0.wp.com\/www.capricorna.de\/naehen\/blogpics\/naehzimmer_03_10.jpg?resize=350%2C200","width":350,"height":200},"classes":[]},{"id":1489,"url":"https:\/\/stichelstube.capricorna.de\/wordpress\/2018\/01\/27\/dreieinhalb-jahre-spaeter\/","url_meta":{"origin":254,"position":1},"title":"Dreieinhalb Jahre sp\u00e4ter&#8230;","author":"Kerstin","date":"27. Januar 2018","format":false,"excerpt":"Hier mal wieder ein Beitrag aus der Reihe \"erfolgreiches Prokrastinieren leichtgemacht\". Aus diesem sch\u00f6nen Stoff hatte ich mir bereits einen Monat nach dem Kauf im September 2014 eine sehr sch\u00f6ne Handtasche gemacht, die ich die letzten drei Jahre benutzt habe. Bereits beim Kauf hatte ich die Idee, daraus auch Tischsets\u2026","rel":"","context":"In &quot;Fertig&quot;","block_context":{"text":"Fertig","link":"https:\/\/stichelstube.capricorna.de\/wordpress\/category\/fertig\/"},"img":{"alt_text":"","src":"https:\/\/i0.wp.com\/capricorna.de\/naehen\/pics_fertig\/20180127_tischsets.jpg?resize=350%2C200&ssl=1","width":350,"height":200,"srcset":"https:\/\/i0.wp.com\/capricorna.de\/naehen\/pics_fertig\/20180127_tischsets.jpg?resize=350%2C200&ssl=1 1x, https:\/\/i0.wp.com\/capricorna.de\/naehen\/pics_fertig\/20180127_tischsets.jpg?resize=525%2C300&ssl=1 1.5x"},"classes":[]},{"id":173,"url":"https:\/\/stichelstube.capricorna.de\/wordpress\/2005\/01\/13\/173\/","url_meta":{"origin":254,"position":2},"title":"Jetzt habe ich schon soooo\u2026","author":"Kerstin","date":"13. Januar 2005","format":false,"excerpt":"Jetzt habe ich schon soooo lange nicht mehr geschrieben, und zum N\u00e4hen komme ich auch nicht. Weihnachten, Urlaub, der neue iMac will auch \"eingewohnt\" sein, und dann hat man ja noch Arbeit und den Rest des Lebens... Im Urlaub habe ich ein bisschen an der Freizeithose weitergemacht - ich hatte\u2026","rel":"","context":"In &quot;Allgemein&quot;","block_context":{"text":"Allgemein","link":"https:\/\/stichelstube.capricorna.de\/wordpress\/category\/allgemein\/"},"img":{"alt_text":"","src":"","width":0,"height":0},"classes":[]},{"id":1332,"url":"https:\/\/stichelstube.capricorna.de\/wordpress\/2016\/10\/22\/aufgeraeumt\/","url_meta":{"origin":254,"position":3},"title":"Aufger\u00e4umt!","author":"Kerstin","date":"22. Oktober 2016","format":false,"excerpt":"Seit ich vor einiger Zeit festgestellt habe, dass einige Stoffe aus meiner Sammlung an den Bruchkanten ausbleichen, hatte ich mir vorgenommen, eine andere L\u00f6sung f\u00fcr die Aufbewahrung zu finden. Vor drei Wochen habe ich mich dann dazu entschlossen, mein Ivar-Regal mit einem Schrank mit T\u00fcren zu erweitern. Ich hatte mich\u2026","rel":"","context":"In &quot;Allgemein&quot;","block_context":{"text":"Allgemein","link":"https:\/\/stichelstube.capricorna.de\/wordpress\/category\/allgemein\/"},"img":{"alt_text":"","src":"https:\/\/i0.wp.com\/www.capricorna.de\/naehen\/blogpics\/20161014_stoffregal_3.jpg?resize=350%2C200","width":350,"height":200},"classes":[]},{"id":402,"url":"https:\/\/stichelstube.capricorna.de\/wordpress\/2008\/06\/27\/kleine-raume-kleines-kleid\/","url_meta":{"origin":254,"position":4},"title":"Kleine R\u00e4ume, kleines Kleid","author":"Kerstin","date":"27. Juni 2008","format":false,"excerpt":"Derzeit und in den n\u00e4chsten Wochen leben wir r\u00e4umlich etwas begrenzt auf anderthalb Zimmern, und der gr\u00f6\u00dfte Teil unserer Sachen befindet sich bereits in Umzugskartons. Der begrenzte Raum und die begrenzten Mittel zwingen mich zu sorgf\u00e4ltigerer Planung, und vor allem dazu, nach dem Arbeiten immer alles sofort wegzur\u00e4umen. Eine ungewohnte\u2026","rel":"","context":"In &quot;Allgemein&quot;","block_context":{"text":"Allgemein","link":"https:\/\/stichelstube.capricorna.de\/wordpress\/category\/allgemein\/"},"img":{"alt_text":"","src":"","width":0,"height":0},"classes":[]},{"id":498,"url":"https:\/\/stichelstube.capricorna.de\/wordpress\/2009\/01\/19\/fleece-jacke-mit-anderungen\/","url_meta":{"origin":254,"position":5},"title":"Fleece-Jacke, mit \u00c4nderungen","author":"Kerstin","date":"19. Januar 2009","format":false,"excerpt":"So, mein neues Projekt steht an, und das wird mal etwas aufw\u00e4ndiger. Ausgangsbasis ist das Modell # 129 aus der September-Ausgabe der Burda von 2003. (Leider gibt es dazu noch kein Bild im Online-Archiv von Burda.) Der Schnitt ist sehr klassisch, mit Prinzessn\u00e4hten vorne und hinten und einem zweiteiligen \u00c4rmel.\u2026","rel":"","context":"In &quot;Allgemein&quot;","block_context":{"text":"Allgemein","link":"https:\/\/stichelstube.capricorna.de\/wordpress\/category\/allgemein\/"},"img":{"alt_text":"","src":"","width":0,"height":0},"classes":[]}],"_links":{"self":[{"href":"https:\/\/stichelstube.capricorna.de\/wordpress\/wp-json\/wp\/v2\/posts\/254","targetHints":{"allow":["GET"]}}],"collection":[{"href":"https:\/\/stichelstube.capricorna.de\/wordpress\/wp-json\/wp\/v2\/posts"}],"about":[{"href":"https:\/\/stichelstube.capricorna.de\/wordpress\/wp-json\/wp\/v2\/types\/post"}],"author":[{"embeddable":true,"href":"https:\/\/stichelstube.capricorna.de\/wordpress\/wp-json\/wp\/v2\/users\/2"}],"replies":[{"embeddable":true,"href":"https:\/\/stichelstube.capricorna.de\/wordpress\/wp-json\/wp\/v2\/comments?post=254"}],"version-history":[{"count":0,"href":"https:\/\/stichelstube.capricorna.de\/wordpress\/wp-json\/wp\/v2\/posts\/254\/revisions"}],"wp:attachment":[{"href":"https:\/\/stichelstube.capricorna.de\/wordpress\/wp-json\/wp\/v2\/media?parent=254"}],"wp:term":[{"taxonomy":"category","embeddable":true,"href":"https:\/\/stichelstube.capricorna.de\/wordpress\/wp-json\/wp\/v2\/categories?post=254"},{"taxonomy":"post_tag","embeddable":true,"href":"https:\/\/stichelstube.capricorna.de\/wordpress\/wp-json\/wp\/v2\/tags?post=254"}],"curies":[{"name":"wp","href":"https:\/\/api.w.org\/{rel}","templated":true}]}}