{"id":255,"date":"2006-02-11T21:53:00","date_gmt":"2006-02-11T20:53:00","guid":{"rendered":"http:\/\/stichelstube.capricorna.de\/wordpress\/2006\/02\/11\/255\/"},"modified":"2006-02-11T21:53:00","modified_gmt":"2006-02-11T20:53:00","slug":"255","status":"publish","type":"post","link":"https:\/\/stichelstube.capricorna.de\/wordpress\/2006\/02\/11\/255\/","title":{"rendered":""},"content":{"rendered":"<p><a href=\"https:\/\/i0.wp.com\/photos1.blogger.com\/blogger\/1114\/37\/1600\/naehtisch_20060211.jpg\"><img data-recalc-dims=\"1\" decoding=\"async\" style=\"float:center; margin:0 10px 10px 0;cursor:pointer; cursor:hand;\" src=\"https:\/\/i0.wp.com\/photos1.blogger.com\/blogger\/1114\/37\/400\/naehtisch_20060211.jpg?w=840\" border=\"0\" alt=\"\" \/><\/a><\/p>\n<p>So sieht mein neuer Arbeitsplatz jetzt aus \ud83d\ude42<\/p>\n<p>Mein S\u00fc\u00dfer hat mir heute Nachmittag noch das Glasregalbrett \u00fcber dem Tisch angebracht, wo ich meine Kurzwaren untergebracht habe, und meine beiden kleinen K\u00f6rbe mit den Einzelschnittmustern stehen inzwischen auch dort. Sehr praktisch und \u00fcbersichtlich. Meine Stoffkommode steht jetzt etwas weiter weg, aber die brauche ich ja auch nicht w\u00e4hrend der eigentlichen Arbeit, sondern nur im Vorfeld, wenn ich einen Stoff heraussuche.<\/p>\n<p>Fast das Beste an der neuen Raumaufteilung ist der Platz, den ich jetzt auf dem Boden frei habe. Sehr praktisch, falls ich mal, so wie jetzt, f\u00fcr Arbeiten auf den Boden ausweichen muss.<\/p>\n<p>Ich habe meinen Pulloverschnitt ge\u00e4ndert, und nachdem ich an der L\u00e4nge etwas weggenommen und die Seitenstreifen abgetrennt habe, passen die Teile jetzt tats\u00e4chlich auf den vorher zu kurzen Stoff. Ha!<\/p>\n<p>Den Schnitt hatte ich schon einmal in Probestoff zur H\u00e4lfte schnell zusammen gen\u00e4ht, um den Sitz zu \u00fcberpr\u00fcfen. Wie meistens bei Oberteilen ist er mir etwas zu lang, und nachdem ich Vorder- und R\u00fcckenteil um ein paar Zentimeter gek\u00fcrzt habe, passen sie jetzt untereinander auf den 1,30 m langen Stoff, und daneben reicht es gerade f\u00fcr die breiten Raglan-\u00c4rmel. Dann noch die L\u00e4ngsstreifen f\u00fcr die Seitenteile und einen Streifen f\u00fcr den Halsausschnitt. Passt! Gut zu wissen, falls ich mal einen traumhaften Stoff in kleiner Menge sehe &#8211; auch damit l\u00e4sst sich was machen.<\/p>\n","protected":false},"excerpt":{"rendered":"<p>So sieht mein neuer Arbeitsplatz jetzt aus \ud83d\ude42 Mein S\u00fc\u00dfer hat mir heute Nachmittag noch das Glasregalbrett \u00fcber dem Tisch angebracht, wo ich meine Kurzwaren untergebracht habe, und meine beiden kleinen K\u00f6rbe mit den Einzelschnittmustern stehen inzwischen auch dort. Sehr praktisch und \u00fcbersichtlich. Meine Stoffkommode steht jetzt etwas weiter weg, aber die brauche ich ja &hellip; <a href=\"https:\/\/stichelstube.capricorna.de\/wordpress\/2006\/02\/11\/255\/\" class=\"more-link\"><span class=\"screen-reader-text\">\u201e\u201c <\/span>weiterlesen<\/a><\/p>\n","protected":false},"author":2,"featured_media":0,"comment_status":"open","ping_status":"open","sticky":false,"template":"","format":"standard","meta":{"jetpack_post_was_ever_published":false,"_jetpack_newsletter_access":"","_jetpack_dont_email_post_to_subs":false,"_jetpack_newsletter_tier_id":0,"_jetpack_memberships_contains_paywalled_content":false,"_jetpack_memberships_contains_paid_content":false,"footnotes":"","jetpack_publicize_message":"","jetpack_publicize_feature_enabled":true,"jetpack_social_post_already_shared":false,"jetpack_social_options":{"image_generator_settings":{"template":"highway","default_image_id":0,"font":"","enabled":false},"version":2}},"categories":[1],"tags":[],"class_list":["post-255","post","type-post","status-publish","format-standard","hentry","category-allgemein"],"jetpack_publicize_connections":[],"jetpack_featured_media_url":"","jetpack_sharing_enabled":true,"jetpack_shortlink":"https:\/\/wp.me\/s6Znca-255","jetpack-related-posts":[{"id":532,"url":"https:\/\/stichelstube.capricorna.de\/wordpress\/2009\/03\/31\/mehr-ideen-als-zeit\/","url_meta":{"origin":255,"position":0},"title":"Mehr Ideen als Zeit&#8230;","author":"Kerstin","date":"31. M\u00e4rz 2009","format":false,"excerpt":"... hab ich wieder mal. *st\u00f6hn* Auf dem Elbnadel-N\u00e4htreff habe ich \u00fcberall sehr h\u00fcbsche Taschen gesehen und habe dann erfahren, dass es sich dabei um Gretelies' Tasche handelt, die im Forum grad sehr beliebt ist. Sie sieht auch wirklich sehr praktisch aus, und mit\u00a0 den richtigen Stoffen total s\u00fc\u00df! Da\u2026","rel":"","context":"In &quot;Allgemein&quot;","block_context":{"text":"Allgemein","link":"https:\/\/stichelstube.capricorna.de\/wordpress\/category\/allgemein\/"},"img":{"alt_text":"","src":"https:\/\/i0.wp.com\/www.capricorna.de\/naehen\/blogpics\/chaos_az_1.jpg?resize=350%2C200","width":350,"height":200},"classes":[]},{"id":330,"url":"https:\/\/stichelstube.capricorna.de\/wordpress\/2007\/02\/18\/lockchen-lammfromm\/","url_meta":{"origin":255,"position":1},"title":"L\u00f6ckchen, lammfromm","author":"Kerstin","date":"18. Februar 2007","format":false,"excerpt":"Am 20. Januar hatte ich ja meine kleine Ovi-Zicke zum H\u00e4ndler gebracht, weil die linke Nadel st\u00e4ndig Stiche ausliess. Bereits drei Tage sp\u00e4ter erhielt ich einen Anruf, dass ich sie wieder abholen k\u00f6nnte *freu*Der Nadelschutz hatte sich verstellt, wurde mir gesagt, und die Reparatur ging auf Garantie, also kostenfrei *doppelfreu*Zu\u2026","rel":"","context":"In &quot;Allgemein&quot;","block_context":{"text":"Allgemein","link":"https:\/\/stichelstube.capricorna.de\/wordpress\/category\/allgemein\/"},"img":{"alt_text":"","src":"","width":0,"height":0},"classes":[]},{"id":2835,"url":"https:\/\/stichelstube.capricorna.de\/wordpress\/2025\/01\/10\/ich-hab-den-beutel-schoen\/","url_meta":{"origin":255,"position":2},"title":"Ich hab den Beutel sch\u00f6n!","author":"Kerstin","date":"10. Januar 2025","format":false,"excerpt":"Eine aufwendige, aber sehr schicke kleine Tasche f\u00fcr Strickzeug oder anderes Kleinzeug.","rel":"","context":"In &quot;Fertig&quot;","block_context":{"text":"Fertig","link":"https:\/\/stichelstube.capricorna.de\/wordpress\/category\/fertig\/"},"img":{"alt_text":"","src":"","width":0,"height":0},"classes":[]},{"id":2394,"url":"https:\/\/stichelstube.capricorna.de\/wordpress\/2023\/11\/19\/ein-traum-von-einem-rucksack\/","url_meta":{"origin":255,"position":3},"title":"Ein Traum von einem Rucksack","author":"Kerstin","date":"19. November 2023","format":false,"excerpt":"Ein aufwendiger Rucksack\/Turnbeutel nach einem Schnitt von Hansedelli, mit extra Feature","rel":"","context":"In &quot;Fertig&quot;","block_context":{"text":"Fertig","link":"https:\/\/stichelstube.capricorna.de\/wordpress\/category\/fertig\/"},"img":{"alt_text":"Vorderseite des fertigen Rucksacks","src":"https:\/\/i0.wp.com\/stichelstube.capricorna.de\/wordpress\/wp-content\/2023\/11\/IMG_5432.jpeg?fit=1200%2C977&ssl=1&resize=350%2C200","width":350,"height":200,"srcset":"https:\/\/i0.wp.com\/stichelstube.capricorna.de\/wordpress\/wp-content\/2023\/11\/IMG_5432.jpeg?fit=1200%2C977&ssl=1&resize=350%2C200 1x, https:\/\/i0.wp.com\/stichelstube.capricorna.de\/wordpress\/wp-content\/2023\/11\/IMG_5432.jpeg?fit=1200%2C977&ssl=1&resize=525%2C300 1.5x, https:\/\/i0.wp.com\/stichelstube.capricorna.de\/wordpress\/wp-content\/2023\/11\/IMG_5432.jpeg?fit=1200%2C977&ssl=1&resize=700%2C400 2x, https:\/\/i0.wp.com\/stichelstube.capricorna.de\/wordpress\/wp-content\/2023\/11\/IMG_5432.jpeg?fit=1200%2C977&ssl=1&resize=1050%2C600 3x"},"classes":[]},{"id":1691,"url":"https:\/\/stichelstube.capricorna.de\/wordpress\/2019\/10\/27\/zu-viele-ideen\/","url_meta":{"origin":255,"position":4},"title":"Zu viele Ideen&#8230;","author":"Kerstin","date":"27. Oktober 2019","format":false,"excerpt":"... zu wenig Zeit. So sieht es aus, wenn man das ganze Jahr \u00fcber Ideen gesammelt hat, in der Hoffnung, die ganz bald umzusetzen, aber dann doch zu nichts kaum was gekommen ist. Unmengen von unsortierten Schnittmuster-Teilen; einige noch nicht einmal ausgeschnitten. Rudiment\u00e4re Beschriftungen, wenn \u00fcberhaupt; die Anleitung weit verstreut,\u2026","rel":"","context":"In &quot;Alltagsnotizien&quot;","block_context":{"text":"Alltagsnotizien","link":"https:\/\/stichelstube.capricorna.de\/wordpress\/category\/alltagsnotizien\/"},"img":{"alt_text":"","src":"https:\/\/i0.wp.com\/stichelstube.capricorna.de\/wordpress\/wp-content\/2019\/10\/20191027_zuvieleideen.jpg?resize=350%2C200&ssl=1","width":350,"height":200},"classes":[]},{"id":1190,"url":"https:\/\/stichelstube.capricorna.de\/wordpress\/2015\/04\/03\/prokrastinieren-aber-richtig\/","url_meta":{"origin":255,"position":5},"title":"Prokrastinieren, aber richtig","author":"Kerstin","date":"3. April 2015","format":false,"excerpt":"Im Zuge meines immer w\u00e4hrenden Kampfes gegen die Stoffberge und Ufos hatte ich mir eine neue Strategie vorgenommen, die eine Freundin von mir erfolgreich beim Stricken durchzieht: Immer nur ein Projekt auf dem Tisch haben! In diesem Sinne arbeitete ich mich heute Morgen an der Erstellung eines Hosenrocks ab, den\u2026","rel":"","context":"In &quot;Allgemein&quot;","block_context":{"text":"Allgemein","link":"https:\/\/stichelstube.capricorna.de\/wordpress\/category\/allgemein\/"},"img":{"alt_text":"","src":"","width":0,"height":0},"classes":[]}],"_links":{"self":[{"href":"https:\/\/stichelstube.capricorna.de\/wordpress\/wp-json\/wp\/v2\/posts\/255","targetHints":{"allow":["GET"]}}],"collection":[{"href":"https:\/\/stichelstube.capricorna.de\/wordpress\/wp-json\/wp\/v2\/posts"}],"about":[{"href":"https:\/\/stichelstube.capricorna.de\/wordpress\/wp-json\/wp\/v2\/types\/post"}],"author":[{"embeddable":true,"href":"https:\/\/stichelstube.capricorna.de\/wordpress\/wp-json\/wp\/v2\/users\/2"}],"replies":[{"embeddable":true,"href":"https:\/\/stichelstube.capricorna.de\/wordpress\/wp-json\/wp\/v2\/comments?post=255"}],"version-history":[{"count":0,"href":"https:\/\/stichelstube.capricorna.de\/wordpress\/wp-json\/wp\/v2\/posts\/255\/revisions"}],"wp:attachment":[{"href":"https:\/\/stichelstube.capricorna.de\/wordpress\/wp-json\/wp\/v2\/media?parent=255"}],"wp:term":[{"taxonomy":"category","embeddable":true,"href":"https:\/\/stichelstube.capricorna.de\/wordpress\/wp-json\/wp\/v2\/categories?post=255"},{"taxonomy":"post_tag","embeddable":true,"href":"https:\/\/stichelstube.capricorna.de\/wordpress\/wp-json\/wp\/v2\/tags?post=255"}],"curies":[{"name":"wp","href":"https:\/\/api.w.org\/{rel}","templated":true}]}}