{"id":256,"date":"2006-02-23T13:04:00","date_gmt":"2006-02-23T12:04:00","guid":{"rendered":"http:\/\/stichelstube.capricorna.de\/wordpress\/2006\/02\/23\/256\/"},"modified":"2006-02-23T13:04:00","modified_gmt":"2006-02-23T12:04:00","slug":"256","status":"publish","type":"post","link":"https:\/\/stichelstube.capricorna.de\/wordpress\/2006\/02\/23\/256\/","title":{"rendered":""},"content":{"rendered":"<p><a href=\"https:\/\/i0.wp.com\/photos1.blogger.com\/blogger\/1114\/37\/1600\/karneval_1.jpg\"><img data-recalc-dims=\"1\" decoding=\"async\" style=\"display:block; margin:0px auto 10px; text-align:center;cursor:pointer; cursor:hand;\" src=\"https:\/\/i0.wp.com\/photos1.blogger.com\/blogger\/1114\/37\/400\/karneval_1.jpg?w=840\" border=\"0\" alt=\"\" \/><\/a><\/p>\n<p>Der Blick aus unserem B\u00fcro-Fenster heute Mittag &#8211; direkt vor unserem Fenster ist eine gro\u00dfe Trib\u00fcne aufgebaut, und weitere stehen die ganze Stra\u00dfe entlang. Die K\u00f6lner Innenstadt befindet sich schon weitgehend im Ausnahmezustand; entweder es ist menschenleer &#8211; B\u00fcros, Gesch\u00e4fte  &#8211; oder proppenvoll &#8211; vor jeder Kneipe.<\/p>\n<p>Der Rosenmontagszug wird direkt vor unserem Fenster vorbei ziehen &#8211; zu schade, dass ich kein Karnevalsfan bin &#8211; ich hab mir den Montag frei genommen *lol* Einige Paraden, wie die obige, ziehen auch heute schon die Stra\u00dfen entlang, aber ohne Kamelle, und noch weitgehend ohne Zuschauer.<\/p>\n<p>Wir haben ein gem\u00fctliches Fr\u00fchst\u00fcck im B\u00fcro veranstaltet; die meisten Kollegen sind jetzt bereits auf der hausinternen Fete, und ich bin lieber nach Hause gegangen, um hier ein bisschen zu pusseln.<\/p>\n<p>Die letzten Tage hatte ich keine gro\u00dfe Lust zum N\u00e4hen; ich hatte beim letzten Mal Probleme mit der Ovi, weil sie Stiche ausgelassen hat, und es hat einige Zeit in Anspruch genommen, bis ich wieder ein zufriedenstellendes Ergebnis hatte. Und in meinem Arbeitszimmer hat sich schon wieder soviel Zeug angesammelt, dass ich grad gar keinen richtigen Platz habe. Hier werde ich gleich erstmal klar Schiff machen, dann kommt die Lust aufs N\u00e4hen vermutlich auch wieder. \ud83d\ude42<\/p>\n","protected":false},"excerpt":{"rendered":"<p>Der Blick aus unserem B\u00fcro-Fenster heute Mittag &#8211; direkt vor unserem Fenster ist eine gro\u00dfe Trib\u00fcne aufgebaut, und weitere stehen die ganze Stra\u00dfe entlang. Die K\u00f6lner Innenstadt befindet sich schon weitgehend im Ausnahmezustand; entweder es ist menschenleer &#8211; B\u00fcros, Gesch\u00e4fte &#8211; oder proppenvoll &#8211; vor jeder Kneipe. Der Rosenmontagszug wird direkt vor unserem Fenster vorbei &hellip; <a href=\"https:\/\/stichelstube.capricorna.de\/wordpress\/2006\/02\/23\/256\/\" class=\"more-link\"><span class=\"screen-reader-text\">\u201e\u201c <\/span>weiterlesen<\/a><\/p>\n","protected":false},"author":2,"featured_media":0,"comment_status":"open","ping_status":"open","sticky":false,"template":"","format":"standard","meta":{"jetpack_post_was_ever_published":false,"_jetpack_newsletter_access":"","_jetpack_dont_email_post_to_subs":false,"_jetpack_newsletter_tier_id":0,"_jetpack_memberships_contains_paywalled_content":false,"_jetpack_memberships_contains_paid_content":false,"footnotes":"","jetpack_publicize_message":"","jetpack_publicize_feature_enabled":true,"jetpack_social_post_already_shared":false,"jetpack_social_options":{"image_generator_settings":{"template":"highway","default_image_id":0,"font":"","enabled":false},"version":2}},"categories":[1],"tags":[],"class_list":["post-256","post","type-post","status-publish","format-standard","hentry","category-allgemein"],"jetpack_publicize_connections":[],"jetpack_featured_media_url":"","jetpack_sharing_enabled":true,"jetpack_shortlink":"https:\/\/wp.me\/s6Znca-256","jetpack-related-posts":[{"id":203,"url":"https:\/\/stichelstube.capricorna.de\/wordpress\/2005\/05\/02\/203\/","url_meta":{"origin":256,"position":0},"title":"Nachdem ich einige Schwierigkeiten mit\u2026","author":"Kerstin","date":"2. Mai 2005","format":false,"excerpt":"Nachdem ich einige Schwierigkeiten mit der Post und danach mit UPS hatte, habe ich nun endlich meine Artbin-Boxen f\u00fcr das N\u00e4hgarn erhalten *freu*Von jetzt an hat das Kramen in einer zu kleinen Kiste ein Ende, und f\u00fcr meine Unterfadenspulen hab ich auch direkt eine Box gekauft. Ich war ziemlich \u00fcberrascht,\u2026","rel":"","context":"In &quot;Allgemein&quot;","block_context":{"text":"Allgemein","link":"https:\/\/stichelstube.capricorna.de\/wordpress\/category\/allgemein\/"},"img":{"alt_text":"","src":"","width":0,"height":0},"classes":[]},{"id":2341,"url":"https:\/\/stichelstube.capricorna.de\/wordpress\/2023\/07\/15\/ein-ufo-fuer-den-sommer\/","url_meta":{"origin":256,"position":1},"title":"Ein Ufo f\u00fcr den Sommer","author":"Kerstin","date":"15. Juli 2023","format":false,"excerpt":"Jerseykleid Jalie 2793 Mein Ufo-Berg hat inzwischen die Ausma\u00dfe der Uralten Morla angenommen, und ich f\u00fcrchte, er entwickelt bald eine eigene Intelligenz wie die Allwissende M\u00fcllhalde Marjorie. Ab und zu gelingt es mir aber, ihm ein St\u00fcck zu entrei\u00dfen und seiner wahren Bestimmung zuzuf\u00fchren. Heute habe ich mir ein Jersey-Kleid\u2026","rel":"","context":"In &quot;Fertig&quot;","block_context":{"text":"Fertig","link":"https:\/\/stichelstube.capricorna.de\/wordpress\/category\/fertig\/"},"img":{"alt_text":"","src":"","width":0,"height":0},"classes":[]},{"id":446,"url":"https:\/\/stichelstube.capricorna.de\/wordpress\/2008\/10\/06\/im-land-wo-die-zitronen-wachsen\/","url_meta":{"origin":256,"position":2},"title":"Im Land, wo die Zitronen wachsen&#8230;","author":"Kerstin","date":"6. Oktober 2008","format":false,"excerpt":"... waren wir am Wochenende: Nein, nicht in Italien, sondern in - England! In einem Hof des Victoria & Albert-Museum in London stehen jede Menge Zitronenb\u00e4ume, und die Fr\u00fcchte sehen nicht so aus, als ob sie von Hand dort befestigt wurden ;) Im V&A hat mich nat\u00fcrlich die Abteilung Mode\u2026","rel":"","context":"In &quot;Die Stichelstube unterwegs&quot;","block_context":{"text":"Die Stichelstube unterwegs","link":"https:\/\/stichelstube.capricorna.de\/wordpress\/category\/veranstaltungen\/"},"img":{"alt_text":"","src":"https:\/\/i0.wp.com\/www.capricorna.de\/naehen\/blogpics\/vanda_1.jpg?resize=350%2C200","width":350,"height":200},"classes":[]},{"id":697,"url":"https:\/\/stichelstube.capricorna.de\/wordpress\/2010\/03\/25\/fruhjahrsputz\/","url_meta":{"origin":256,"position":3},"title":"Fr\u00fchjahrsputz!","author":"Kerstin","date":"25. M\u00e4rz 2010","format":false,"excerpt":"Gestern \u00fcberkam mich der unwiderstehliche Drang, mein N\u00e4hzimmer umzur\u00e4umen. Ich liebe es ja, M\u00f6bel umzustellen und bin st\u00e4ndig auf der Suche nach der perfekten Anordnung. In unregelm\u00e4\u00dfigen Abst\u00e4nden \u00fcberf\u00e4llt mich dann der Drang, wieder eine andere Kombination auszuprobieren, und dann wird wieder alles umgeschmissen. So auch gestern. In der vorletzten\u2026","rel":"","context":"In &quot;Allgemein&quot;","block_context":{"text":"Allgemein","link":"https:\/\/stichelstube.capricorna.de\/wordpress\/category\/allgemein\/"},"img":{"alt_text":"","src":"https:\/\/i0.wp.com\/www.capricorna.de\/naehen\/blogpics\/naehzimmer_03_10.jpg?resize=350%2C200","width":350,"height":200},"classes":[]},{"id":326,"url":"https:\/\/stichelstube.capricorna.de\/wordpress\/2006\/12\/27\/das-kleine-warme-handchen\/","url_meta":{"origin":256,"position":4},"title":"Das kleine warme H\u00e4ndchen","author":"Kerstin","date":"27. Dezember 2006","format":false,"excerpt":"Darf ich vorstellen: Mein neuer Handw\u00e4rmer.Den Schnitt habe ich mir von einer gekauften Stulpe abgenommen, die ich k\u00fcrzlich auf dem Handwerkermarkt auf Schlo\u00df Burg gekauft habe (leider wei\u00df ich den Namen des H\u00e4ndlers nicht). Das ist mein erstes Probemodell aus kuscheligem Fleece.Meine H\u00e4nde - und F\u00fc\u00dfe - sind meistens k\u00e4lter\u2026","rel":"","context":"In &quot;Allgemein&quot;","block_context":{"text":"Allgemein","link":"https:\/\/stichelstube.capricorna.de\/wordpress\/category\/allgemein\/"},"img":{"alt_text":"","src":"","width":0,"height":0},"classes":[]},{"id":254,"url":"https:\/\/stichelstube.capricorna.de\/wordpress\/2006\/02\/10\/254\/","url_meta":{"origin":256,"position":5},"title":"Gestern war ich doch zu\u2026","author":"Kerstin","date":"10. Februar 2006","format":false,"excerpt":"Gestern war ich doch zu m\u00fcde, um noch was zu n\u00e4hen - hab mich direkt nach der Arbeit erstmal f\u00fcr zwei Stunden schlafen gelegt. *g*Und heute habe ich mein Arbeitszimmer umger\u00e4umt... wieder mal ;-)Ich liebe es, ein Zimmer umzur\u00e4umen, und immer noch eine bessere Aufstellung zu finden, hier etwas auszusortieren,\u2026","rel":"","context":"In &quot;Allgemein&quot;","block_context":{"text":"Allgemein","link":"https:\/\/stichelstube.capricorna.de\/wordpress\/category\/allgemein\/"},"img":{"alt_text":"","src":"","width":0,"height":0},"classes":[]}],"_links":{"self":[{"href":"https:\/\/stichelstube.capricorna.de\/wordpress\/wp-json\/wp\/v2\/posts\/256","targetHints":{"allow":["GET"]}}],"collection":[{"href":"https:\/\/stichelstube.capricorna.de\/wordpress\/wp-json\/wp\/v2\/posts"}],"about":[{"href":"https:\/\/stichelstube.capricorna.de\/wordpress\/wp-json\/wp\/v2\/types\/post"}],"author":[{"embeddable":true,"href":"https:\/\/stichelstube.capricorna.de\/wordpress\/wp-json\/wp\/v2\/users\/2"}],"replies":[{"embeddable":true,"href":"https:\/\/stichelstube.capricorna.de\/wordpress\/wp-json\/wp\/v2\/comments?post=256"}],"version-history":[{"count":0,"href":"https:\/\/stichelstube.capricorna.de\/wordpress\/wp-json\/wp\/v2\/posts\/256\/revisions"}],"wp:attachment":[{"href":"https:\/\/stichelstube.capricorna.de\/wordpress\/wp-json\/wp\/v2\/media?parent=256"}],"wp:term":[{"taxonomy":"category","embeddable":true,"href":"https:\/\/stichelstube.capricorna.de\/wordpress\/wp-json\/wp\/v2\/categories?post=256"},{"taxonomy":"post_tag","embeddable":true,"href":"https:\/\/stichelstube.capricorna.de\/wordpress\/wp-json\/wp\/v2\/tags?post=256"}],"curies":[{"name":"wp","href":"https:\/\/api.w.org\/{rel}","templated":true}]}}