{"id":259,"date":"2006-03-12T13:45:00","date_gmt":"2006-03-12T12:45:00","guid":{"rendered":"http:\/\/stichelstube.capricorna.de\/wordpress\/2006\/03\/12\/259\/"},"modified":"2006-03-12T13:45:00","modified_gmt":"2006-03-12T12:45:00","slug":"259","status":"publish","type":"post","link":"https:\/\/stichelstube.capricorna.de\/wordpress\/2006\/03\/12\/259\/","title":{"rendered":""},"content":{"rendered":"<p>So ein Mist&#8230; meine Bernina ist eine kleine Zicke. Hab gerade versucht, die richtige Einstellung f\u00fcr einen Viskose-Jersey zu finden, und der linke Nadelfaden, wo ich das Billig-Garn drin hatte, machte st\u00e4ndig Probleme. Ich hab verschiedene Nadelarten und -gr\u00f6\u00dfen ausprobiert, mit verschieden schlechten Ergebnissen. Dann hab ich das teurere Ovi-Garn vom H\u00e4ndler eingef\u00e4delt &#8211; bingo, saubere Naht!<\/p>\n<p>Zumindest im linken Nadelfaden will sie also gutes Garn haben&#8230; mal gucken, ob die Greiferf\u00e4den unproblematischer sind, obwohl mir das nat\u00fcrlich auch nicht viel hilft jetzt.<\/p>\n<p>Das Billig-Garn kam mir auch ein bisschen dicker vor als das beim H\u00e4ndler gekaufte. Mal gucken, ob es mit d\u00fcnnerem, preiswerten Garn besser geht. Aber da ich allgemein sowieso lieber etwas mehr Geld f\u00fcr gute Qualit\u00e4t ausgebe, werde ich wohl mal eine Preisumfrage bei den H\u00e4ndlern hier in der Gegend machen. Wenn ich ein Garn in einer bestimmten Farbe suche, gehe ich lieber in ein Gesch\u00e4ft vor Ort und habe es dann sofort, wenn ich es brauche, als im Internet auf Verdacht zu kaufen. Ach ja&#8230;<\/p>\n<p>Jetzt fahren wir zwei beide erstmal nach D\u00fcsseldorf, in die Vivienne Westwood-Ausstellung. Das wird bestimmt interessant \ud83d\ude42<br \/>Leider darf man keine Fotos machen, aber ich werde mein Ideenbuch mitnehmen, um mir gute Ideen schnell aufzeichnen zu k\u00f6nnen.<\/p>\n","protected":false},"excerpt":{"rendered":"<p>So ein Mist&#8230; meine Bernina ist eine kleine Zicke. Hab gerade versucht, die richtige Einstellung f\u00fcr einen Viskose-Jersey zu finden, und der linke Nadelfaden, wo ich das Billig-Garn drin hatte, machte st\u00e4ndig Probleme. Ich hab verschiedene Nadelarten und -gr\u00f6\u00dfen ausprobiert, mit verschieden schlechten Ergebnissen. Dann hab ich das teurere Ovi-Garn vom H\u00e4ndler eingef\u00e4delt &#8211; bingo, &hellip; <a href=\"https:\/\/stichelstube.capricorna.de\/wordpress\/2006\/03\/12\/259\/\" class=\"more-link\"><span class=\"screen-reader-text\">\u201e\u201c <\/span>weiterlesen<\/a><\/p>\n","protected":false},"author":2,"featured_media":0,"comment_status":"open","ping_status":"open","sticky":false,"template":"","format":"standard","meta":{"jetpack_post_was_ever_published":false,"_jetpack_newsletter_access":"","_jetpack_dont_email_post_to_subs":false,"_jetpack_newsletter_tier_id":0,"_jetpack_memberships_contains_paywalled_content":false,"_jetpack_memberships_contains_paid_content":false,"footnotes":"","jetpack_publicize_message":"","jetpack_publicize_feature_enabled":true,"jetpack_social_post_already_shared":false,"jetpack_social_options":{"image_generator_settings":{"template":"highway","default_image_id":0,"font":"","enabled":false},"version":2}},"categories":[1],"tags":[],"class_list":["post-259","post","type-post","status-publish","format-standard","hentry","category-allgemein"],"jetpack_publicize_connections":[],"jetpack_featured_media_url":"","jetpack_sharing_enabled":true,"jetpack_shortlink":"https:\/\/wp.me\/s6Znca-259","jetpack-related-posts":[{"id":251,"url":"https:\/\/stichelstube.capricorna.de\/wordpress\/2006\/01\/29\/251\/","url_meta":{"origin":259,"position":0},"title":"*mach ein Kreuz im Kalender*\u2026","author":"Kerstin","date":"29. Januar 2006","format":false,"excerpt":"*mach ein Kreuz im Kalender* - f\u00fcr meine erste \"richtige\" Overlocknaht :-)Gestern habe ich einen kuscheligen Interlock zugeschnitten, um daraus ein Wickelshirt zu n\u00e4hen, und gerade habe ich die Schultern\u00e4hte mit der Ovi gemacht. Dank der Markierungen auf der Abdeckung war es doch leichter als ich dachte, den Stoff im\u2026","rel":"","context":"In &quot;Allgemein&quot;","block_context":{"text":"Allgemein","link":"https:\/\/stichelstube.capricorna.de\/wordpress\/category\/allgemein\/"},"img":{"alt_text":"","src":"","width":0,"height":0},"classes":[]},{"id":315,"url":"https:\/\/stichelstube.capricorna.de\/wordpress\/2006\/10\/07\/achterbahn\/","url_meta":{"origin":259,"position":1},"title":"Achterbahn&#8230;","author":"Kerstin","date":"7. Oktober 2006","format":false,"excerpt":"Heute war es wieder ein abwechslungsreicher Tag...Gestern telefonierte ich mit meiner Mutter und sie sagte mir, dass meine Nichte wohl noch ein paar mehr Krabbelhosen gebrauchen k\u00f6nnte. Also dachte ich, mache ich zu dem Stofftier noch ein Geschenk. Heute morgen habe ich mir schnell ein passendes Schnittmuster aus meiner kleinen\u2026","rel":"","context":"In &quot;Allgemein&quot;","block_context":{"text":"Allgemein","link":"https:\/\/stichelstube.capricorna.de\/wordpress\/category\/allgemein\/"},"img":{"alt_text":"","src":"","width":0,"height":0},"classes":[]},{"id":309,"url":"https:\/\/stichelstube.capricorna.de\/wordpress\/2006\/08\/08\/schreibfaul\/","url_meta":{"origin":259,"position":2},"title":"Schreibfaul&#8230;","author":"Kerstin","date":"8. August 2006","format":false,"excerpt":"... war ich in den letzten zwei Wochen, aber nicht n\u00e4hfaul.Ich habe heldenhaft mit einem T-Shirt gek\u00e4mpft, das partout nicht so wollte, wie ich. Das heisst, eigentlich hat zuerst die Ovi angefangen, Probleme zu machen. Das billige ebay-Garn hat mir im linken Nadelfaden wieder mal reichliche Stich-Aussetzer produziert. Beim n\u00e4chsten\u2026","rel":"","context":"In &quot;Allgemein&quot;","block_context":{"text":"Allgemein","link":"https:\/\/stichelstube.capricorna.de\/wordpress\/category\/allgemein\/"},"img":{"alt_text":"","src":"","width":0,"height":0},"classes":[]},{"id":742,"url":"https:\/\/stichelstube.capricorna.de\/wordpress\/2010\/10\/21\/warum-kleidung-mit-lochern\/","url_meta":{"origin":259,"position":3},"title":"Warum Kleidung mit L\u00f6chern&#8230;","author":"Kerstin","date":"21. Oktober 2010","format":false,"excerpt":"... w\u00e4rmender sein kann als solche ohne L\u00f6cher! :D P\u00fcnktlich zum Herbst erscheinen die Strick-Tipps in den Frauenzeitschriften, und die einzige, die ich lese, die \"Brigitte\", macht da keine Ausnahme. Die letzte Strick-Beilage hatte verschiedenste Projekte zu bieten, vom Schal bis zum Zopf-Pullover - wer vieles bringt, wird manchen etwas\u2026","rel":"","context":"In &quot;Allgemein&quot;","block_context":{"text":"Allgemein","link":"https:\/\/stichelstube.capricorna.de\/wordpress\/category\/allgemein\/"},"img":{"alt_text":"","src":"https:\/\/i0.wp.com\/www.capricorna.de\/naehen\/blogpics\/stulpe_grau_1.jpg?resize=350%2C200","width":350,"height":200},"classes":[]},{"id":297,"url":"https:\/\/stichelstube.capricorna.de\/wordpress\/2006\/06\/25\/grundausstattung\/","url_meta":{"origin":259,"position":4},"title":"Grundausstattung","author":"Kerstin","date":"25. Juni 2006","format":false,"excerpt":"Gestern ist meine Bestellung von Peggy Morgenstern angekommen *freu*Zun\u00e4chst einmal ein Reverswinkel aus Alu, mit dem ich rechte Winkel in einem gr\u00f6\u00dferem Ma\u00dfstab als mit dem Geodreick zeichnen kann; er ist 60 x 24 cm. F\u00fcr die ganz langen Strecken - Hosenbeine und sowas - ein Meter-Ma\u00dfstab aus Kunststoff. Zum\u2026","rel":"","context":"In &quot;Allgemein&quot;","block_context":{"text":"Allgemein","link":"https:\/\/stichelstube.capricorna.de\/wordpress\/category\/allgemein\/"},"img":{"alt_text":"","src":"","width":0,"height":0},"classes":[]},{"id":310,"url":"https:\/\/stichelstube.capricorna.de\/wordpress\/2006\/08\/18\/meine-kleine-bernina-zicke\/","url_meta":{"origin":259,"position":5},"title":"Meine kleine Bernina-Zicke&#8230;","author":"Kerstin","date":"18. August 2006","format":false,"excerpt":"... hat mich in den letzten Tagen halb zur Verzweiflung getrieben!Nachdem ich ja bei meinem letzten T-Shirt schon Probleme mit Fehlstichen hatte, habe ich vor dem n\u00e4chsten Projekt den Stoff getestet - ein rutschiger Polyester-Jersey. Und wieder gab es Fehlstiche am laufenden Band!Beim letzten Mal hatte ich durch anderes Garn\u2026","rel":"","context":"In &quot;Allgemein&quot;","block_context":{"text":"Allgemein","link":"https:\/\/stichelstube.capricorna.de\/wordpress\/category\/allgemein\/"},"img":{"alt_text":"","src":"","width":0,"height":0},"classes":[]}],"_links":{"self":[{"href":"https:\/\/stichelstube.capricorna.de\/wordpress\/wp-json\/wp\/v2\/posts\/259","targetHints":{"allow":["GET"]}}],"collection":[{"href":"https:\/\/stichelstube.capricorna.de\/wordpress\/wp-json\/wp\/v2\/posts"}],"about":[{"href":"https:\/\/stichelstube.capricorna.de\/wordpress\/wp-json\/wp\/v2\/types\/post"}],"author":[{"embeddable":true,"href":"https:\/\/stichelstube.capricorna.de\/wordpress\/wp-json\/wp\/v2\/users\/2"}],"replies":[{"embeddable":true,"href":"https:\/\/stichelstube.capricorna.de\/wordpress\/wp-json\/wp\/v2\/comments?post=259"}],"version-history":[{"count":0,"href":"https:\/\/stichelstube.capricorna.de\/wordpress\/wp-json\/wp\/v2\/posts\/259\/revisions"}],"wp:attachment":[{"href":"https:\/\/stichelstube.capricorna.de\/wordpress\/wp-json\/wp\/v2\/media?parent=259"}],"wp:term":[{"taxonomy":"category","embeddable":true,"href":"https:\/\/stichelstube.capricorna.de\/wordpress\/wp-json\/wp\/v2\/categories?post=259"},{"taxonomy":"post_tag","embeddable":true,"href":"https:\/\/stichelstube.capricorna.de\/wordpress\/wp-json\/wp\/v2\/tags?post=259"}],"curies":[{"name":"wp","href":"https:\/\/api.w.org\/{rel}","templated":true}]}}