{"id":262,"date":"2006-03-23T13:49:00","date_gmt":"2006-03-23T12:49:00","guid":{"rendered":"http:\/\/stichelstube.capricorna.de\/wordpress\/2006\/03\/23\/262\/"},"modified":"2006-03-23T13:49:00","modified_gmt":"2006-03-23T12:49:00","slug":"262","status":"publish","type":"post","link":"https:\/\/stichelstube.capricorna.de\/wordpress\/2006\/03\/23\/262\/","title":{"rendered":""},"content":{"rendered":"<p><a href=\"https:\/\/i0.wp.com\/photos1.blogger.com\/blogger\/1114\/37\/1600\/usewhatyouhave.jpg\"><img data-recalc-dims=\"1\" decoding=\"async\" style=\"display:block; margin:0px auto 10px; text-align:center;cursor:pointer; cursor:hand;\" src=\"https:\/\/i0.wp.com\/photos1.blogger.com\/blogger\/1114\/37\/400\/usewhatyouhave.jpg?w=840\" border=\"0\" alt=\"\" \/><\/a><\/p>\n<p>Nachdem ich es in den letzten Monaten nicht geschafft habe, mich am Riemen zu rei\u00dfen, was den Neukauf von Stoffen angeht, starte ich nun zum x-ten Mal einen neuen Versuch.<\/p>\n<p>Angeregt durch <a href=\"http:\/\/hobbyschneiderin.net\/portal\/showthread.php?t=34836\">diese Diskussion<\/a> &#8211; es macht mehr Spa\u00df, wenn man wei\u00df, dass man nicht alleine ist \ud83d\ude42<\/p>\n<p>Au\u00dferdem gibt es gerade jede Menge Schnittmuster, die ich ausprobieren m\u00f6chte, und f\u00fcr jedes habe ich den passenden Stoff zu Hause, und auch die Kurzwaren und Garne m\u00fcssten daf\u00fcr reichen. Und bei Problemen kann ich im N\u00e4hkurs fragen, der vor kurzem wieder angefangen hat. Meine Stoffkommode habe ich auch letztens wieder mal sortiert &#8211; keine Ahnung, wie die immer wieder durcheinander kommt&#8230; Beste Voraussetzungen also \ud83d\ude42<\/p>\n<p>Meine geplanten neuen Schnittmuster:<\/p>\n<li> Top mit sternf\u00f6rmigen Teilungsn\u00e4hten von <a href=\"http:\/\/www.schnittvision.de\/\">schnittvision.de<\/a> &#8211; das habe ich schon fast fertig, ich muss &#8222;nur noch&#8220; Hals- und Armausschnitte einfassen, ohne dass der Stoff ausleiert oder sich zusammenzieht&#8230; Gestern habe ich eine Stunde lang Stretchstiche auf elastischem Falzgummi in Jersey getrennt&#8230; *argh*!\n<li>Top von <a href=\"http:\/\/www.schnittquelle.de\/\">schnittquelle.de<\/a>; da habe ich schon eine Version in preiswertem Probestoff erstellt. Beim Anprobieren der Folie sah es viel zu eng aus, und ich habe nach Anleitung meiner Kursleiterin an zwei Stellen etwas dazu gegeben. War nicht n\u00f6tig, denn jetzt ist es zu gro\u00df&#8230; *lol* Das werde ich nochmal mit &#8222;richtigem&#8220; Stoff in der vorgesehenen Gr\u00f6\u00dfe zuschneiden und hoffen, dass es dann passt.\n<li>Sommerbluse mit amerikanischem Armausschnitt aus der M\u00e4rz-Burda. Als &#8222;Probestoff&#8220; habe ich einen geschenkten, sehr guten Baumwollstoff von meiner Kursleiterin\n<li>Sommer-Rock mit Kellerfalte, Schnitt aus einer alten Bernina &#8222;Inspiration&#8220;\n<li>ein <a href=\"http:\/\/hobbyschneiderin.net\/portal\/showthread.php?t=7231\">Primadonna-Hemdchen<\/a> aus Microfaser; passende Kurzwaren habe ich mir diese Woche bei <a href=\"http:\/\/www.spitzen-paradies.de\/\">spitzen-paradies.de<\/a> gekauft und auch schon erhalten. Tolle Auswahl und superschnelle Lieferung; war sehr begeistert! \ud83d\ude42\n<li>zu meinen BHs noch ein paar Slips. Das Schnittmuster will ich von einem passenden Panty abnehmen; mal sehen, ob das klappt.\n<p>Und eine neue Hose brauche ich auch noch ganz dringend&#8230; bew\u00e4hrter Burda-Ma\u00dfschnitt; die werde ich wohl irgendwie dazwischen schieben.<\/p>\n<p>Gut, dass ich meine Ostergeschenke schon fertig gen\u00e4ht habe:<\/p>\n<p><a href=\"https:\/\/i0.wp.com\/www.capricorna.de\/naehen\/pics_fertig\/osterkoerbchen.jpg\"><img data-recalc-dims=\"1\" decoding=\"async\" style=\"display:block; margin:0px auto 10px; text-align:center;cursor:pointer; cursor:hand;width: 400px;\" src=\"https:\/\/i0.wp.com\/www.capricorna.de\/naehen\/pics_fertig\/osterkoerbchen.jpg?w=840\" border=\"0\" alt=\"\" \/><\/a><\/p>\n","protected":false},"excerpt":{"rendered":"<p>Nachdem ich es in den letzten Monaten nicht geschafft habe, mich am Riemen zu rei\u00dfen, was den Neukauf von Stoffen angeht, starte ich nun zum x-ten Mal einen neuen Versuch. Angeregt durch diese Diskussion &#8211; es macht mehr Spa\u00df, wenn man wei\u00df, dass man nicht alleine ist \ud83d\ude42 Au\u00dferdem gibt es gerade jede Menge Schnittmuster, &hellip; <a href=\"https:\/\/stichelstube.capricorna.de\/wordpress\/2006\/03\/23\/262\/\" class=\"more-link\"><span class=\"screen-reader-text\">\u201e\u201c <\/span>weiterlesen<\/a><\/p>\n","protected":false},"author":2,"featured_media":0,"comment_status":"open","ping_status":"open","sticky":false,"template":"","format":"standard","meta":{"jetpack_post_was_ever_published":false,"_jetpack_newsletter_access":"","_jetpack_dont_email_post_to_subs":false,"_jetpack_newsletter_tier_id":0,"_jetpack_memberships_contains_paywalled_content":false,"_jetpack_memberships_contains_paid_content":false,"footnotes":"","jetpack_publicize_message":"","jetpack_publicize_feature_enabled":true,"jetpack_social_post_already_shared":false,"jetpack_social_options":{"image_generator_settings":{"template":"highway","default_image_id":0,"font":"","enabled":false},"version":2}},"categories":[1],"tags":[],"class_list":["post-262","post","type-post","status-publish","format-standard","hentry","category-allgemein"],"jetpack_publicize_connections":[],"jetpack_featured_media_url":"","jetpack_sharing_enabled":true,"jetpack_shortlink":"https:\/\/wp.me\/s6Znca-262","jetpack-related-posts":[{"id":15,"url":"https:\/\/stichelstube.capricorna.de\/wordpress\/2003\/06\/05\/15\/","url_meta":{"origin":262,"position":0},"title":"Nachtrag vom 02. Juni, weil\u2026","author":"Kerstin","date":"5. Juni 2003","format":false,"excerpt":"Nachtrag vom 02. Juni, weil ich Blogger da nicht erreichen konnte: Ja, das T-Shirt ist fast fertig. Ich habe Vorderteil und R\u00fcckenteil vertauscht, weil ich gemerkt habe, dass das R\u00fcckenteil den etwas tieferen Ausschnitt hat. Am Vorderteil war er mir zu hoch, zu nah am Hals oder eher an der\u2026","rel":"","context":"In &quot;Allgemein&quot;","block_context":{"text":"Allgemein","link":"https:\/\/stichelstube.capricorna.de\/wordpress\/category\/allgemein\/"},"img":{"alt_text":"","src":"","width":0,"height":0},"classes":[]},{"id":16,"url":"https:\/\/stichelstube.capricorna.de\/wordpress\/2003\/06\/05\/16\/","url_meta":{"origin":262,"position":1},"title":"So, und jetzt der Eintrag\u2026","author":"Kerstin","date":"5. Juni 2003","format":false,"excerpt":"So, und jetzt der Eintrag f\u00fcr heute: Argh, ich habe es schon wieder getan! Ich darf wirklich nicht mehr mit Portemonnaie in die Stadt gehen, und schon gar kein Stoffgesch\u00e4ft betreten. Kaum habe ich das T-Shirt fertig und trage es sogar, sehe ich schon wieder neue Stoffe, die ich unbedingt\u2026","rel":"","context":"In &quot;Allgemein&quot;","block_context":{"text":"Allgemein","link":"https:\/\/stichelstube.capricorna.de\/wordpress\/category\/allgemein\/"},"img":{"alt_text":"","src":"","width":0,"height":0},"classes":[]},{"id":4,"url":"https:\/\/stichelstube.capricorna.de\/wordpress\/2003\/04\/03\/4\/","url_meta":{"origin":262,"position":2},"title":"Das Projekt Bluse habe ich\u2026","author":"Kerstin","date":"3. April 2003","format":false,"excerpt":"Das Projekt Bluse habe ich erstmal auf Eis gelegt zugunsten eines Kopfkissens f\u00fcr den Schaukelstuhl. Ich hatte eine Papier-Schablone erstellt, und war gestern soweit, dass sie halbfertig war. Ein etwa drei Zentimeter dickes Kissen mit Schaumstoff-Lagen gef\u00e4llt. Bei der \"Anprobe\" stellte ich dann fest, dass durch den dicken Schaumstoff das\u2026","rel":"","context":"In &quot;Allgemein&quot;","block_context":{"text":"Allgemein","link":"https:\/\/stichelstube.capricorna.de\/wordpress\/category\/allgemein\/"},"img":{"alt_text":"","src":"","width":0,"height":0},"classes":[]},{"id":5,"url":"https:\/\/stichelstube.capricorna.de\/wordpress\/2003\/04\/06\/5\/","url_meta":{"origin":262,"position":3},"title":"So, f\u00fcr die ehemals gelbe\u2026","author":"Kerstin","date":"6. April 2003","format":false,"excerpt":"So, f\u00fcr die ehemals gelbe Bluse habe ich mir gerade einen neuen Stoff bestellt, bei florence-naturstoffe.de. Ein wundersch\u00f6ner Krepp aus reiner Baumwolle mit kleiner Lochstickerei, in rostrot, genau meine Farbe. Im Original wurde wei\u00dfer Stoff verwendet, aber in wei\u00df sehe ich oft zu blass aus, wenn ich nicht gerade Makeup\u2026","rel":"","context":"In &quot;Allgemein&quot;","block_context":{"text":"Allgemein","link":"https:\/\/stichelstube.capricorna.de\/wordpress\/category\/allgemein\/"},"img":{"alt_text":"","src":"","width":0,"height":0},"classes":[]},{"id":300,"url":"https:\/\/stichelstube.capricorna.de\/wordpress\/2006\/07\/03\/kurzurlaub\/","url_meta":{"origin":262,"position":4},"title":"Kurzurlaub","author":"Kerstin","date":"3. Juli 2006","format":false,"excerpt":"Jetzt ist das Wochenende an der belgischen See auch schon wieder vorbei! Am Freitag Abend sind wir mit dem Auto nach Oostduinkerken gefahren, und gestern Nachmittag wieder zur\u00fcck. Den Samstag habe ich, wie oben zu sehen ist, am Strand verbracht, wo ich mir nat\u00fcrlich prompt einen kleinen Sonnenbrand auf den\u2026","rel":"","context":"In &quot;Allgemein&quot;","block_context":{"text":"Allgemein","link":"https:\/\/stichelstube.capricorna.de\/wordpress\/category\/allgemein\/"},"img":{"alt_text":"","src":"","width":0,"height":0},"classes":[]},{"id":578,"url":"https:\/\/stichelstube.capricorna.de\/wordpress\/2009\/05\/18\/ich-bin-wieder-15\/","url_meta":{"origin":262,"position":5},"title":"Ich bin wieder 15&#8230;","author":"Kerstin","date":"18. Mai 2009","format":false,"excerpt":"... mit diesem Shirt! :D Schon vor drei Jahren - *huch* ich dachte, den h\u00e4tte ich erst letztes Jahr gekauft! - hat mich dieser Stoff mit Graffiti-Aufdruck angesprungen, der ein wenig *h\u00fcstel* nach 80er Jahren aussieht. Und da musste nat\u00fcrlich ein 80er Jahre-Schnitt dazu. Kein originaler, denn in S\u00e4cken will\u2026","rel":"","context":"In &quot;Fertig&quot;","block_context":{"text":"Fertig","link":"https:\/\/stichelstube.capricorna.de\/wordpress\/category\/fertig\/"},"img":{"alt_text":"","src":"https:\/\/i0.wp.com\/www.capricorna.de\/naehen\/pics_fertig\/80ershirt.jpg?resize=350%2C200","width":350,"height":200},"classes":[]}],"_links":{"self":[{"href":"https:\/\/stichelstube.capricorna.de\/wordpress\/wp-json\/wp\/v2\/posts\/262","targetHints":{"allow":["GET"]}}],"collection":[{"href":"https:\/\/stichelstube.capricorna.de\/wordpress\/wp-json\/wp\/v2\/posts"}],"about":[{"href":"https:\/\/stichelstube.capricorna.de\/wordpress\/wp-json\/wp\/v2\/types\/post"}],"author":[{"embeddable":true,"href":"https:\/\/stichelstube.capricorna.de\/wordpress\/wp-json\/wp\/v2\/users\/2"}],"replies":[{"embeddable":true,"href":"https:\/\/stichelstube.capricorna.de\/wordpress\/wp-json\/wp\/v2\/comments?post=262"}],"version-history":[{"count":0,"href":"https:\/\/stichelstube.capricorna.de\/wordpress\/wp-json\/wp\/v2\/posts\/262\/revisions"}],"wp:attachment":[{"href":"https:\/\/stichelstube.capricorna.de\/wordpress\/wp-json\/wp\/v2\/media?parent=262"}],"wp:term":[{"taxonomy":"category","embeddable":true,"href":"https:\/\/stichelstube.capricorna.de\/wordpress\/wp-json\/wp\/v2\/categories?post=262"},{"taxonomy":"post_tag","embeddable":true,"href":"https:\/\/stichelstube.capricorna.de\/wordpress\/wp-json\/wp\/v2\/tags?post=262"}],"curies":[{"name":"wp","href":"https:\/\/api.w.org\/{rel}","templated":true}]}}