{"id":264,"date":"2006-03-31T16:10:00","date_gmt":"2006-03-31T15:10:00","guid":{"rendered":"http:\/\/stichelstube.capricorna.de\/wordpress\/2006\/03\/31\/264\/"},"modified":"2006-03-31T16:10:00","modified_gmt":"2006-03-31T15:10:00","slug":"264","status":"publish","type":"post","link":"https:\/\/stichelstube.capricorna.de\/wordpress\/2006\/03\/31\/264\/","title":{"rendered":""},"content":{"rendered":"<p>Frust! Es gibt in der gesamten K\u00f6lner Innenstadt keinen Laden mehr, bei dem Maschinen-Stickgarn kaufen kann! Bislang hatte Komet Kurzwaren am Eigelstein ein kleines Sortiment, aber das wird gerade abverkauft &#8211; W\u00fchlkiste, jede Rolle 2,50 Euro. Die Farbe, die ich brauche, n\u00e4mlich Wei\u00df, war nat\u00fcrlich nicht mehr dabei! Und da wundern sich die Leute, wenn man online einkauft!<\/p>\n<p>Mein letzter Versuch wird morgen vielleicht Alfatex sein, aber der liegt auf der anderen Rheinseite, da kommt man nicht mal eben jeden Tag vorbei. Der Patchwork-Laden in H\u00fcrth f\u00fchrt es, glaube ich, auch; aber das liegt ja auch nicht gerade um die Ecke. Och nee, das kann doch nicht wahr sein&#8230;<\/p>\n<p>Ebenso unm\u00f6glich ist es, einen h\u00fcbsch bestickten Chiffon zu finden. Es gibt genau zwei Muster; das eine sind gr\u00f6\u00dfere Ranken, die aber zu gro\u00df f\u00fcr ein Taufkleid sind; das andere kleine Bl\u00fcmchen. Nett, aber ein wenig mehr Auswahl, und das ganze vielleicht nicht nur in Polyester w\u00e4re sch\u00f6n&#8230;<\/p>\n<p>Naja, ein Gutes hatte das Ganze: Ich war in fast allen Stoffl\u00e4den K\u00f6lns, ohne einen einzigen Stoff gekauft zu haben. Wenn das keine Disziplin war! Ich h\u00e4tte gerne ein Lob! \ud83d\ude00<\/p>\n","protected":false},"excerpt":{"rendered":"<p>Frust! Es gibt in der gesamten K\u00f6lner Innenstadt keinen Laden mehr, bei dem Maschinen-Stickgarn kaufen kann! Bislang hatte Komet Kurzwaren am Eigelstein ein kleines Sortiment, aber das wird gerade abverkauft &#8211; W\u00fchlkiste, jede Rolle 2,50 Euro. Die Farbe, die ich brauche, n\u00e4mlich Wei\u00df, war nat\u00fcrlich nicht mehr dabei! Und da wundern sich die Leute, wenn &hellip; <a href=\"https:\/\/stichelstube.capricorna.de\/wordpress\/2006\/03\/31\/264\/\" class=\"more-link\"><span class=\"screen-reader-text\">\u201e\u201c <\/span>weiterlesen<\/a><\/p>\n","protected":false},"author":2,"featured_media":0,"comment_status":"open","ping_status":"open","sticky":false,"template":"","format":"standard","meta":{"jetpack_post_was_ever_published":false,"_jetpack_newsletter_access":"","_jetpack_dont_email_post_to_subs":false,"_jetpack_newsletter_tier_id":0,"_jetpack_memberships_contains_paywalled_content":false,"_jetpack_memberships_contains_paid_content":false,"footnotes":"","jetpack_publicize_message":"","jetpack_publicize_feature_enabled":true,"jetpack_social_post_already_shared":false,"jetpack_social_options":{"image_generator_settings":{"template":"highway","default_image_id":0,"font":"","enabled":false},"version":2}},"categories":[1],"tags":[],"class_list":["post-264","post","type-post","status-publish","format-standard","hentry","category-allgemein"],"jetpack_publicize_connections":[],"jetpack_featured_media_url":"","jetpack_sharing_enabled":true,"jetpack_shortlink":"https:\/\/wp.me\/s6Znca-264","jetpack-related-posts":[{"id":165,"url":"https:\/\/stichelstube.capricorna.de\/wordpress\/2004\/11\/17\/165\/","url_meta":{"origin":264,"position":0},"title":"Heute war ich mit Ulli\u2026","author":"Kerstin","date":"17. November 2004","format":false,"excerpt":"Heute war ich mit Ulli im \"Lightcabin\", dem Patchwork-Laden in H\u00fcrth. Ein wahrhaft \u00fcberw\u00e4ltigender Laden! Die Auswahl an Stoffen ist riesig - okay, es ist der erste Patchwork-Laden, den ich in natura gesehen habe, aber trotzdem... ;-) Hunderte von wundersch\u00f6nen Stoffen, sehr \u00fcbersichtlich aufgestellt, thematisch sortiert, und dann nach Farben;\u2026","rel":"","context":"In &quot;Allgemein&quot;","block_context":{"text":"Allgemein","link":"https:\/\/stichelstube.capricorna.de\/wordpress\/category\/allgemein\/"},"img":{"alt_text":"","src":"","width":0,"height":0},"classes":[]},{"id":1110,"url":"https:\/\/stichelstube.capricorna.de\/wordpress\/2014\/06\/16\/gammeliges-in-schweden\/","url_meta":{"origin":264,"position":1},"title":"Gammeliges in Schweden","author":"Kerstin","date":"16. Juni 2014","format":false,"excerpt":"Kurz vor Mittsommer inmitten von Schweden, nahe dem zweitgr\u00f6\u00dften See, dem V\u00e4ttern. W\u00e4hrend \u00fcber 19.000 Fahrradverr\u00fcckte, darunter auch mein Mann, 300 Kilometer am St\u00fcck fahren, habe ich mich nach einer angemessenen Besch\u00e4ftigung f\u00fcr Strohwitwen umgesehen. Zuerst hatte ich geplant, das Husqvarna-Museum ebendort zu besuchen, aber das w\u00e4re von unserem St\u00fctzpunkt\u2026","rel":"","context":"In &quot;Die Stichelstube unterwegs&quot;","block_context":{"text":"Die Stichelstube unterwegs","link":"https:\/\/stichelstube.capricorna.de\/wordpress\/category\/veranstaltungen\/"},"img":{"alt_text":"","src":"https:\/\/i0.wp.com\/www.capricorna.de\/naehen\/blogpics\/20140614_schweden_001.jpg?resize=350%2C200","width":350,"height":200},"classes":[]},{"id":306,"url":"https:\/\/stichelstube.capricorna.de\/wordpress\/2006\/07\/23\/alfatex-beute-und-perlen-gucken\/","url_meta":{"origin":264,"position":2},"title":"Alfatex-Beute und Perlen gucken","author":"Kerstin","date":"23. Juli 2006","format":false,"excerpt":"Gestern habe ich einen sehr vergn\u00fcglichen Nachmittag mit Aud verbracht - wir haben uns ein paar L\u00e4den auf der Luxemburger und der Friesenstra\u00dfe angesehen, und sind danach zu Alfatex auf die \"sch\u00e4l sick\" gefahren. Los ging es auf der Friesenstra\u00dfe, wo wir \"Perlen-Spiel\" besucht haben. Dort gibt es eine sehr\u2026","rel":"","context":"In &quot;Die Stichelstube unterwegs&quot;","block_context":{"text":"Die Stichelstube unterwegs","link":"https:\/\/stichelstube.capricorna.de\/wordpress\/category\/veranstaltungen\/"},"img":{"alt_text":"","src":"","width":0,"height":0},"classes":[]},{"id":1252,"url":"https:\/\/stichelstube.capricorna.de\/wordpress\/2016\/01\/30\/inspiration-en-gros\/","url_meta":{"origin":264,"position":3},"title":"Inspiration en gros","author":"Kerstin","date":"30. Januar 2016","format":false,"excerpt":"Wenn ich mich nicht eigens dazu verabredet h\u00e4tte, h\u00e4tte ich bei dem Regenwetter und einer recht kurzen Nacht heute Morgen vermutlich nicht so gerne das kuschelige Bett verlassen. Aber die Aussicht auf nette Gesellschaft bei einem einmaligen Ereignis hat mir das Aufstehen dann doch sehr leicht gemacht. An diesem Wochenende\u2026","rel":"","context":"In &quot;Die Stichelstube unterwegs&quot;","block_context":{"text":"Die Stichelstube unterwegs","link":"https:\/\/stichelstube.capricorna.de\/wordpress\/category\/veranstaltungen\/"},"img":{"alt_text":"","src":"https:\/\/i0.wp.com\/www.capricorna.de\/naehen\/blogpics\/20160130_kostuemverkauf_9.jpg?resize=350%2C200","width":350,"height":200,"srcset":"https:\/\/i0.wp.com\/www.capricorna.de\/naehen\/blogpics\/20160130_kostuemverkauf_9.jpg?resize=350%2C200 1x, https:\/\/i0.wp.com\/www.capricorna.de\/naehen\/blogpics\/20160130_kostuemverkauf_9.jpg?resize=525%2C300 1.5x"},"classes":[]},{"id":451,"url":"https:\/\/stichelstube.capricorna.de\/wordpress\/2008\/10\/23\/eingerostet\/","url_meta":{"origin":264,"position":4},"title":"Eingerostet&#8230;","author":"Kerstin","date":"23. Oktober 2008","format":false,"excerpt":"... bin ich wohl w\u00e4hrend meiner \u00fcber dreimonatigen N\u00e4hpause. Mein N\u00e4hzimmer habe ich inzwischen wieder; am letzten Wochenende habe ich mein neues Zimmerchen bezogen und meine N\u00e4hmaschine und meine Ovi aus ihren Transportverpackungen geholt und frisch eingef\u00e4delt. *freu* Ein wenig habe ich auch versucht, zu n\u00e4hen, aber ich mache derzeit\u2026","rel":"","context":"In &quot;Allgemein&quot;","block_context":{"text":"Allgemein","link":"https:\/\/stichelstube.capricorna.de\/wordpress\/category\/allgemein\/"},"img":{"alt_text":"","src":"","width":0,"height":0},"classes":[]},{"id":332,"url":"https:\/\/stichelstube.capricorna.de\/wordpress\/2007\/02\/28\/mit-den-augen-klauen-und-photosession\/","url_meta":{"origin":264,"position":5},"title":"Mit den Augen klauen und Photosession","author":"Kerstin","date":"28. Februar 2007","format":false,"excerpt":"Gestern Abend hatte ich eine sch\u00f6ne Verabredung mit Aud; wir haben zuerst beim China-Mann etwas gegessen, und danach einen ausf\u00fchrlichen Schaufensterbummel rund um die Ehrenstra\u00dfe gemacht. Gut, dass die Gesch\u00e4fte gr\u00f6\u00dftenteils schon geschlossen hatten, sonst k\u00f6nnte man dort die ganze Nacht verbringen. Es gibt dort so viele nette, kleine L\u00e4den\u2026","rel":"","context":"In &quot;Allgemein&quot;","block_context":{"text":"Allgemein","link":"https:\/\/stichelstube.capricorna.de\/wordpress\/category\/allgemein\/"},"img":{"alt_text":"","src":"","width":0,"height":0},"classes":[]}],"_links":{"self":[{"href":"https:\/\/stichelstube.capricorna.de\/wordpress\/wp-json\/wp\/v2\/posts\/264","targetHints":{"allow":["GET"]}}],"collection":[{"href":"https:\/\/stichelstube.capricorna.de\/wordpress\/wp-json\/wp\/v2\/posts"}],"about":[{"href":"https:\/\/stichelstube.capricorna.de\/wordpress\/wp-json\/wp\/v2\/types\/post"}],"author":[{"embeddable":true,"href":"https:\/\/stichelstube.capricorna.de\/wordpress\/wp-json\/wp\/v2\/users\/2"}],"replies":[{"embeddable":true,"href":"https:\/\/stichelstube.capricorna.de\/wordpress\/wp-json\/wp\/v2\/comments?post=264"}],"version-history":[{"count":0,"href":"https:\/\/stichelstube.capricorna.de\/wordpress\/wp-json\/wp\/v2\/posts\/264\/revisions"}],"wp:attachment":[{"href":"https:\/\/stichelstube.capricorna.de\/wordpress\/wp-json\/wp\/v2\/media?parent=264"}],"wp:term":[{"taxonomy":"category","embeddable":true,"href":"https:\/\/stichelstube.capricorna.de\/wordpress\/wp-json\/wp\/v2\/categories?post=264"},{"taxonomy":"post_tag","embeddable":true,"href":"https:\/\/stichelstube.capricorna.de\/wordpress\/wp-json\/wp\/v2\/tags?post=264"}],"curies":[{"name":"wp","href":"https:\/\/api.w.org\/{rel}","templated":true}]}}