{"id":265,"date":"2006-03-31T22:37:00","date_gmt":"2006-03-31T21:37:00","guid":{"rendered":"http:\/\/stichelstube.capricorna.de\/wordpress\/2006\/03\/31\/der-erste-entwurf\/"},"modified":"2006-03-31T22:37:00","modified_gmt":"2006-03-31T21:37:00","slug":"der-erste-entwurf","status":"publish","type":"post","link":"https:\/\/stichelstube.capricorna.de\/wordpress\/2006\/03\/31\/der-erste-entwurf\/","title":{"rendered":"Der erste Entwurf"},"content":{"rendered":"<p><a href=\"https:\/\/i0.wp.com\/photos1.blogger.com\/blogger\/1114\/37\/1600\/taufkleid_entwurf.jpg\"><img data-recalc-dims=\"1\" decoding=\"async\" style=\"display:block; margin:0px auto 10px; text-align:center;cursor:pointer; cursor:hand;\" src=\"https:\/\/i0.wp.com\/photos1.blogger.com\/blogger\/1114\/37\/400\/taufkleid_entwurf.jpg?w=840\" border=\"0\" alt=\"\" \/><\/a><\/p>\n<p>Hier der erste Entwurf des Kleides. Ich bin so froh, dass ich mich f\u00fcr ein Probeteil entschieden habe, denn hier werden jede Menge Sachen gemacht, die man nicht jeden Tag unter der Nadel hat.<\/p>\n<p>Es f\u00e4ngt an mit den winzigen Falten in dem Organza, der sich so \u00fcberhaupt gar nicht mit B\u00fcgeln in eine Form fixieren l\u00e4sst. Mein &#8222;workaround&#8220; bestand dann darin, die Falten nach dem B\u00fcgeln noch einmal von rechts abzusteppen.<\/p>\n<p>Das n\u00e4chste Problem war der Kragen, der fertig verst\u00fcrzt links auf rechts an den Halsausschnitt gesteppt wird; zusammen mit einem Schr\u00e4gstreifen, der aber dann ganz nach links umgeklappt und festgesteppt wird, f\u00fcr meine Begriffe also eher ein Beleg ist. Ich verstehe nicht, wieso daf\u00fcr ein Schr\u00e4gstreifen genommen wird, also eine doppelte Stofflage, wo der Kragen und das Oberkleid doch schon mehr als genug Stofflagen hat. Das wird doch viel zu dick, dabei habe ich hier nur einen d\u00fcnnen Batist genommen statt des eigentlich vorgesehenen Satins. Da muss ich mal sehen, ob ich nicht einen einfachen Schr\u00e4gstreifen finden kann, keinen gefalzten.<\/p>\n<p>Beim Abb\u00fcgeln des Kragens habe ich noch einen Grund entdeckt, der gegen Organza aus Polyester spricht &#8211; der vertr\u00e4gt n\u00e4mlich keine Hitze&#8230; Gut, dass das nur ein Probeteil war! Ich hoffe, ich bekomme mein B\u00fcgeleisen wieder gereinigt. Ich war heute Mittag ja im Karstadt, und da hatten sie noch ein kleines St\u00fcck Organza in wei\u00df aus Seide; ich hoffe, das ist morgen noch da. Sonst habe ich schon die Horrorvision, wie das Kleid am Tag der Taufe noch mal eben schnell aufgeb\u00fcgelt werden soll, und dann&#8230; *argh*! Es geht doch nichts \u00fcber Naturfasern!<\/p>\n<p>Die winzigen \u00c4rmel eingehalten einzusetzen war auch keine reine Freude. Ich weiss nicht, ob die so entstandenen Puff\u00e4rmel im Schnittmuster auch so vorgesehen sind, aber allein der Versuch, die Mehrweite &#8222;gleichm\u00e4ssig zu verteilen&#8220;, wie es so sch\u00f6n heisst, w\u00fcrde mich reif f\u00fcr die Klapsm\u00fchle machen&#8230; Also gibt\u00b4s Puff\u00e4rmel, basta.<\/p>\n<p>Daf\u00fcr ein kleines Erfolgserlebnis beim Einhalten des Rockteils: Ich habe bei einfacher Stofflage die Nahtzugabe mit der Ovi bei hohem Differential gelockt, und dann die Nadelf\u00e4den nach und nach vorsichtig angezogen. Die so entstehenden Falten halbwegs gleichm\u00e4ssig verteilen, bis die gew\u00fcnschte k\u00fcrzere L\u00e4nge erreicht ist, festknoten, und dann am Oberkleid mit der normalen N\u00e4hmaschine knapp neben der Ovi-Naht feststeppen. Das ging sehr gut \ud83d\ude42<\/p>\n<p>(Der Mehrstichkr\u00e4usler f\u00fcr die N\u00e4hMa w\u00fcrde mich trotzdem reizen, aber der ist sowas von teuer&#8230;. Mal sehen.)<\/p>\n<p>Ich habe nur einen \u00c4rmel eingesetzt, die S\u00e4ume sind offen, das untere Rockteil soll eigentlich auch noch aus Organza sein, und der hintere Verschluss fehlt v\u00f6llig, aber so hat meine Schwester schon mal einen Eindruck, wie das Teil aussieht, und wir k\u00f6nnen feststellen, ob es die richtige Gr\u00f6\u00dfe hat. Der Halsausschnitt zum Beispiel sieht mir reichlich eng aus&#8230;<\/p>\n<p>Jetzt bin ich aber erstmal reif f\u00fcr\u00b4s Bett; morgen gehe ich mit meiner Schwester in die Stadt, um die richtigen Stoffe zu kaufen. Das wird nicht lange dauern, denn es gibt ja praktisch keine Auswahl.<\/p>\n","protected":false},"excerpt":{"rendered":"<p>Hier der erste Entwurf des Kleides. Ich bin so froh, dass ich mich f\u00fcr ein Probeteil entschieden habe, denn hier werden jede Menge Sachen gemacht, die man nicht jeden Tag unter der Nadel hat. Es f\u00e4ngt an mit den winzigen Falten in dem Organza, der sich so \u00fcberhaupt gar nicht mit B\u00fcgeln in eine Form &hellip; <a href=\"https:\/\/stichelstube.capricorna.de\/wordpress\/2006\/03\/31\/der-erste-entwurf\/\" class=\"more-link\"><span class=\"screen-reader-text\">\u201eDer erste Entwurf\u201c <\/span>weiterlesen<\/a><\/p>\n","protected":false},"author":2,"featured_media":0,"comment_status":"open","ping_status":"open","sticky":false,"template":"","format":"standard","meta":{"jetpack_post_was_ever_published":false,"_jetpack_newsletter_access":"","_jetpack_dont_email_post_to_subs":false,"_jetpack_newsletter_tier_id":0,"_jetpack_memberships_contains_paywalled_content":false,"_jetpack_memberships_contains_paid_content":false,"footnotes":"","jetpack_publicize_message":"","jetpack_publicize_feature_enabled":true,"jetpack_social_post_already_shared":false,"jetpack_social_options":{"image_generator_settings":{"template":"highway","default_image_id":0,"font":"","enabled":false},"version":2}},"categories":[1],"tags":[],"class_list":["post-265","post","type-post","status-publish","format-standard","hentry","category-allgemein"],"jetpack_publicize_connections":[],"jetpack_featured_media_url":"","jetpack_sharing_enabled":true,"jetpack_shortlink":"https:\/\/wp.me\/p6Znca-4h","jetpack-related-posts":[{"id":263,"url":"https:\/\/stichelstube.capricorna.de\/wordpress\/2006\/03\/30\/taufkleid-erste-schritte\/","url_meta":{"origin":265,"position":0},"title":"Taufkleid &#8211; erste Schritte","author":"Kerstin","date":"30. M\u00e4rz 2006","format":false,"excerpt":"Eine kleine Ausnahme von meinem Stoffkauf-Verbot muss ich nun doch machen; ich habe n\u00e4mlich darauf bestanden, das Taufkleid f\u00fcr meine Nichte zu n\u00e4hen :-)Meine Schwester hat sich den Schnitt 9804 von Burda ausgesucht. Da ich bislang noch nichts f\u00fcr die Kleine gen\u00e4ht habe, *sch\u00e4m* habe ich beschlossen, erst einmal ein\u2026","rel":"","context":"In &quot;Allgemein&quot;","block_context":{"text":"Allgemein","link":"https:\/\/stichelstube.capricorna.de\/wordpress\/category\/allgemein\/"},"img":{"alt_text":"","src":"","width":0,"height":0},"classes":[]},{"id":1881,"url":"https:\/\/stichelstube.capricorna.de\/wordpress\/2021\/03\/22\/ufo-das-erste-in-2021\/","url_meta":{"origin":265,"position":1},"title":"Ufo, das Erste, in 2021","author":"Kerstin","date":"22. M\u00e4rz 2021","format":false,"excerpt":"Ich kann nicht zum dritten Mal den Titel \"Was lange w\u00e4hrt\" f\u00fcr einen Beitrag verwenden, darum musste ich mir jetzt einen anderen suchen. Aber vielleicht sollte ich mein blog umbenennen oder den Slogan \u00e4ndern? Ich bin ja nicht gerade die schnellste N\u00e4herin vor dem Herrn... Ewig lange hingezogen hat sich\u2026","rel":"","context":"In &quot;Fertig&quot;","block_context":{"text":"Fertig","link":"https:\/\/stichelstube.capricorna.de\/wordpress\/category\/fertig\/"},"img":{"alt_text":"","src":"https:\/\/i0.wp.com\/stichelstube.capricorna.de\/wordpress\/wp-content\/2021\/03\/alone_patchwork3.jpeg?resize=350%2C200&ssl=1","width":350,"height":200},"classes":[]},{"id":41,"url":"https:\/\/stichelstube.capricorna.de\/wordpress\/2003\/10\/25\/41\/","url_meta":{"origin":265,"position":2},"title":"In den letzten zwei Wochen\u2026","author":"Kerstin","date":"25. Oktober 2003","format":false,"excerpt":"In den letzten zwei Wochen bin ich nicht viel zum N\u00e4hen gekommen; irgendwie war immer was anderes los, oder ich war zu m\u00fcde. Ich habe mir jetzt erstmal das Unterzieh-Shirt aus Seide vorgenommen; das brauche ich bei dem Wetter dringender. Ich habe die Seitenn\u00e4hte noch etwas k\u00f6rpern\u00e4her gestaltet, so dass\u2026","rel":"","context":"In &quot;Allgemein&quot;","block_context":{"text":"Allgemein","link":"https:\/\/stichelstube.capricorna.de\/wordpress\/category\/allgemein\/"},"img":{"alt_text":"","src":"","width":0,"height":0},"classes":[]},{"id":326,"url":"https:\/\/stichelstube.capricorna.de\/wordpress\/2006\/12\/27\/das-kleine-warme-handchen\/","url_meta":{"origin":265,"position":3},"title":"Das kleine warme H\u00e4ndchen","author":"Kerstin","date":"27. Dezember 2006","format":false,"excerpt":"Darf ich vorstellen: Mein neuer Handw\u00e4rmer.Den Schnitt habe ich mir von einer gekauften Stulpe abgenommen, die ich k\u00fcrzlich auf dem Handwerkermarkt auf Schlo\u00df Burg gekauft habe (leider wei\u00df ich den Namen des H\u00e4ndlers nicht). Das ist mein erstes Probemodell aus kuscheligem Fleece.Meine H\u00e4nde - und F\u00fc\u00dfe - sind meistens k\u00e4lter\u2026","rel":"","context":"In &quot;Allgemein&quot;","block_context":{"text":"Allgemein","link":"https:\/\/stichelstube.capricorna.de\/wordpress\/category\/allgemein\/"},"img":{"alt_text":"","src":"","width":0,"height":0},"classes":[]},{"id":1260,"url":"https:\/\/stichelstube.capricorna.de\/wordpress\/2016\/02\/07\/naehen-trennen-naehen-trennen-naehen-trennen-fertig\/","url_meta":{"origin":265,"position":4},"title":"N\u00e4hen, trennen, n\u00e4hen, trennen, n\u00e4hen, trennen&#8230; fertig!","author":"Kerstin","date":"7. Februar 2016","format":false,"excerpt":"Kaum ist der erste Monat des neues Jahres rum, habe ich auch schon ein neues Kleidungsst\u00fcck fertig gestellt! ;) F\u00fcr dieses Jahr habe ich mir versch\u00e4rften Stoff-Abbau vorgenommen. Das ist gar nicht so einfach, wie man sich das vorstellt. Obwohl ich mehr Stoffe hier liegen habe, als ich mich traue,\u2026","rel":"","context":"In &quot;Fertig&quot;","block_context":{"text":"Fertig","link":"https:\/\/stichelstube.capricorna.de\/wordpress\/category\/fertig\/"},"img":{"alt_text":"","src":"https:\/\/i0.wp.com\/www.capricorna.de\/naehen\/pics_fertig\/20160207_streifenshirt_1.jpg?resize=350%2C200","width":350,"height":200},"classes":[]},{"id":199,"url":"https:\/\/stichelstube.capricorna.de\/wordpress\/2005\/04\/09\/199\/","url_meta":{"origin":265,"position":5},"title":"So sieht meine Tunika bislang\u2026","author":"Kerstin","date":"9. April 2005","format":false,"excerpt":"So sieht meine Tunika bislang aus: Bis auf den Saum und den Knopfverschluss oben ist sie fertig :-)Ich habe den Schnitt leicht ge\u00e4ndert: Den Saum habe ich abgerundet, damit es nicht so sackig aussieht, ausserdem wirken die Beine von der Seite dann l\u00e4nger. Und den Ausschnitt habe ich nicht mit\u2026","rel":"","context":"In &quot;Allgemein&quot;","block_context":{"text":"Allgemein","link":"https:\/\/stichelstube.capricorna.de\/wordpress\/category\/allgemein\/"},"img":{"alt_text":"","src":"","width":0,"height":0},"classes":[]}],"_links":{"self":[{"href":"https:\/\/stichelstube.capricorna.de\/wordpress\/wp-json\/wp\/v2\/posts\/265","targetHints":{"allow":["GET"]}}],"collection":[{"href":"https:\/\/stichelstube.capricorna.de\/wordpress\/wp-json\/wp\/v2\/posts"}],"about":[{"href":"https:\/\/stichelstube.capricorna.de\/wordpress\/wp-json\/wp\/v2\/types\/post"}],"author":[{"embeddable":true,"href":"https:\/\/stichelstube.capricorna.de\/wordpress\/wp-json\/wp\/v2\/users\/2"}],"replies":[{"embeddable":true,"href":"https:\/\/stichelstube.capricorna.de\/wordpress\/wp-json\/wp\/v2\/comments?post=265"}],"version-history":[{"count":0,"href":"https:\/\/stichelstube.capricorna.de\/wordpress\/wp-json\/wp\/v2\/posts\/265\/revisions"}],"wp:attachment":[{"href":"https:\/\/stichelstube.capricorna.de\/wordpress\/wp-json\/wp\/v2\/media?parent=265"}],"wp:term":[{"taxonomy":"category","embeddable":true,"href":"https:\/\/stichelstube.capricorna.de\/wordpress\/wp-json\/wp\/v2\/categories?post=265"},{"taxonomy":"post_tag","embeddable":true,"href":"https:\/\/stichelstube.capricorna.de\/wordpress\/wp-json\/wp\/v2\/tags?post=265"}],"curies":[{"name":"wp","href":"https:\/\/api.w.org\/{rel}","templated":true}]}}