{"id":266,"date":"2006-04-01T17:48:00","date_gmt":"2006-04-01T16:48:00","guid":{"rendered":"http:\/\/stichelstube.capricorna.de\/wordpress\/2006\/04\/01\/266\/"},"modified":"2006-04-01T17:48:00","modified_gmt":"2006-04-01T16:48:00","slug":"266","status":"publish","type":"post","link":"https:\/\/stichelstube.capricorna.de\/wordpress\/2006\/04\/01\/266\/","title":{"rendered":""},"content":{"rendered":"<p><a href=\"https:\/\/i0.wp.com\/photos1.blogger.com\/blogger\/1114\/37\/1600\/taufkleid_stoffe.0.jpg\"><img data-recalc-dims=\"1\" decoding=\"async\" style=\"display:block; margin:0px auto 10px; text-align:center;cursor:pointer; cursor:hand;\" src=\"https:\/\/i0.wp.com\/photos1.blogger.com\/blogger\/1114\/37\/400\/taufkleid_stoffe.0.jpg?w=840\" border=\"0\" alt=\"\" \/><\/a><\/p>\n<p>So, wieder zur\u00fcck aus der Stadt. Und sogar erfolgreich. \ud83d\ude42<\/p>\n<p>Beim Schn\u00e4ppchenmarkt am G\u00fcrzenich gab es sch\u00f6nen d\u00fcnnen Satin aus reiner Seide, und im Karstadt dann den Organza. Er ist nicht ganz hartwei\u00df, aber so schwach abget\u00f6nt, dass es auf dem wei\u00dfen Satin nicht so furchtbar auffallen sollte.<\/p>\n<p>F\u00fcr das J\u00e4ckchen dar\u00fcber hat meine Schwester sich wei\u00dfen Pannesamt ausgesucht. Nicht mein bevorzugter Stoff, aber mal gucken. Hm, auf dem Bild sieht er viel zu wei\u00df aus f\u00fcr die anderen Stoffe. Das werde ich mir noch mal genauer \u00fcberlegen&#8230;<\/p>\n<p>Jetzt mach ich aber erstmal was anderes, denn bis zur Taufe ist\u00b4s ja noch ein Monat. Derzeit denke ich stark eine Jeansjacke, denn ich brauche eine neue, farblich passende \u00dcbergangsjacke. Meine braune, mit Gold bestickte Cordjacke passt nicht mehr so ganz zu meinen Winterfarben. Und mein neuer Kappnahtfu\u00df wird mir hoffentlich sch\u00f6n verarbeitete N\u00e4hte bescheren, da ich die Jacke nicht f\u00fcttern will. Ein Testlauf mit dem sehr dicken Jeans war jedenfalls erfolgreich. Da freue ich mich schon drauf. \ud83d\ude42<\/p>\n","protected":false},"excerpt":{"rendered":"<p>So, wieder zur\u00fcck aus der Stadt. Und sogar erfolgreich. \ud83d\ude42 Beim Schn\u00e4ppchenmarkt am G\u00fcrzenich gab es sch\u00f6nen d\u00fcnnen Satin aus reiner Seide, und im Karstadt dann den Organza. Er ist nicht ganz hartwei\u00df, aber so schwach abget\u00f6nt, dass es auf dem wei\u00dfen Satin nicht so furchtbar auffallen sollte. F\u00fcr das J\u00e4ckchen dar\u00fcber hat meine Schwester &hellip; <a href=\"https:\/\/stichelstube.capricorna.de\/wordpress\/2006\/04\/01\/266\/\" class=\"more-link\"><span class=\"screen-reader-text\">\u201e\u201c <\/span>weiterlesen<\/a><\/p>\n","protected":false},"author":2,"featured_media":0,"comment_status":"open","ping_status":"open","sticky":false,"template":"","format":"standard","meta":{"jetpack_post_was_ever_published":false,"_jetpack_newsletter_access":"","_jetpack_dont_email_post_to_subs":false,"_jetpack_newsletter_tier_id":0,"_jetpack_memberships_contains_paywalled_content":false,"_jetpack_memberships_contains_paid_content":false,"footnotes":"","jetpack_publicize_message":"","jetpack_publicize_feature_enabled":true,"jetpack_social_post_already_shared":false,"jetpack_social_options":{"image_generator_settings":{"template":"highway","default_image_id":0,"font":"","enabled":false},"version":2}},"categories":[1],"tags":[],"class_list":["post-266","post","type-post","status-publish","format-standard","hentry","category-allgemein"],"jetpack_publicize_connections":[],"jetpack_featured_media_url":"","jetpack_sharing_enabled":true,"jetpack_shortlink":"https:\/\/wp.me\/s6Znca-266","jetpack-related-posts":[{"id":699,"url":"https:\/\/stichelstube.capricorna.de\/wordpress\/2010\/04\/09\/schnippel-schnippel\/","url_meta":{"origin":266,"position":0},"title":"Schnippel, schnippel&#8230;","author":"Kerstin","date":"9. April 2010","format":false,"excerpt":"Da mein kleines Auto zu krank f\u00fcr den eigentlich geplanten T\u00dcV-Termin ist, und erst mal zum Doc muss, hatte ich heute wider Erwarten mehr Zeit als geplant. Und ich war recht flei\u00dfig, wenn man auch noch keine gro\u00dfen Resultate sehen kann. Zum einen habe ich meinen Burda-Ma\u00dfschnitt aus einem Probestoff\u2026","rel":"","context":"In &quot;Allgemein&quot;","block_context":{"text":"Allgemein","link":"https:\/\/stichelstube.capricorna.de\/wordpress\/category\/allgemein\/"},"img":{"alt_text":"Neue Mode 23286","src":"https:\/\/i0.wp.com\/www.capricorna.de\/naehen\/pics_misc\/NeueMode_23286.jpg?resize=350%2C200","width":350,"height":200},"classes":[]},{"id":265,"url":"https:\/\/stichelstube.capricorna.de\/wordpress\/2006\/03\/31\/der-erste-entwurf\/","url_meta":{"origin":266,"position":1},"title":"Der erste Entwurf","author":"Kerstin","date":"31. M\u00e4rz 2006","format":false,"excerpt":"Hier der erste Entwurf des Kleides. Ich bin so froh, dass ich mich f\u00fcr ein Probeteil entschieden habe, denn hier werden jede Menge Sachen gemacht, die man nicht jeden Tag unter der Nadel hat.Es f\u00e4ngt an mit den winzigen Falten in dem Organza, der sich so \u00fcberhaupt gar nicht mit\u2026","rel":"","context":"In &quot;Allgemein&quot;","block_context":{"text":"Allgemein","link":"https:\/\/stichelstube.capricorna.de\/wordpress\/category\/allgemein\/"},"img":{"alt_text":"","src":"","width":0,"height":0},"classes":[]},{"id":43,"url":"https:\/\/stichelstube.capricorna.de\/wordpress\/2003\/11\/16\/43\/","url_meta":{"origin":266,"position":2},"title":"Nach l\u00e4ngerer Zeit gibt es\u2026","author":"Kerstin","date":"16. November 2003","format":false,"excerpt":"Nach l\u00e4ngerer Zeit gibt es wieder etwas zu melden. In den letzten Wochen habe ich pausiert, und mir haupts\u00e4chlich neue Stoffbezugsquellen im Internet angeschaut, und gegr\u00fcbelt, welches von meinen Schnittmustern ich wohl am wahrscheinlichsten erfolgreich umsetzen kann. Ich habe dann mit dem Schlafanzug aus dem gelben Kringelstoff angefangen. Das Schnittmuster\u2026","rel":"","context":"In &quot;Allgemein&quot;","block_context":{"text":"Allgemein","link":"https:\/\/stichelstube.capricorna.de\/wordpress\/category\/allgemein\/"},"img":{"alt_text":"","src":"","width":0,"height":0},"classes":[]},{"id":347,"url":"https:\/\/stichelstube.capricorna.de\/wordpress\/2007\/07\/08\/tauschgeschafte\/","url_meta":{"origin":266,"position":3},"title":"Tauschgesch\u00e4fte","author":"Kerstin","date":"8. Juli 2007","format":false,"excerpt":"So ein N\u00e4hkr\u00e4nzchen ist schon eine feine Sache. Zum einen, weil es Spa\u00df macht, sich mit den Leuten mal \"in echt\" zu unterhalten. Zum anderen hatten wir beim heutigen K\u00f6lner N\u00e4h-Brunch einen \"Tauschtisch\". Jeder konnte Sachen mitbringen, die er loswerden will, und dann konnte getauscht - oder auch verkauft -\u2026","rel":"","context":"In &quot;Allgemein&quot;","block_context":{"text":"Allgemein","link":"https:\/\/stichelstube.capricorna.de\/wordpress\/category\/allgemein\/"},"img":{"alt_text":"","src":"","width":0,"height":0},"classes":[]},{"id":1582,"url":"https:\/\/stichelstube.capricorna.de\/wordpress\/2018\/11\/30\/ein-anzug-fuer-den-lesestoff\/","url_meta":{"origin":266,"position":4},"title":"Ein Anzug f\u00fcr den Lesestoff","author":"Kerstin","date":"30. November 2018","format":false,"excerpt":"Kaum zu glauben, aber in den letzten paar Wochen habe ich tats\u00e4chlich drei Teile fertig gen\u00e4ht. Gut, zwei davon waren \"nur\" Accessoires. Das erste zeige ich euch heute, eine flexible Buchh\u00fclle. Ich lese ja viel in der Bahn beim Pendeln, und wenn ich in den \u00d6ffis einen Sitzplatz bekomme oder\u2026","rel":"","context":"In &quot;Fertig&quot;","block_context":{"text":"Fertig","link":"https:\/\/stichelstube.capricorna.de\/wordpress\/category\/fertig\/"},"img":{"alt_text":"","src":"https:\/\/i0.wp.com\/www.capricorna.de\/naehen\/pics_fertig\/20181130_buchhuelle_1.jpg?resize=350%2C200","width":350,"height":200,"srcset":"https:\/\/i0.wp.com\/www.capricorna.de\/naehen\/pics_fertig\/20181130_buchhuelle_1.jpg?resize=350%2C200 1x, https:\/\/i0.wp.com\/www.capricorna.de\/naehen\/pics_fertig\/20181130_buchhuelle_1.jpg?resize=525%2C300 1.5x, https:\/\/i0.wp.com\/www.capricorna.de\/naehen\/pics_fertig\/20181130_buchhuelle_1.jpg?resize=700%2C400 2x"},"classes":[]},{"id":1568,"url":"https:\/\/stichelstube.capricorna.de\/wordpress\/2018\/10\/18\/loblied-auf-meine-handtasche\/","url_meta":{"origin":266,"position":5},"title":"Loblied auf meine Handtasche","author":"Kerstin","date":"18. Oktober 2018","format":false,"excerpt":"\u00dcber die Entstehung meiner neuen Handtasche hatte ich ja bereits einmal kurz\u00a0berichtet. Wenige Tage sp\u00e4ter ist die Tasche dann auch fertig geworden, und seitdem ist sie im Dauereinsatz. Und ich muss sagen, bislang ist das die beste Handtasche, die ich je hatte. \u00dcber die Handtaschen von Frauen und ihre unermessliche\u2026","rel":"","context":"In &quot;Accessoires&quot;","block_context":{"text":"Accessoires","link":"https:\/\/stichelstube.capricorna.de\/wordpress\/category\/accessoires\/"},"img":{"alt_text":"","src":"https:\/\/i0.wp.com\/www.capricorna.de\/naehen\/pics_fertig\/20181018_dany_1.jpg?resize=350%2C200","width":350,"height":200},"classes":[]}],"_links":{"self":[{"href":"https:\/\/stichelstube.capricorna.de\/wordpress\/wp-json\/wp\/v2\/posts\/266","targetHints":{"allow":["GET"]}}],"collection":[{"href":"https:\/\/stichelstube.capricorna.de\/wordpress\/wp-json\/wp\/v2\/posts"}],"about":[{"href":"https:\/\/stichelstube.capricorna.de\/wordpress\/wp-json\/wp\/v2\/types\/post"}],"author":[{"embeddable":true,"href":"https:\/\/stichelstube.capricorna.de\/wordpress\/wp-json\/wp\/v2\/users\/2"}],"replies":[{"embeddable":true,"href":"https:\/\/stichelstube.capricorna.de\/wordpress\/wp-json\/wp\/v2\/comments?post=266"}],"version-history":[{"count":0,"href":"https:\/\/stichelstube.capricorna.de\/wordpress\/wp-json\/wp\/v2\/posts\/266\/revisions"}],"wp:attachment":[{"href":"https:\/\/stichelstube.capricorna.de\/wordpress\/wp-json\/wp\/v2\/media?parent=266"}],"wp:term":[{"taxonomy":"category","embeddable":true,"href":"https:\/\/stichelstube.capricorna.de\/wordpress\/wp-json\/wp\/v2\/categories?post=266"},{"taxonomy":"post_tag","embeddable":true,"href":"https:\/\/stichelstube.capricorna.de\/wordpress\/wp-json\/wp\/v2\/tags?post=266"}],"curies":[{"name":"wp","href":"https:\/\/api.w.org\/{rel}","templated":true}]}}