{"id":271,"date":"2006-04-17T14:57:00","date_gmt":"2006-04-17T13:57:00","guid":{"rendered":"http:\/\/stichelstube.capricorna.de\/wordpress\/2006\/04\/17\/primadonna-die-zweite\/"},"modified":"2006-04-17T14:57:00","modified_gmt":"2006-04-17T13:57:00","slug":"primadonna-die-zweite","status":"publish","type":"post","link":"https:\/\/stichelstube.capricorna.de\/wordpress\/2006\/04\/17\/primadonna-die-zweite\/","title":{"rendered":"Primadonna die zweite"},"content":{"rendered":"<p>So, heute der zweite Versuch. Habe das K\u00f6rbchen vergr\u00f6\u00dfert, das R\u00fcckenteil zweigeteilt, anders aufgelegt, mehr Weite in der hinteren Mitte dazugegeben und nach unten schr\u00e4g weiter werdend zugeschnitten. Jetzt sieht das schon besser aus, und ich habe nicht mehr den Eindruck, ein Korsett zu tragen und gleich in Ohnmacht zu fallen *lol*<\/p>\n<p>Jetzt brauche ich nur noch ein paar farblich passende Kurzwaren, die ich gestern verbraucht habe. Das W\u00e4schegummi k\u00f6nnte ich ja mit viel guten Willen noch vom ersten Teil auftrennen, aber die Charmeuse nicht, die ich f\u00fcr das Mittelteil brauche. Neu kaufen ist da erheblich stressfreier.<\/p>\n<p>Und bis die Teile hier sind, mache ich erstmal mit einer Hose weiter, und lasse die Jeansjacke links liegen. Die Hose brauche ich immer noch dringender, habe mich aber so lange davor gedr\u00fcckt. Aber vor der Taufe &#8211; Taufkleid! J\u00e4ckchen! &#8211; muss das unbedingt noch sein. Ich liebe es, unter Zeitdruck zu arbeiten&#8230; \ud83d\ude09<\/p>\n","protected":false},"excerpt":{"rendered":"<p>So, heute der zweite Versuch. Habe das K\u00f6rbchen vergr\u00f6\u00dfert, das R\u00fcckenteil zweigeteilt, anders aufgelegt, mehr Weite in der hinteren Mitte dazugegeben und nach unten schr\u00e4g weiter werdend zugeschnitten. Jetzt sieht das schon besser aus, und ich habe nicht mehr den Eindruck, ein Korsett zu tragen und gleich in Ohnmacht zu fallen *lol* Jetzt brauche ich &hellip; <a href=\"https:\/\/stichelstube.capricorna.de\/wordpress\/2006\/04\/17\/primadonna-die-zweite\/\" class=\"more-link\"><span class=\"screen-reader-text\">\u201ePrimadonna die zweite\u201c <\/span>weiterlesen<\/a><\/p>\n","protected":false},"author":2,"featured_media":0,"comment_status":"open","ping_status":"open","sticky":false,"template":"","format":"standard","meta":{"jetpack_post_was_ever_published":false,"_jetpack_newsletter_access":"","_jetpack_dont_email_post_to_subs":false,"_jetpack_newsletter_tier_id":0,"_jetpack_memberships_contains_paywalled_content":false,"_jetpack_memberships_contains_paid_content":false,"footnotes":"","jetpack_publicize_message":"","jetpack_publicize_feature_enabled":true,"jetpack_social_post_already_shared":false,"jetpack_social_options":{"image_generator_settings":{"template":"highway","default_image_id":0,"font":"","enabled":false},"version":2}},"categories":[1],"tags":[],"class_list":["post-271","post","type-post","status-publish","format-standard","hentry","category-allgemein"],"jetpack_publicize_connections":[],"jetpack_featured_media_url":"","jetpack_sharing_enabled":true,"jetpack_shortlink":"https:\/\/wp.me\/p6Znca-4n","jetpack-related-posts":[{"id":595,"url":"https:\/\/stichelstube.capricorna.de\/wordpress\/2009\/06\/29\/ufo-tag\/","url_meta":{"origin":271,"position":0},"title":"Ufo-Tag","author":"Kerstin","date":"29. Juni 2009","format":false,"excerpt":"Angeregt durch einen Beitrag im HS-Forum und genervt von meinem vollgestellten N\u00e4hzimmer, starte ich wieder mal einen neuen Versuch, mich durch meine Ufos zu k\u00e4mpfen. Mein blog-Archiv verr\u00e4t mir, dass meine letzte Ufo-Aktion schlappe zwei Jahre her ist. Und kaum sind Hochzeit, Jobsuche, Umzug und Einleben in der neuen Stadt\u2026","rel":"","context":"In &quot;Ufo&quot;","block_context":{"text":"Ufo","link":"https:\/\/stichelstube.capricorna.de\/wordpress\/category\/ufo\/"},"img":{"alt_text":"Ufo - Franzius-Jacke","src":"https:\/\/i0.wp.com\/www.capricorna.de\/naehen\/blogpics\/Ufo_06_2009_1.jpg?resize=350%2C200","width":350,"height":200},"classes":[]},{"id":28,"url":"https:\/\/stichelstube.capricorna.de\/wordpress\/2003\/08\/24\/28\/","url_meta":{"origin":271,"position":1},"title":"Zwischen die Hose und das\u2026","author":"Kerstin","date":"24. August 2003","format":false,"excerpt":"Zwischen die Hose und das Top ist mir jetzt noch eine Tasche dazwischengekommen :-) Ich hatte mir letztens einen kleinen Fahrrad-Korb gekauft, und damit ich auch bei Regenwetter meine Sachen trocken transportieren kann, habe ich mir eine Tasche entworfen, die auch schon fast fertig ist. Ich hatte noch einen braunen,\u2026","rel":"","context":"In &quot;Allgemein&quot;","block_context":{"text":"Allgemein","link":"https:\/\/stichelstube.capricorna.de\/wordpress\/category\/allgemein\/"},"img":{"alt_text":"","src":"","width":0,"height":0},"classes":[]},{"id":1271,"url":"https:\/\/stichelstube.capricorna.de\/wordpress\/2016\/02\/28\/ein-erfolgreiches-wochenende\/","url_meta":{"origin":271,"position":2},"title":"Ein erfolgreiches Wochenende","author":"Kerstin","date":"28. Februar 2016","format":false,"excerpt":".. habe ich verbracht; in jeder Hinsicht. Eigentlich liegt ja gerade ein Zweiteiler-Badeanzug auf meinem N\u00e4htisch, aber aus irgend einem Grund habe ich mir Anfang der Woche in den Kopf gesetzt, dass ich jetzt sofort einen Jeansrock n\u00e4hen m\u00f6chte. Das ist eins von den Basic-Teilen, die eigentlich jede im Schrank\u2026","rel":"","context":"In &quot;Allgemein&quot;","block_context":{"text":"Allgemein","link":"https:\/\/stichelstube.capricorna.de\/wordpress\/category\/allgemein\/"},"img":{"alt_text":"","src":"https:\/\/i0.wp.com\/www.capricorna.de\/naehen\/pics_fertig\/20160228_jeansrock_vorn.jpg?resize=350%2C200","width":350,"height":200},"classes":[]},{"id":1060,"url":"https:\/\/stichelstube.capricorna.de\/wordpress\/2015\/10\/08\/pariser-hirsch\/","url_meta":{"origin":271,"position":3},"title":"Pariser Hirsch","author":"Kerstin","date":"8. Oktober 2015","format":false,"excerpt":"Da ich mit meinen N\u00e4h-Pl\u00e4nen f\u00fcr n\u00fctzliche Kleidung sowieso seit Jahren hoffnungslos im R\u00fcckstand bin - Hosen! Blusen! - hatte ich mir vor, \u00e4hem, zwei Jahren den Spa\u00df geg\u00f6nnt, etwas v\u00f6llig Sinnbefreites zu n\u00e4hen. Seit ich den vor nunmehr vier sechs Jahren im Burda Magazin gesehen hatte, ging er mir\u2026","rel":"","context":"In &quot;Fertig&quot;","block_context":{"text":"Fertig","link":"https:\/\/stichelstube.capricorna.de\/wordpress\/category\/fertig\/"},"img":{"alt_text":"","src":"https:\/\/i0.wp.com\/www.capricorna.de\/naehen\/pics_fertig\/20151007_hirsch.jpg?resize=350%2C200","width":350,"height":200},"classes":[]},{"id":288,"url":"https:\/\/stichelstube.capricorna.de\/wordpress\/2006\/05\/19\/kleine-pause-schnittkurs\/","url_meta":{"origin":271,"position":4},"title":"Kleine Pause + Schnittkurs","author":"Kerstin","date":"19. Mai 2006","format":false,"excerpt":"Diesen Monat bin ich ganz sch\u00f6n n\u00e4hfaul - ob das noch die Nachwirkung vom Taufkleidchen ist? ;-)Erst heute habe ich ein bisschen an der Bluse weitergemacht; die letzen Tage, eher Wochen, hatte ich entweder andere Sachen vor, Verabredungen, Haushalt oder hatte einfach keine Lust auf N\u00e4hen. Muss auch mal sein.\u2026","rel":"","context":"In &quot;Allgemein&quot;","block_context":{"text":"Allgemein","link":"https:\/\/stichelstube.capricorna.de\/wordpress\/category\/allgemein\/"},"img":{"alt_text":"","src":"","width":0,"height":0},"classes":[]},{"id":1332,"url":"https:\/\/stichelstube.capricorna.de\/wordpress\/2016\/10\/22\/aufgeraeumt\/","url_meta":{"origin":271,"position":5},"title":"Aufger\u00e4umt!","author":"Kerstin","date":"22. Oktober 2016","format":false,"excerpt":"Seit ich vor einiger Zeit festgestellt habe, dass einige Stoffe aus meiner Sammlung an den Bruchkanten ausbleichen, hatte ich mir vorgenommen, eine andere L\u00f6sung f\u00fcr die Aufbewahrung zu finden. Vor drei Wochen habe ich mich dann dazu entschlossen, mein Ivar-Regal mit einem Schrank mit T\u00fcren zu erweitern. Ich hatte mich\u2026","rel":"","context":"In &quot;Allgemein&quot;","block_context":{"text":"Allgemein","link":"https:\/\/stichelstube.capricorna.de\/wordpress\/category\/allgemein\/"},"img":{"alt_text":"","src":"https:\/\/i0.wp.com\/www.capricorna.de\/naehen\/blogpics\/20161014_stoffregal_3.jpg?resize=350%2C200","width":350,"height":200},"classes":[]}],"_links":{"self":[{"href":"https:\/\/stichelstube.capricorna.de\/wordpress\/wp-json\/wp\/v2\/posts\/271","targetHints":{"allow":["GET"]}}],"collection":[{"href":"https:\/\/stichelstube.capricorna.de\/wordpress\/wp-json\/wp\/v2\/posts"}],"about":[{"href":"https:\/\/stichelstube.capricorna.de\/wordpress\/wp-json\/wp\/v2\/types\/post"}],"author":[{"embeddable":true,"href":"https:\/\/stichelstube.capricorna.de\/wordpress\/wp-json\/wp\/v2\/users\/2"}],"replies":[{"embeddable":true,"href":"https:\/\/stichelstube.capricorna.de\/wordpress\/wp-json\/wp\/v2\/comments?post=271"}],"version-history":[{"count":0,"href":"https:\/\/stichelstube.capricorna.de\/wordpress\/wp-json\/wp\/v2\/posts\/271\/revisions"}],"wp:attachment":[{"href":"https:\/\/stichelstube.capricorna.de\/wordpress\/wp-json\/wp\/v2\/media?parent=271"}],"wp:term":[{"taxonomy":"category","embeddable":true,"href":"https:\/\/stichelstube.capricorna.de\/wordpress\/wp-json\/wp\/v2\/categories?post=271"},{"taxonomy":"post_tag","embeddable":true,"href":"https:\/\/stichelstube.capricorna.de\/wordpress\/wp-json\/wp\/v2\/tags?post=271"}],"curies":[{"name":"wp","href":"https:\/\/api.w.org\/{rel}","templated":true}]}}