{"id":275,"date":"2006-04-20T21:17:00","date_gmt":"2006-04-20T20:17:00","guid":{"rendered":"http:\/\/stichelstube.capricorna.de\/wordpress\/2006\/04\/20\/kleinkariert-und-doch-perfekt\/"},"modified":"2006-04-20T21:17:00","modified_gmt":"2006-04-20T20:17:00","slug":"kleinkariert-und-doch-perfekt","status":"publish","type":"post","link":"https:\/\/stichelstube.capricorna.de\/wordpress\/2006\/04\/20\/kleinkariert-und-doch-perfekt\/","title":{"rendered":"Kleinkariert und doch perfekt"},"content":{"rendered":"<p><a href=\"https:\/\/i0.wp.com\/photos1.blogger.com\/blogger\/1114\/37\/1600\/hose_detail_tasche.jpg\"><img data-recalc-dims=\"1\" decoding=\"async\" style=\"display:block; margin:0px auto 10px; text-align:center;cursor:pointer; cursor:hand;\" src=\"https:\/\/i0.wp.com\/photos1.blogger.com\/blogger\/1114\/37\/400\/hose_detail_tasche.jpg?w=840\" border=\"0\" alt=\"\" \/><\/a><\/p>\n<p>So, das Tagesziel ist erreicht. Vorgestern habe ich den Rei\u00dfverschluss eingesetzt, was mir dank der fabelhaften Betzina-Anleitung sehr gut gelungen ist. Gestern dann die Taschen, und heute Seitenn\u00e4hte und Schrittnaht. Wegen des Karomusters dauert alleine das Stecken einer Naht immer eine Viertelstunde, und bei den Taschen musste ich ganz besonders aufpassen. Aber auch das ging dann recht schnell.<\/p>\n<p>Oben im Bild eine Detailaufnahme der Tasche mit dem eingesetzten Oberstoff am Eingriff, und ein St\u00fcck der Seitenn\u00e4hte. Das Karo passt \u00fcberall richtig aufeinander, die Seitenn\u00e4hte fallen gut &#8211; doch, das sieht gut aus.<\/p>\n<p>Zu dem grauen Karo habe ich mir jetzt als passendes Oberteil ein zitronengelbes Shirt oder eine Bluse in den Kopf gesetzt&#8230; Gelb fehlt bislang in meinem Kleiderschrank v\u00f6llig. Da mir die Farbe theoretisch gut stehen soll &#8211; bin ja ein &#8222;Winter&#8220;-, werde ich morgen mal l\u00e4ngs der Gesch\u00e4fte gehen und nach einem passenden Gelb Ausschau halten, um es in der Umkleide zu testen. Bin gespannt.<\/p>\n","protected":false},"excerpt":{"rendered":"<p>So, das Tagesziel ist erreicht. Vorgestern habe ich den Rei\u00dfverschluss eingesetzt, was mir dank der fabelhaften Betzina-Anleitung sehr gut gelungen ist. Gestern dann die Taschen, und heute Seitenn\u00e4hte und Schrittnaht. Wegen des Karomusters dauert alleine das Stecken einer Naht immer eine Viertelstunde, und bei den Taschen musste ich ganz besonders aufpassen. Aber auch das ging &hellip; <a href=\"https:\/\/stichelstube.capricorna.de\/wordpress\/2006\/04\/20\/kleinkariert-und-doch-perfekt\/\" class=\"more-link\"><span class=\"screen-reader-text\">\u201eKleinkariert und doch perfekt\u201c <\/span>weiterlesen<\/a><\/p>\n","protected":false},"author":2,"featured_media":0,"comment_status":"open","ping_status":"open","sticky":false,"template":"","format":"standard","meta":{"jetpack_post_was_ever_published":false,"_jetpack_newsletter_access":"","_jetpack_dont_email_post_to_subs":false,"_jetpack_newsletter_tier_id":0,"_jetpack_memberships_contains_paywalled_content":false,"_jetpack_memberships_contains_paid_content":false,"footnotes":"","jetpack_publicize_message":"","jetpack_publicize_feature_enabled":true,"jetpack_social_post_already_shared":false,"jetpack_social_options":{"image_generator_settings":{"template":"highway","default_image_id":0,"font":"","enabled":false},"version":2}},"categories":[1],"tags":[],"class_list":["post-275","post","type-post","status-publish","format-standard","hentry","category-allgemein"],"jetpack_publicize_connections":[],"jetpack_featured_media_url":"","jetpack_sharing_enabled":true,"jetpack_shortlink":"https:\/\/wp.me\/p6Znca-4r","jetpack-related-posts":[{"id":877,"url":"https:\/\/stichelstube.capricorna.de\/wordpress\/2011\/11\/14\/ziemlich-flotter-cordrock\/","url_meta":{"origin":275,"position":0},"title":"Ziemlich flotter Cordrock","author":"Kerstin","date":"14. November 2011","format":false,"excerpt":"Im Hobbyschneiderin-Forum sind diesen Monat R\u00f6cke das Motivationsthema. Und da wir seit kurzem einen Tanzkurs besuchen, und ich \u00fcberhaupt seit Jahren darauf hoffe, doch mal \u00fcber Nacht zur begeisterten Rocktr\u00e4gerin zu \u00a0mutieren, war das ein guter Anlass, in dieser Richtung t\u00e4tig zu werden. Auf der Suche nach Inspirationen bl\u00e4tterte ich\u2026","rel":"","context":"In &quot;Fertig&quot;","block_context":{"text":"Fertig","link":"https:\/\/stichelstube.capricorna.de\/wordpress\/category\/fertig\/"},"img":{"alt_text":"","src":"https:\/\/i0.wp.com\/www.capricorna.de\/naehen\/pics_fertig\/20111113_cordrock_2.jpg?resize=350%2C200","width":350,"height":200},"classes":[]},{"id":2107,"url":"https:\/\/stichelstube.capricorna.de\/wordpress\/2021\/12\/25\/weihnachts-ufos-gelandet\/","url_meta":{"origin":275,"position":1},"title":"Weihnachts-Ufos gelandet","author":"Kerstin","date":"25. Dezember 2021","format":false,"excerpt":"Kurz vor Toresschluss habe ich noch zwei Ufos landen k\u00f6nnen und zwei Recycling-Taschen fertiggestellt. Links f\u00fcr Glas, rechts f\u00fcr Altpapier. Meine private Buchf\u00fchrung verr\u00e4t mir, dass ich den Stoff, Wachstuch mit Retro-Apfel-Motiv, vor ziemlich genau zwei Jahren gekauft habe. Und seit etwa anderthalb Jahren standen eine halbfertige und eine zugeschnittene\u2026","rel":"","context":"In &quot;Fertig&quot;","block_context":{"text":"Fertig","link":"https:\/\/stichelstube.capricorna.de\/wordpress\/category\/fertig\/"},"img":{"alt_text":"","src":"https:\/\/i0.wp.com\/stichelstube.capricorna.de\/wordpress\/wp-content\/2021\/12\/B6BBD768-F8DE-4F62-AE32-E7CC717BE3A1.jpeg?resize=350%2C200&ssl=1","width":350,"height":200,"srcset":"https:\/\/i0.wp.com\/stichelstube.capricorna.de\/wordpress\/wp-content\/2021\/12\/B6BBD768-F8DE-4F62-AE32-E7CC717BE3A1.jpeg?resize=350%2C200&ssl=1 1x, https:\/\/i0.wp.com\/stichelstube.capricorna.de\/wordpress\/wp-content\/2021\/12\/B6BBD768-F8DE-4F62-AE32-E7CC717BE3A1.jpeg?resize=525%2C300&ssl=1 1.5x, https:\/\/i0.wp.com\/stichelstube.capricorna.de\/wordpress\/wp-content\/2021\/12\/B6BBD768-F8DE-4F62-AE32-E7CC717BE3A1.jpeg?resize=700%2C400&ssl=1 2x, https:\/\/i0.wp.com\/stichelstube.capricorna.de\/wordpress\/wp-content\/2021\/12\/B6BBD768-F8DE-4F62-AE32-E7CC717BE3A1.jpeg?resize=1050%2C600&ssl=1 3x"},"classes":[]},{"id":1156,"url":"https:\/\/stichelstube.capricorna.de\/wordpress\/2014\/09\/25\/primaballerina-taeschchen\/","url_meta":{"origin":275,"position":2},"title":"Primaballerina-T\u00e4schchen","author":"Kerstin","date":"25. September 2014","format":false,"excerpt":"Man soll es nicht glauben, aber dieser kleine Kulturbeutel hat mich einige Nerven gekostet. Oben im Bild seht ihr vorne das \"Original\"; ein Give-away einer nicht n\u00e4her genannten Bekleidungsmarke. Diese kleine Tasche habe ich nun schon einige Monate als Kulturbeutel im Gebrauch. Die Gr\u00f6\u00dfe reichte so gerade eben aus, aber\u2026","rel":"","context":"In &quot;Fertig&quot;","block_context":{"text":"Fertig","link":"https:\/\/stichelstube.capricorna.de\/wordpress\/category\/fertig\/"},"img":{"alt_text":"","src":"https:\/\/i0.wp.com\/www.capricorna.de\/naehen\/blogpics\/20140917_kulturbeutelchen_3.jpg?resize=350%2C200","width":350,"height":200},"classes":[]},{"id":289,"url":"https:\/\/stichelstube.capricorna.de\/wordpress\/2006\/05\/28\/es-geht-weiter\/","url_meta":{"origin":275,"position":3},"title":"Es geht weiter&#8230;","author":"Kerstin","date":"28. Mai 2006","format":false,"excerpt":"Endlich wieder eine Naht gemacht! Gerade habe ich den zweiten \u00c4rmel in meine Bluse eingesetzt - und er ist richtig gut geworden! Beim ersten \u00c4rmel hatte ich die Nahtzugabe auf 0,7 Zentimeter gek\u00fcrzt, was bereits das Einsetzen erleichtert hat. Im N\u00e4hkurs habe ich dann den \u00c4rmel gereiht, bevor ich ihn\u2026","rel":"","context":"In &quot;Allgemein&quot;","block_context":{"text":"Allgemein","link":"https:\/\/stichelstube.capricorna.de\/wordpress\/category\/allgemein\/"},"img":{"alt_text":"","src":"","width":0,"height":0},"classes":[]},{"id":52,"url":"https:\/\/stichelstube.capricorna.de\/wordpress\/2003\/12\/27\/52\/","url_meta":{"origin":275,"position":4},"title":"Mit der neuen Weste komme\u2026","author":"Kerstin","date":"27. Dezember 2003","format":false,"excerpt":"Mit der neuen Weste komme ich gut voran, aber erstmal wollte ich Bilder von meinem Schlafanzug zeigen. Hier ist er: Ist er nicht s\u00fc\u00df? Meine Knopfl\u00f6cher wurden mit zunehmender \u00dcbung auch immer besser, hier ist mein bestes: Ich finde, im Vergleich zu dem ersten sieht man schon einen deutlichen Fortschritt\u2026","rel":"","context":"In &quot;Allgemein&quot;","block_context":{"text":"Allgemein","link":"https:\/\/stichelstube.capricorna.de\/wordpress\/category\/allgemein\/"},"img":{"alt_text":"","src":"","width":0,"height":0},"classes":[]},{"id":834,"url":"https:\/\/stichelstube.capricorna.de\/wordpress\/2011\/06\/23\/sportsfreund\/","url_meta":{"origin":275,"position":5},"title":"Sportsfreund","author":"Kerstin","date":"23. Juni 2011","format":false,"excerpt":"hei\u00dft dieses einfache Modell aus \"Das TaschenBuch\" von Terence Terry. F\u00fcr meine aktuelle Anforderung, ein Beutel zur Aufbewahrung einer Pedelec-Ladestation, genau das richtige. Die Ma\u00dfe habe ich gegen\u00fcber dem Original etwas ver\u00e4ndert, damit sie hoffentlich bequem darin zu verstauen ist. Was ich als Stoff nehmen sollte, wusste ich zun\u00e4chst nicht.\u2026","rel":"","context":"In &quot;Accessoires&quot;","block_context":{"text":"Accessoires","link":"https:\/\/stichelstube.capricorna.de\/wordpress\/category\/accessoires\/"},"img":{"alt_text":"","src":"https:\/\/i0.wp.com\/www.capricorna.de\/naehen\/pics_fertig\/20110623_matchbeutel.jpg?resize=350%2C200","width":350,"height":200},"classes":[]}],"_links":{"self":[{"href":"https:\/\/stichelstube.capricorna.de\/wordpress\/wp-json\/wp\/v2\/posts\/275","targetHints":{"allow":["GET"]}}],"collection":[{"href":"https:\/\/stichelstube.capricorna.de\/wordpress\/wp-json\/wp\/v2\/posts"}],"about":[{"href":"https:\/\/stichelstube.capricorna.de\/wordpress\/wp-json\/wp\/v2\/types\/post"}],"author":[{"embeddable":true,"href":"https:\/\/stichelstube.capricorna.de\/wordpress\/wp-json\/wp\/v2\/users\/2"}],"replies":[{"embeddable":true,"href":"https:\/\/stichelstube.capricorna.de\/wordpress\/wp-json\/wp\/v2\/comments?post=275"}],"version-history":[{"count":0,"href":"https:\/\/stichelstube.capricorna.de\/wordpress\/wp-json\/wp\/v2\/posts\/275\/revisions"}],"wp:attachment":[{"href":"https:\/\/stichelstube.capricorna.de\/wordpress\/wp-json\/wp\/v2\/media?parent=275"}],"wp:term":[{"taxonomy":"category","embeddable":true,"href":"https:\/\/stichelstube.capricorna.de\/wordpress\/wp-json\/wp\/v2\/categories?post=275"},{"taxonomy":"post_tag","embeddable":true,"href":"https:\/\/stichelstube.capricorna.de\/wordpress\/wp-json\/wp\/v2\/tags?post=275"}],"curies":[{"name":"wp","href":"https:\/\/api.w.org\/{rel}","templated":true}]}}