{"id":278,"date":"2006-04-26T20:18:00","date_gmt":"2006-04-26T19:18:00","guid":{"rendered":"http:\/\/stichelstube.capricorna.de\/wordpress\/2006\/04\/26\/if-i-had-a-hammer\/"},"modified":"2006-04-26T20:18:00","modified_gmt":"2006-04-26T19:18:00","slug":"if-i-had-a-hammer","status":"publish","type":"post","link":"https:\/\/stichelstube.capricorna.de\/wordpress\/2006\/04\/26\/if-i-had-a-hammer\/","title":{"rendered":"If I had a hammer&#8230;"},"content":{"rendered":"<p><a href=\"https:\/\/i0.wp.com\/photos1.blogger.com\/blogger\/1114\/37\/1600\/hammer.jpg\"><img data-recalc-dims=\"1\" decoding=\"async\" style=\"display:block; margin:0px auto 10px; text-align:center;cursor:pointer; cursor:hand;\" src=\"https:\/\/i0.wp.com\/photos1.blogger.com\/blogger\/1114\/37\/400\/hammer.jpg?w=840\" border=\"0\" alt=\"\" \/><\/a>*<\/p>\n<p>Solche interessanten Sachen sieht man, wenn das <a href=\"http:\/\/www.freilichtmuseum-hagen.de\/\" target\"_blank\">Freilichtmuseum Hagen<\/a> besucht. Wir waren letzten Sonntag dort, um die Ausstellung &#8222;umGARNen&#8220; zu besuchen.<\/p>\n<p>Das Freilichtmuseum ist sehr sch\u00f6n gelegen, in einem schmalen, bewaldeten Tal, etwa auf halber Strecke zwischen Stadtzentrum und Stadtrand gelegen. Hagen ist ja sonst nicht gerade eine Augenweide, um es mal h\u00f6flich zu formulieren, aber dieses Museum reisst es wieder raus. Dort wird \u00fcber alte Handwerke informiert, in vielen kleinen, alten Geb\u00e4uden, die locker \u00fcber das kleine Tal verteilt sind. Gutes Schuhwerk ist angeraten, wegen der doch l\u00e4ngeren Wege, die zu bew\u00e4ltigen sind, daf\u00fcr kann man die Annehmlichkeiten eines Spaziergangs im Gr\u00fcnen mit dem zwanglosen Lernen \u00fcber die Vergangenheit verbinden.<\/p>\n<p>Die Ausstellung selbst fand in den am weitesten entfernten Geb\u00e4uden statt, zur Belohnung gibt es dort dann auch die gesamte Gastronomie des Museums. Das Wetter war trocken, aber bew\u00f6lkt und k\u00fchl, und als wir am fr\u00fchen Nachmittag dort eintrafen, war es nicht \u00fcberf\u00fcllt. (Au\u00dferdem war &#8222;Wei\u00dfer Sonntag&#8220; &#8211; ein schlechter Tag f\u00fcr Ausrichter von Familienveranstaltungen.)<\/p>\n<p>Die Anzahl der Aussteller war ebenfalls sehr \u00fcberschaubar, aber soweit ich weiss, ist die Veranstaltung noch recht jung an Jahren. Interessant war es auf jeden Fall, und ich hoffe, dass sich das Konzept durchsetzt und erweitert.<\/p>\n<p>Meine Hauptmotivation war der Besuch des Stands von <a href=\"http:\/\/www.blauweisschen.de\/\" target=\"_blank\">Blauwei\u00df\u00b4chen<\/a>. Nachdem ich im Forum die Anleitung zum <a href=\"http:\/\/hobbyschneiderin.net\/portal\/showthread.php?t=34723\" target=\"_blank\">Samt pr\u00e4gen<\/a> von Sew gelesen hatte, und die tollen Sachen, die bei der <a href=\"http:\/\/hobbyschneiderin.net\/portal\/showthread.php?t=36236\" target=\"_blank\">Design Challenge 2006<\/a> auch mit Drucktechniken herausgekommen waren, gesehen hatte, war ich ein bisschen angefixt&#8230; Ich habe die beiden netten Damen am Stand ein bisschen ausgefragt &#8211; die sich sofort an Kerstin und Saskia erinnerten &#8211; und bin schliesslich mit zwei Modeln und etwas Farbe gl\u00fccklich abgezogen.<\/p>\n<p>Leider komme ich vorerst nicht zum Rumspielen, weil mir das Taufkleid im Nacken sitzt&#8230; So langsam wird die Zeit knapp &#8211; deswegen setze ich mich jetzt mal wieder an die N\u00e4hmaschine \ud83d\ude09<\/p>\n<p>* Der gezeigte Hammer ist \u00fcbrigens von der kleineren Sorte &#8211; es gibt noch viiiel gr\u00f6\u00dfere dort&#8230;<\/p>\n","protected":false},"excerpt":{"rendered":"<p>* Solche interessanten Sachen sieht man, wenn das Freilichtmuseum Hagen besucht. Wir waren letzten Sonntag dort, um die Ausstellung &#8222;umGARNen&#8220; zu besuchen. Das Freilichtmuseum ist sehr sch\u00f6n gelegen, in einem schmalen, bewaldeten Tal, etwa auf halber Strecke zwischen Stadtzentrum und Stadtrand gelegen. Hagen ist ja sonst nicht gerade eine Augenweide, um es mal h\u00f6flich zu &hellip; <a href=\"https:\/\/stichelstube.capricorna.de\/wordpress\/2006\/04\/26\/if-i-had-a-hammer\/\" class=\"more-link\"><span class=\"screen-reader-text\">\u201eIf I had a hammer&#8230;\u201c <\/span>weiterlesen<\/a><\/p>\n","protected":false},"author":2,"featured_media":0,"comment_status":"open","ping_status":"open","sticky":false,"template":"","format":"standard","meta":{"jetpack_post_was_ever_published":false,"_jetpack_newsletter_access":"","_jetpack_dont_email_post_to_subs":false,"_jetpack_newsletter_tier_id":0,"_jetpack_memberships_contains_paywalled_content":false,"_jetpack_memberships_contains_paid_content":false,"footnotes":"","jetpack_publicize_message":"","jetpack_publicize_feature_enabled":true,"jetpack_social_post_already_shared":false,"jetpack_social_options":{"image_generator_settings":{"template":"highway","default_image_id":0,"font":"","enabled":false},"version":2}},"categories":[1],"tags":[],"class_list":["post-278","post","type-post","status-publish","format-standard","hentry","category-allgemein"],"jetpack_publicize_connections":[],"jetpack_featured_media_url":"","jetpack_sharing_enabled":true,"jetpack_shortlink":"https:\/\/wp.me\/p6Znca-4u","jetpack-related-posts":[{"id":1110,"url":"https:\/\/stichelstube.capricorna.de\/wordpress\/2014\/06\/16\/gammeliges-in-schweden\/","url_meta":{"origin":278,"position":0},"title":"Gammeliges in Schweden","author":"Kerstin","date":"16. Juni 2014","format":false,"excerpt":"Kurz vor Mittsommer inmitten von Schweden, nahe dem zweitgr\u00f6\u00dften See, dem V\u00e4ttern. W\u00e4hrend \u00fcber 19.000 Fahrradverr\u00fcckte, darunter auch mein Mann, 300 Kilometer am St\u00fcck fahren, habe ich mich nach einer angemessenen Besch\u00e4ftigung f\u00fcr Strohwitwen umgesehen. Zuerst hatte ich geplant, das Husqvarna-Museum ebendort zu besuchen, aber das w\u00e4re von unserem St\u00fctzpunkt\u2026","rel":"","context":"In &quot;Die Stichelstube unterwegs&quot;","block_context":{"text":"Die Stichelstube unterwegs","link":"https:\/\/stichelstube.capricorna.de\/wordpress\/category\/veranstaltungen\/"},"img":{"alt_text":"","src":"https:\/\/i0.wp.com\/www.capricorna.de\/naehen\/blogpics\/20140614_schweden_001.jpg?resize=350%2C200","width":350,"height":200},"classes":[]},{"id":277,"url":"https:\/\/stichelstube.capricorna.de\/wordpress\/2006\/04\/22\/wieder-ein-stuck-weiter\/","url_meta":{"origin":278,"position":1},"title":"Wieder ein St\u00fcck weiter","author":"Kerstin","date":"22. April 2006","format":false,"excerpt":"So, der Bund ist dran, da muss nur noch die innere untere Nahtzugabe mit Schr\u00e4gband vers\u00e4ubert werden.Die richtige Hosenbeinl\u00e4nge habe ich auf Anhieb gefunden, und dank der Querstreifen vom Karo ist das gerade Abstecken keine Kunst :-DBeim Saum werde ich eine weitere Sanda Betzina-Methode ausprobieren, das sog. West Coast Hongkong-Finish.\u2026","rel":"","context":"In &quot;Allgemein&quot;","block_context":{"text":"Allgemein","link":"https:\/\/stichelstube.capricorna.de\/wordpress\/category\/allgemein\/"},"img":{"alt_text":"","src":"","width":0,"height":0},"classes":[]},{"id":446,"url":"https:\/\/stichelstube.capricorna.de\/wordpress\/2008\/10\/06\/im-land-wo-die-zitronen-wachsen\/","url_meta":{"origin":278,"position":2},"title":"Im Land, wo die Zitronen wachsen&#8230;","author":"Kerstin","date":"6. Oktober 2008","format":false,"excerpt":"... waren wir am Wochenende: Nein, nicht in Italien, sondern in - England! In einem Hof des Victoria & Albert-Museum in London stehen jede Menge Zitronenb\u00e4ume, und die Fr\u00fcchte sehen nicht so aus, als ob sie von Hand dort befestigt wurden ;) Im V&A hat mich nat\u00fcrlich die Abteilung Mode\u2026","rel":"","context":"In &quot;Die Stichelstube unterwegs&quot;","block_context":{"text":"Die Stichelstube unterwegs","link":"https:\/\/stichelstube.capricorna.de\/wordpress\/category\/veranstaltungen\/"},"img":{"alt_text":"","src":"https:\/\/i0.wp.com\/www.capricorna.de\/naehen\/blogpics\/vanda_1.jpg?resize=350%2C200","width":350,"height":200},"classes":[]},{"id":66,"url":"https:\/\/stichelstube.capricorna.de\/wordpress\/2004\/02\/15\/66\/","url_meta":{"origin":278,"position":3},"title":"Jetzt ist unser Wochenendausflug in\u2026","author":"Kerstin","date":"15. Februar 2004","format":false,"excerpt":"Jetzt ist unser Wochenendausflug in die Gegend von G\u00f6ttingen schon wieder vorbei. Nat\u00fcrlich habe ich die Gelegenheit genutzt, im einzigen mir bekannten Stoffladen in G\u00f6ttingen vorbeizuschauen, der Stoffinsel. Das ist ein allerliebster, kleiner Laden, etwas au\u00dferhalb der unmittelbaren \"Innenstadt\" von G\u00f6ttingen, der Fu\u00dfg\u00e4ngerzone, gelegen. Bis unters Dach vollgestopft mit Stoffen\u2026","rel":"","context":"In &quot;Allgemein&quot;","block_context":{"text":"Allgemein","link":"https:\/\/stichelstube.capricorna.de\/wordpress\/category\/allgemein\/"},"img":{"alt_text":"","src":"","width":0,"height":0},"classes":[]},{"id":821,"url":"https:\/\/stichelstube.capricorna.de\/wordpress\/2011\/05\/29\/flohmarktfunde\/","url_meta":{"origin":278,"position":4},"title":"Flohmarktfunde","author":"Kerstin","date":"29. Mai 2011","format":false,"excerpt":"Der G\u00f6Ga lernt heute auf einer RTF das sch\u00f6ne Bad Oldesloe samt Umland kennen, und da ich notgedrungen heute morgen ebenfalls fr\u00fch wach werden w\u00fcrde, suchte ich mir im Veranstaltungs-Kalender der Stadt Hamburg eine ad\u00e4quate Freizeitbesch\u00e4ftigung. Wie es der Zufall will, findet heute ein Flohmarkt in Barmbek statt, der sogenannte\u2026","rel":"","context":"In &quot;Die Stichelstube unterwegs&quot;","block_context":{"text":"Die Stichelstube unterwegs","link":"https:\/\/stichelstube.capricorna.de\/wordpress\/category\/veranstaltungen\/"},"img":{"alt_text":"","src":"https:\/\/i0.wp.com\/www.capricorna.de\/naehen\/blogpics\/20110529_flohmarkt.jpg?resize=350%2C200","width":350,"height":200},"classes":[]},{"id":532,"url":"https:\/\/stichelstube.capricorna.de\/wordpress\/2009\/03\/31\/mehr-ideen-als-zeit\/","url_meta":{"origin":278,"position":5},"title":"Mehr Ideen als Zeit&#8230;","author":"Kerstin","date":"31. M\u00e4rz 2009","format":false,"excerpt":"... hab ich wieder mal. *st\u00f6hn* Auf dem Elbnadel-N\u00e4htreff habe ich \u00fcberall sehr h\u00fcbsche Taschen gesehen und habe dann erfahren, dass es sich dabei um Gretelies' Tasche handelt, die im Forum grad sehr beliebt ist. Sie sieht auch wirklich sehr praktisch aus, und mit\u00a0 den richtigen Stoffen total s\u00fc\u00df! Da\u2026","rel":"","context":"In &quot;Allgemein&quot;","block_context":{"text":"Allgemein","link":"https:\/\/stichelstube.capricorna.de\/wordpress\/category\/allgemein\/"},"img":{"alt_text":"","src":"https:\/\/i0.wp.com\/www.capricorna.de\/naehen\/blogpics\/chaos_az_1.jpg?resize=350%2C200","width":350,"height":200},"classes":[]}],"_links":{"self":[{"href":"https:\/\/stichelstube.capricorna.de\/wordpress\/wp-json\/wp\/v2\/posts\/278","targetHints":{"allow":["GET"]}}],"collection":[{"href":"https:\/\/stichelstube.capricorna.de\/wordpress\/wp-json\/wp\/v2\/posts"}],"about":[{"href":"https:\/\/stichelstube.capricorna.de\/wordpress\/wp-json\/wp\/v2\/types\/post"}],"author":[{"embeddable":true,"href":"https:\/\/stichelstube.capricorna.de\/wordpress\/wp-json\/wp\/v2\/users\/2"}],"replies":[{"embeddable":true,"href":"https:\/\/stichelstube.capricorna.de\/wordpress\/wp-json\/wp\/v2\/comments?post=278"}],"version-history":[{"count":0,"href":"https:\/\/stichelstube.capricorna.de\/wordpress\/wp-json\/wp\/v2\/posts\/278\/revisions"}],"wp:attachment":[{"href":"https:\/\/stichelstube.capricorna.de\/wordpress\/wp-json\/wp\/v2\/media?parent=278"}],"wp:term":[{"taxonomy":"category","embeddable":true,"href":"https:\/\/stichelstube.capricorna.de\/wordpress\/wp-json\/wp\/v2\/categories?post=278"},{"taxonomy":"post_tag","embeddable":true,"href":"https:\/\/stichelstube.capricorna.de\/wordpress\/wp-json\/wp\/v2\/tags?post=278"}],"curies":[{"name":"wp","href":"https:\/\/api.w.org\/{rel}","templated":true}]}}