{"id":281,"date":"2006-04-29T22:28:00","date_gmt":"2006-04-29T21:28:00","guid":{"rendered":"http:\/\/stichelstube.capricorna.de\/wordpress\/2006\/04\/29\/mein-erster-freier-abend\/"},"modified":"2006-04-29T22:28:00","modified_gmt":"2006-04-29T21:28:00","slug":"mein-erster-freier-abend","status":"publish","type":"post","link":"https:\/\/stichelstube.capricorna.de\/wordpress\/2006\/04\/29\/mein-erster-freier-abend\/","title":{"rendered":"Mein erster freier Abend&#8230;"},"content":{"rendered":"<p>&#8230; seit einer Woche \ud83d\ude09<\/p>\n<p>Gestern ist das Kleid fertig geworden, an dem ich jeden Abend der letzten Woche gesessen hatte. Und heute habe ich dann das J\u00e4ckchen gemacht: Heute morgen vor dem Fr\u00fchst\u00fcck das Schnittmuster auskopiert und den Stoff ausgeschnitten, nach dem Fr\u00fchst\u00fcck gen\u00e4ht.<\/p>\n<p>Dank Ovi gingen die paar kurzen N\u00e4hte schnell und sauber zusammen. An den unteren Saum kam eine R\u00fcsche. Leider hat der Trick mit dem Anziehen der Nadelf\u00e4den von der Ovi nichts gebracht. Dieser bl\u00f6de Pannesamt hat die F\u00e4den einfach festgehalten. Also war doch ganz normal Einreihen mit der Hand gefragt, und dann die F\u00e4ltchen feststecken und dr\u00fcber N\u00e4hen. &#8211; Bald bin ich reif f\u00fcr einen Ruffler&#8230;<\/p>\n<p>Dann noch mit Schr\u00e4gband und N\u00e4hmaschine Halsausschnitt und vordere Kante vers\u00e4ubern, fertig. <\/p>\n<p>Um drei Uhr heute Nachmittag war ich fertig, und habe die Sachen dann noch zu meiner Schwester gebracht, damit wir die Kleine nicht erst morgen vor dem Gottesdienst umziehen m\u00fcssen. Leider habe ich vers\u00e4umt, von dem J\u00e4ckchen auch noch ein Foto zu machen, bevor ich die Sachen heute Nachmittag meiner Schwester vorbei gebracht habe. Aber morgen werden wir genug Fotos machen, denke ich.<\/p>\n<p>Jedenfalls bin ich total froh, dass ich wirklich rechtzeitig mit allem fertig geworden bin. Es w\u00e4re nicht das erste Mal, dass ich mit einer Arbeit erst in der Nacht vorher fertig werde &#8211; Diplomarbeit etcetera. Diesmal habe ich halbwegs rechtzeitig angefangen, und vor allem jeden Tag meine gesteckten Ziele erreicht und nicht wieder an &#8222;Aufschieberitis&#8220; gelitten. &#8211; Vielleicht werde ich langsam erwachsen? \ud83d\ude09<\/p>\n<p>Und der schnelle Erfolg des J\u00e4ckchens hat mich ermutigt, demn\u00e4chst noch ein paar mehr Sachen f\u00fcr die Kleine zu n\u00e4hen. Wenn es nicht gerade etwas so kompliziertes wie ein Taufkleid ist, geht das ja doch recht flott.<\/p>\n<p>Heute Abend w\u00e4hrend des Films &#8211; naja, DVD &#8211; hab ich dann eben meine Hose ges\u00e4umt, die ich morgen anziehen will. Ich bin fast froh dar\u00fcber, dass es wieder kalt geworden ist, denn der Hosenstoff ist ein Mischgewebe aus Wolle und Synthetik und daher eher warm. Da kommt das kalte Wetter eigentlich genau richtig, sonst h\u00e4tte ich die nicht anziehen k\u00f6nnen&#8230; \ud83d\ude09<\/p>\n<p>So, gleich ins Bett, damit ich morgen frisch bin&#8230; Gute Nacht.<\/p>\n","protected":false},"excerpt":{"rendered":"<p>&#8230; seit einer Woche \ud83d\ude09 Gestern ist das Kleid fertig geworden, an dem ich jeden Abend der letzten Woche gesessen hatte. Und heute habe ich dann das J\u00e4ckchen gemacht: Heute morgen vor dem Fr\u00fchst\u00fcck das Schnittmuster auskopiert und den Stoff ausgeschnitten, nach dem Fr\u00fchst\u00fcck gen\u00e4ht. Dank Ovi gingen die paar kurzen N\u00e4hte schnell und sauber &hellip; <a href=\"https:\/\/stichelstube.capricorna.de\/wordpress\/2006\/04\/29\/mein-erster-freier-abend\/\" class=\"more-link\"><span class=\"screen-reader-text\">\u201eMein erster freier Abend&#8230;\u201c <\/span>weiterlesen<\/a><\/p>\n","protected":false},"author":2,"featured_media":0,"comment_status":"open","ping_status":"open","sticky":false,"template":"","format":"standard","meta":{"jetpack_post_was_ever_published":false,"_jetpack_newsletter_access":"","_jetpack_dont_email_post_to_subs":false,"_jetpack_newsletter_tier_id":0,"_jetpack_memberships_contains_paywalled_content":false,"_jetpack_memberships_contains_paid_content":false,"footnotes":"","jetpack_publicize_message":"","jetpack_publicize_feature_enabled":true,"jetpack_social_post_already_shared":false,"jetpack_social_options":{"image_generator_settings":{"template":"highway","default_image_id":0,"font":"","enabled":false},"version":2}},"categories":[1],"tags":[],"class_list":["post-281","post","type-post","status-publish","format-standard","hentry","category-allgemein"],"jetpack_publicize_connections":[],"jetpack_featured_media_url":"","jetpack_sharing_enabled":true,"jetpack_shortlink":"https:\/\/wp.me\/p6Znca-4x","jetpack-related-posts":[{"id":309,"url":"https:\/\/stichelstube.capricorna.de\/wordpress\/2006\/08\/08\/schreibfaul\/","url_meta":{"origin":281,"position":0},"title":"Schreibfaul&#8230;","author":"Kerstin","date":"8. August 2006","format":false,"excerpt":"... war ich in den letzten zwei Wochen, aber nicht n\u00e4hfaul.Ich habe heldenhaft mit einem T-Shirt gek\u00e4mpft, das partout nicht so wollte, wie ich. Das heisst, eigentlich hat zuerst die Ovi angefangen, Probleme zu machen. Das billige ebay-Garn hat mir im linken Nadelfaden wieder mal reichliche Stich-Aussetzer produziert. Beim n\u00e4chsten\u2026","rel":"","context":"In &quot;Allgemein&quot;","block_context":{"text":"Allgemein","link":"https:\/\/stichelstube.capricorna.de\/wordpress\/category\/allgemein\/"},"img":{"alt_text":"","src":"","width":0,"height":0},"classes":[]},{"id":330,"url":"https:\/\/stichelstube.capricorna.de\/wordpress\/2007\/02\/18\/lockchen-lammfromm\/","url_meta":{"origin":281,"position":1},"title":"L\u00f6ckchen, lammfromm","author":"Kerstin","date":"18. Februar 2007","format":false,"excerpt":"Am 20. Januar hatte ich ja meine kleine Ovi-Zicke zum H\u00e4ndler gebracht, weil die linke Nadel st\u00e4ndig Stiche ausliess. Bereits drei Tage sp\u00e4ter erhielt ich einen Anruf, dass ich sie wieder abholen k\u00f6nnte *freu*Der Nadelschutz hatte sich verstellt, wurde mir gesagt, und die Reparatur ging auf Garantie, also kostenfrei *doppelfreu*Zu\u2026","rel":"","context":"In &quot;Allgemein&quot;","block_context":{"text":"Allgemein","link":"https:\/\/stichelstube.capricorna.de\/wordpress\/category\/allgemein\/"},"img":{"alt_text":"","src":"","width":0,"height":0},"classes":[]},{"id":813,"url":"https:\/\/stichelstube.capricorna.de\/wordpress\/2011\/05\/20\/gluckstreffer-oder-dauerlosung\/","url_meta":{"origin":281,"position":2},"title":"Gl\u00fcckstreffer oder Dauerl\u00f6sung?","author":"Kerstin","date":"20. Mai 2011","format":false,"excerpt":"Endlich mal wieder ein fertiges Kleidungsst\u00fcck; ich habe gef\u00fchlt seit Monaten nichts mehr zum Anziehen gen\u00e4ht. Aber meine Stoffberge wachsen mir jetzt so langsam \u00fcber den Kopf, so dass wieder mal dringend Abbau angesagt ist. Au\u00dferdem hab ich vor zwei Wochen einen gro\u00dfen Sack Klamotten aus meinem Kleiderschrank aussortiert und\u2026","rel":"","context":"In &quot;Fertig&quot;","block_context":{"text":"Fertig","link":"https:\/\/stichelstube.capricorna.de\/wordpress\/category\/fertig\/"},"img":{"alt_text":"","src":"https:\/\/i0.wp.com\/www.capricorna.de\/naehen\/pics_fertig\/shirt_swringel.jpg?resize=350%2C200","width":350,"height":200},"classes":[]},{"id":328,"url":"https:\/\/stichelstube.capricorna.de\/wordpress\/2007\/01\/20\/locken-los\/","url_meta":{"origin":281,"position":3},"title":"Locken-los","author":"Kerstin","date":"20. Januar 2007","format":false,"excerpt":"Heute habe ich es endlich geschafft, meine Ovi zum H\u00e4ndler zu bringen. Beim letzten N\u00e4h-Versuch vor ein paar Tagen hat die linke Nadel wieder nur Fehlstiche produziert. Ich habe wieder einige Sachen ausprobiert, neue Nadel, neues Garn, unterschiedliche Stiche - immer neu eingef\u00e4delt nat\u00fcrlich - auf unterschiedlichem Stoff, aber jedes\u2026","rel":"","context":"In &quot;Allgemein&quot;","block_context":{"text":"Allgemein","link":"https:\/\/stichelstube.capricorna.de\/wordpress\/category\/allgemein\/"},"img":{"alt_text":"","src":"","width":0,"height":0},"classes":[]},{"id":402,"url":"https:\/\/stichelstube.capricorna.de\/wordpress\/2008\/06\/27\/kleine-raume-kleines-kleid\/","url_meta":{"origin":281,"position":4},"title":"Kleine R\u00e4ume, kleines Kleid","author":"Kerstin","date":"27. Juni 2008","format":false,"excerpt":"Derzeit und in den n\u00e4chsten Wochen leben wir r\u00e4umlich etwas begrenzt auf anderthalb Zimmern, und der gr\u00f6\u00dfte Teil unserer Sachen befindet sich bereits in Umzugskartons. Der begrenzte Raum und die begrenzten Mittel zwingen mich zu sorgf\u00e4ltigerer Planung, und vor allem dazu, nach dem Arbeiten immer alles sofort wegzur\u00e4umen. Eine ungewohnte\u2026","rel":"","context":"In &quot;Allgemein&quot;","block_context":{"text":"Allgemein","link":"https:\/\/stichelstube.capricorna.de\/wordpress\/category\/allgemein\/"},"img":{"alt_text":"","src":"","width":0,"height":0},"classes":[]},{"id":265,"url":"https:\/\/stichelstube.capricorna.de\/wordpress\/2006\/03\/31\/der-erste-entwurf\/","url_meta":{"origin":281,"position":5},"title":"Der erste Entwurf","author":"Kerstin","date":"31. M\u00e4rz 2006","format":false,"excerpt":"Hier der erste Entwurf des Kleides. Ich bin so froh, dass ich mich f\u00fcr ein Probeteil entschieden habe, denn hier werden jede Menge Sachen gemacht, die man nicht jeden Tag unter der Nadel hat.Es f\u00e4ngt an mit den winzigen Falten in dem Organza, der sich so \u00fcberhaupt gar nicht mit\u2026","rel":"","context":"In &quot;Allgemein&quot;","block_context":{"text":"Allgemein","link":"https:\/\/stichelstube.capricorna.de\/wordpress\/category\/allgemein\/"},"img":{"alt_text":"","src":"","width":0,"height":0},"classes":[]}],"_links":{"self":[{"href":"https:\/\/stichelstube.capricorna.de\/wordpress\/wp-json\/wp\/v2\/posts\/281","targetHints":{"allow":["GET"]}}],"collection":[{"href":"https:\/\/stichelstube.capricorna.de\/wordpress\/wp-json\/wp\/v2\/posts"}],"about":[{"href":"https:\/\/stichelstube.capricorna.de\/wordpress\/wp-json\/wp\/v2\/types\/post"}],"author":[{"embeddable":true,"href":"https:\/\/stichelstube.capricorna.de\/wordpress\/wp-json\/wp\/v2\/users\/2"}],"replies":[{"embeddable":true,"href":"https:\/\/stichelstube.capricorna.de\/wordpress\/wp-json\/wp\/v2\/comments?post=281"}],"version-history":[{"count":0,"href":"https:\/\/stichelstube.capricorna.de\/wordpress\/wp-json\/wp\/v2\/posts\/281\/revisions"}],"wp:attachment":[{"href":"https:\/\/stichelstube.capricorna.de\/wordpress\/wp-json\/wp\/v2\/media?parent=281"}],"wp:term":[{"taxonomy":"category","embeddable":true,"href":"https:\/\/stichelstube.capricorna.de\/wordpress\/wp-json\/wp\/v2\/categories?post=281"},{"taxonomy":"post_tag","embeddable":true,"href":"https:\/\/stichelstube.capricorna.de\/wordpress\/wp-json\/wp\/v2\/tags?post=281"}],"curies":[{"name":"wp","href":"https:\/\/api.w.org\/{rel}","templated":true}]}}