{"id":285,"date":"2006-05-04T17:20:00","date_gmt":"2006-05-04T16:20:00","guid":{"rendered":"http:\/\/stichelstube.capricorna.de\/wordpress\/2006\/05\/04\/anderungen\/"},"modified":"2006-05-04T17:20:00","modified_gmt":"2006-05-04T16:20:00","slug":"anderungen","status":"publish","type":"post","link":"https:\/\/stichelstube.capricorna.de\/wordpress\/2006\/05\/04\/anderungen\/","title":{"rendered":"\u00c4nderungen"},"content":{"rendered":"<p>Uff, ich glaube, ich bin jetzt mit allen erforderlichen \u00c4nderungen fertig&#8230;<\/p>\n<p>Zuerst hab ich das obere Vorderteil und auch das R\u00fcckenteil um 2 cm verk\u00fcrzt, bzw. angehoben (unter dem Armausschnitt), weil der Brustpunkt zu tief sa\u00df. Die beiden Unterteile habe ich am Saum verl\u00e4ngert, ohne den Saum weiter werden zu lassen.<\/p>\n<p>Weil der \u00fcberlappende Ausschnitt durch das Anheben weiter oben beginnt, habe ich dann am vorderen Oberteil noch einen halben Zentimeter an der tiefsten Stelle, verlaufend bis Null nach oben, weggenommen.<\/p>\n<p>Dann habe ich in das r\u00fcckw\u00e4rtige Unterteil einen Abn\u00e4her hingezugef\u00fcgt, damit das an meinem Hohlkreuz besser sitzt. Damit die Bequemlichkeitszugabe nicht wegf\u00e4llt, habe ich dann die Seitenn\u00e4hte entsprechend verbreitert. (Die endg\u00fcltigen Seitenn\u00e4hte werde ich erst am Schlu\u00df festlegen; ich kann die Teile oft st\u00e4rker antaillieren als vorgesehen.)<\/p>\n<p>Dann ist mir aufgefallen, dass die Schultern eigentlich zu breit sind, und habe auch da noch einen Zentimeter weggenommen. (M\u00fcsste ich jetzt nich auch noch die Armkugel \u00e4ndern&#8230;?)<\/p>\n<p>Gestern habe ich mir einen preiswerten Probestoff gekauft und gewaschen, der gleich zugeschnitten wird. Eigentlich ist der Stoff viel zu sch\u00f6n f\u00fcr ein Probeteil, also werde ich sorgf\u00e4ltig arbeiten und hoffen, dass auch dieses Teil bereits ein tragbares wird, bevor ich an den eigentlich geplanten Stoff gehe. Mit etwas Gl\u00fcck habe ich dann bald zwei Blusen f\u00fcr den Sommer mehr.<\/p>\n","protected":false},"excerpt":{"rendered":"<p>Uff, ich glaube, ich bin jetzt mit allen erforderlichen \u00c4nderungen fertig&#8230; Zuerst hab ich das obere Vorderteil und auch das R\u00fcckenteil um 2 cm verk\u00fcrzt, bzw. angehoben (unter dem Armausschnitt), weil der Brustpunkt zu tief sa\u00df. Die beiden Unterteile habe ich am Saum verl\u00e4ngert, ohne den Saum weiter werden zu lassen. Weil der \u00fcberlappende Ausschnitt &hellip; <a href=\"https:\/\/stichelstube.capricorna.de\/wordpress\/2006\/05\/04\/anderungen\/\" class=\"more-link\"><span class=\"screen-reader-text\">\u201e\u00c4nderungen\u201c <\/span>weiterlesen<\/a><\/p>\n","protected":false},"author":2,"featured_media":0,"comment_status":"open","ping_status":"open","sticky":false,"template":"","format":"standard","meta":{"jetpack_post_was_ever_published":false,"_jetpack_newsletter_access":"","_jetpack_dont_email_post_to_subs":false,"_jetpack_newsletter_tier_id":0,"_jetpack_memberships_contains_paywalled_content":false,"_jetpack_memberships_contains_paid_content":false,"footnotes":"","jetpack_publicize_message":"","jetpack_publicize_feature_enabled":true,"jetpack_social_post_already_shared":false,"jetpack_social_options":{"image_generator_settings":{"template":"highway","default_image_id":0,"font":"","enabled":false},"version":2}},"categories":[1],"tags":[],"class_list":["post-285","post","type-post","status-publish","format-standard","hentry","category-allgemein"],"jetpack_publicize_connections":[],"jetpack_featured_media_url":"","jetpack_sharing_enabled":true,"jetpack_shortlink":"https:\/\/wp.me\/p6Znca-4B","jetpack-related-posts":[{"id":2198,"url":"https:\/\/stichelstube.capricorna.de\/wordpress\/2023\/01\/27\/neuer-anlauf-zweite-chance\/","url_meta":{"origin":285,"position":0},"title":"Neuer Anlauf, zweite Chance","author":"Kerstin","date":"27. Januar 2023","format":false,"excerpt":"\u00c4nderung eines gekauften XL-Shirts in ein Top in Gr. 36","rel":"","context":"In &quot;Fertig&quot;","block_context":{"text":"Fertig","link":"https:\/\/stichelstube.capricorna.de\/wordpress\/category\/fertig\/"},"img":{"alt_text":"Oberk\u00f6rper einer weiblichen Person in einem dunkelblauen Tank-Top","src":"https:\/\/i0.wp.com\/stichelstube.capricorna.de\/wordpress\/wp-content\/2023\/01\/6C5C1590-3826-424B-8460-E674F9EB946F.jpeg?fit=550%2C640&ssl=1&resize=350%2C200","width":350,"height":200,"srcset":"https:\/\/i0.wp.com\/stichelstube.capricorna.de\/wordpress\/wp-content\/2023\/01\/6C5C1590-3826-424B-8460-E674F9EB946F.jpeg?fit=550%2C640&ssl=1&resize=350%2C200 1x, https:\/\/i0.wp.com\/stichelstube.capricorna.de\/wordpress\/wp-content\/2023\/01\/6C5C1590-3826-424B-8460-E674F9EB946F.jpeg?fit=550%2C640&ssl=1&resize=525%2C300 1.5x"},"classes":[]},{"id":1192,"url":"https:\/\/stichelstube.capricorna.de\/wordpress\/2015\/04\/22\/zitronengelbes-knock-off-kein-designer\/","url_meta":{"origin":285,"position":1},"title":"Zitronengelbes knock-off (kein Designer)","author":"Kerstin","date":"22. April 2015","format":false,"excerpt":"Im Zuge der Aufarbeitung meiner Altlasten habe ich mir als n\u00e4chstes ein gar nicht so altes Ufo vorgenommen. Im Februar hatte ich das Gl\u00fcck, bei meinem Lieblings-Dealer Mahler Stoffe einen zitronengelben Jersey zu finden. So einen suche ich schon ewig, denn die meist nur angebotenen warm-gelben T\u00f6ne stehen mir nun\u2026","rel":"","context":"In &quot;Fertig&quot;","block_context":{"text":"Fertig","link":"https:\/\/stichelstube.capricorna.de\/wordpress\/category\/fertig\/"},"img":{"alt_text":"","src":"https:\/\/i0.wp.com\/www.capricorna.de\/naehen\/blogpics\/20150431_esprit_knockoff.jpg?resize=350%2C200","width":350,"height":200},"classes":[]},{"id":320,"url":"https:\/\/stichelstube.capricorna.de\/wordpress\/2006\/11\/22\/fertig-fertig\/","url_meta":{"origin":285,"position":2},"title":"Fertig-fertig","author":"Kerstin","date":"22. November 2006","format":false,"excerpt":"Jippie, der Rock ist fertig! Und zwar fertig-fertig, nicht Ich-muss-nur-noch-den-Saum-machen-fertig.Ich liebe Wollstoffe, habe ich festgestellt. Sie lassen sich sehr leicht verarbeiten und die Stiche verschwinden darin vollst\u00e4ndig. Eigentlich der ideale Stoff f\u00fcr Anf\u00e4nger, wenn er nicht normalerweise so teuer w\u00e4re.Sogar den Saum habe ich mit dem Maschinenblindstich gen\u00e4ht, nachdem eine\u2026","rel":"","context":"In &quot;Allgemein&quot;","block_context":{"text":"Allgemein","link":"https:\/\/stichelstube.capricorna.de\/wordpress\/category\/allgemein\/"},"img":{"alt_text":"","src":"","width":0,"height":0},"classes":[]},{"id":1156,"url":"https:\/\/stichelstube.capricorna.de\/wordpress\/2014\/09\/25\/primaballerina-taeschchen\/","url_meta":{"origin":285,"position":3},"title":"Primaballerina-T\u00e4schchen","author":"Kerstin","date":"25. September 2014","format":false,"excerpt":"Man soll es nicht glauben, aber dieser kleine Kulturbeutel hat mich einige Nerven gekostet. Oben im Bild seht ihr vorne das \"Original\"; ein Give-away einer nicht n\u00e4her genannten Bekleidungsmarke. Diese kleine Tasche habe ich nun schon einige Monate als Kulturbeutel im Gebrauch. Die Gr\u00f6\u00dfe reichte so gerade eben aus, aber\u2026","rel":"","context":"In &quot;Fertig&quot;","block_context":{"text":"Fertig","link":"https:\/\/stichelstube.capricorna.de\/wordpress\/category\/fertig\/"},"img":{"alt_text":"","src":"https:\/\/i0.wp.com\/www.capricorna.de\/naehen\/blogpics\/20140917_kulturbeutelchen_3.jpg?resize=350%2C200","width":350,"height":200},"classes":[]},{"id":350,"url":"https:\/\/stichelstube.capricorna.de\/wordpress\/2007\/07\/28\/steter-tropfen\/","url_meta":{"origin":285,"position":4},"title":"Steter Tropfen&#8230;","author":"Kerstin","date":"28. Juli 2007","format":false,"excerpt":"Ein weiteres Ufo ist bis auf den Saum fertig. So gaaaanz langsam geht es vorw\u00e4rts.Gestern und heute habe ich die beiden Tops nach dem Schnittmuster von Pamela\u00b4s Patterns fertig gemacht. \u00dcber dieses Schnittmuster hatte ich ja in diesem Eintrag bereits einmal geschrieben. Nachdem ich jetzt insgesamt drei Tops fertig habe,\u2026","rel":"","context":"In &quot;Allgemein&quot;","block_context":{"text":"Allgemein","link":"https:\/\/stichelstube.capricorna.de\/wordpress\/category\/allgemein\/"},"img":{"alt_text":"","src":"","width":0,"height":0},"classes":[]},{"id":1271,"url":"https:\/\/stichelstube.capricorna.de\/wordpress\/2016\/02\/28\/ein-erfolgreiches-wochenende\/","url_meta":{"origin":285,"position":5},"title":"Ein erfolgreiches Wochenende","author":"Kerstin","date":"28. Februar 2016","format":false,"excerpt":".. habe ich verbracht; in jeder Hinsicht. Eigentlich liegt ja gerade ein Zweiteiler-Badeanzug auf meinem N\u00e4htisch, aber aus irgend einem Grund habe ich mir Anfang der Woche in den Kopf gesetzt, dass ich jetzt sofort einen Jeansrock n\u00e4hen m\u00f6chte. Das ist eins von den Basic-Teilen, die eigentlich jede im Schrank\u2026","rel":"","context":"In &quot;Allgemein&quot;","block_context":{"text":"Allgemein","link":"https:\/\/stichelstube.capricorna.de\/wordpress\/category\/allgemein\/"},"img":{"alt_text":"","src":"https:\/\/i0.wp.com\/www.capricorna.de\/naehen\/pics_fertig\/20160228_jeansrock_vorn.jpg?resize=350%2C200","width":350,"height":200},"classes":[]}],"_links":{"self":[{"href":"https:\/\/stichelstube.capricorna.de\/wordpress\/wp-json\/wp\/v2\/posts\/285","targetHints":{"allow":["GET"]}}],"collection":[{"href":"https:\/\/stichelstube.capricorna.de\/wordpress\/wp-json\/wp\/v2\/posts"}],"about":[{"href":"https:\/\/stichelstube.capricorna.de\/wordpress\/wp-json\/wp\/v2\/types\/post"}],"author":[{"embeddable":true,"href":"https:\/\/stichelstube.capricorna.de\/wordpress\/wp-json\/wp\/v2\/users\/2"}],"replies":[{"embeddable":true,"href":"https:\/\/stichelstube.capricorna.de\/wordpress\/wp-json\/wp\/v2\/comments?post=285"}],"version-history":[{"count":0,"href":"https:\/\/stichelstube.capricorna.de\/wordpress\/wp-json\/wp\/v2\/posts\/285\/revisions"}],"wp:attachment":[{"href":"https:\/\/stichelstube.capricorna.de\/wordpress\/wp-json\/wp\/v2\/media?parent=285"}],"wp:term":[{"taxonomy":"category","embeddable":true,"href":"https:\/\/stichelstube.capricorna.de\/wordpress\/wp-json\/wp\/v2\/categories?post=285"},{"taxonomy":"post_tag","embeddable":true,"href":"https:\/\/stichelstube.capricorna.de\/wordpress\/wp-json\/wp\/v2\/tags?post=285"}],"curies":[{"name":"wp","href":"https:\/\/api.w.org\/{rel}","templated":true}]}}