{"id":286,"date":"2006-05-12T20:00:00","date_gmt":"2006-05-12T19:00:00","guid":{"rendered":"http:\/\/stichelstube.capricorna.de\/wordpress\/2006\/05\/12\/klappt-nicht\/"},"modified":"2006-05-12T20:00:00","modified_gmt":"2006-05-12T19:00:00","slug":"klappt-nicht","status":"publish","type":"post","link":"https:\/\/stichelstube.capricorna.de\/wordpress\/2006\/05\/12\/klappt-nicht\/","title":{"rendered":"Klappt nicht&#8230;"},"content":{"rendered":"<p>*arghl* Diese eigentlich so einfache Bluse treibt mich in den Wahnsinn&#8230; Ich hab jetzt schon zum zweiten Mal die dazu konstruierten Abn\u00e4her im unteren R\u00fcckenteil aufgetrennt, weil die nicht pa\u00dfgenau mit denen im oberen R\u00fcckenteil zu liegen kommen. Bei der Probebluse hatte das auf Anhieb funktioniert; wieso klappt es denn hier nicht? Verstehe ich nicht&#8230; *grummel*<\/p>\n<p>Bei dem sch\u00f6nen Wetter war ich die ganze Woche furchtbar n\u00e4hfaul, und wenn ich mich dann doch mal dransetze, passiert sowas. Das ist unfair!<\/p>\n<p>Naja, Morgen gibts sowieso erstmal wieder Regen und k\u00fchleres Wetter; dann hat die Bluse eh noch Zeit&#8230; :-\/<\/p>\n","protected":false},"excerpt":{"rendered":"<p>*arghl* Diese eigentlich so einfache Bluse treibt mich in den Wahnsinn&#8230; Ich hab jetzt schon zum zweiten Mal die dazu konstruierten Abn\u00e4her im unteren R\u00fcckenteil aufgetrennt, weil die nicht pa\u00dfgenau mit denen im oberen R\u00fcckenteil zu liegen kommen. Bei der Probebluse hatte das auf Anhieb funktioniert; wieso klappt es denn hier nicht? Verstehe ich nicht&#8230; &hellip; <a href=\"https:\/\/stichelstube.capricorna.de\/wordpress\/2006\/05\/12\/klappt-nicht\/\" class=\"more-link\"><span class=\"screen-reader-text\">\u201eKlappt nicht&#8230;\u201c <\/span>weiterlesen<\/a><\/p>\n","protected":false},"author":2,"featured_media":0,"comment_status":"open","ping_status":"open","sticky":false,"template":"","format":"standard","meta":{"jetpack_post_was_ever_published":false,"_jetpack_newsletter_access":"","_jetpack_dont_email_post_to_subs":false,"_jetpack_newsletter_tier_id":0,"_jetpack_memberships_contains_paywalled_content":false,"_jetpack_memberships_contains_paid_content":false,"footnotes":"","jetpack_publicize_message":"","jetpack_publicize_feature_enabled":true,"jetpack_social_post_already_shared":false,"jetpack_social_options":{"image_generator_settings":{"template":"highway","default_image_id":0,"font":"","enabled":false},"version":2}},"categories":[1],"tags":[],"class_list":["post-286","post","type-post","status-publish","format-standard","hentry","category-allgemein"],"jetpack_publicize_connections":[],"jetpack_featured_media_url":"","jetpack_sharing_enabled":true,"jetpack_shortlink":"https:\/\/wp.me\/p6Znca-4C","jetpack-related-posts":[{"id":15,"url":"https:\/\/stichelstube.capricorna.de\/wordpress\/2003\/06\/05\/15\/","url_meta":{"origin":286,"position":0},"title":"Nachtrag vom 02. Juni, weil\u2026","author":"Kerstin","date":"5. Juni 2003","format":false,"excerpt":"Nachtrag vom 02. Juni, weil ich Blogger da nicht erreichen konnte: Ja, das T-Shirt ist fast fertig. Ich habe Vorderteil und R\u00fcckenteil vertauscht, weil ich gemerkt habe, dass das R\u00fcckenteil den etwas tieferen Ausschnitt hat. Am Vorderteil war er mir zu hoch, zu nah am Hals oder eher an der\u2026","rel":"","context":"In &quot;Allgemein&quot;","block_context":{"text":"Allgemein","link":"https:\/\/stichelstube.capricorna.de\/wordpress\/category\/allgemein\/"},"img":{"alt_text":"","src":"","width":0,"height":0},"classes":[]},{"id":285,"url":"https:\/\/stichelstube.capricorna.de\/wordpress\/2006\/05\/04\/anderungen\/","url_meta":{"origin":286,"position":1},"title":"\u00c4nderungen","author":"Kerstin","date":"4. Mai 2006","format":false,"excerpt":"Uff, ich glaube, ich bin jetzt mit allen erforderlichen \u00c4nderungen fertig...Zuerst hab ich das obere Vorderteil und auch das R\u00fcckenteil um 2 cm verk\u00fcrzt, bzw. angehoben (unter dem Armausschnitt), weil der Brustpunkt zu tief sa\u00df. Die beiden Unterteile habe ich am Saum verl\u00e4ngert, ohne den Saum weiter werden zu lassen.Weil\u2026","rel":"","context":"In &quot;Allgemein&quot;","block_context":{"text":"Allgemein","link":"https:\/\/stichelstube.capricorna.de\/wordpress\/category\/allgemein\/"},"img":{"alt_text":"","src":"","width":0,"height":0},"classes":[]},{"id":717,"url":"https:\/\/stichelstube.capricorna.de\/wordpress\/2010\/06\/16\/sommerblumen-shirt\/","url_meta":{"origin":286,"position":2},"title":"Sommerblumen-Shirt","author":"Kerstin","date":"16. Juni 2010","format":false,"excerpt":"Bei dem leidlich sch\u00f6nen Wetter der letzten Tage und Wochen habe ich jetzt endlich Lust auf sommerliche Kleidung bekommen. Was ich in meinem Schrank schmerzlich vermisse, sind h\u00fcbsche sommerliche T-Shirts. Also habe ich mich gestern kurzfristig dazu entschlossen, meinen aller-aller-sch\u00f6nsten Jersey zuzuschneiden, um den ich schon seit einem Jahr herumschleiche.\u2026","rel":"","context":"In &quot;Fertig&quot;","block_context":{"text":"Fertig","link":"https:\/\/stichelstube.capricorna.de\/wordpress\/category\/fertig\/"},"img":{"alt_text":"","src":"https:\/\/i0.wp.com\/www.capricorna.de\/naehen\/pics_fertig\/jini_shirt_1.jpg?resize=350%2C200","width":350,"height":200},"classes":[]},{"id":3,"url":"https:\/\/stichelstube.capricorna.de\/wordpress\/2003\/03\/28\/3\/","url_meta":{"origin":286,"position":3},"title":"Vor zwei Wochen hatte ich\u2026","author":"Kerstin","date":"28. M\u00e4rz 2003","format":false,"excerpt":"Vor zwei Wochen hatte ich damit angefangen, meinen gelb-orange-farbenen Stoff zu einer Bluse zu verarbeiten. Leider habe ich - wieder einmal - einen Fehler gemacht, der sich auf die Passform nachteilig auswirkt. Ausserdem scheint der Schnitt sehr schmal zu sein; ich finde den Armausschnitt bzw. den Oberarm viel zu schmal\u2026","rel":"","context":"In &quot;Allgemein&quot;","block_context":{"text":"Allgemein","link":"https:\/\/stichelstube.capricorna.de\/wordpress\/category\/allgemein\/"},"img":{"alt_text":"","src":"","width":0,"height":0},"classes":[]},{"id":330,"url":"https:\/\/stichelstube.capricorna.de\/wordpress\/2007\/02\/18\/lockchen-lammfromm\/","url_meta":{"origin":286,"position":4},"title":"L\u00f6ckchen, lammfromm","author":"Kerstin","date":"18. Februar 2007","format":false,"excerpt":"Am 20. Januar hatte ich ja meine kleine Ovi-Zicke zum H\u00e4ndler gebracht, weil die linke Nadel st\u00e4ndig Stiche ausliess. Bereits drei Tage sp\u00e4ter erhielt ich einen Anruf, dass ich sie wieder abholen k\u00f6nnte *freu*Der Nadelschutz hatte sich verstellt, wurde mir gesagt, und die Reparatur ging auf Garantie, also kostenfrei *doppelfreu*Zu\u2026","rel":"","context":"In &quot;Allgemein&quot;","block_context":{"text":"Allgemein","link":"https:\/\/stichelstube.capricorna.de\/wordpress\/category\/allgemein\/"},"img":{"alt_text":"","src":"","width":0,"height":0},"classes":[]},{"id":292,"url":"https:\/\/stichelstube.capricorna.de\/wordpress\/2006\/06\/11\/endlich-fertig\/","url_meta":{"origin":286,"position":5},"title":"Endlich fertig!","author":"Kerstin","date":"11. Juni 2006","format":false,"excerpt":"Die Butterick-Bluse ist jetzt endlich fertig! Hat ja auch nur gut vier Wochen gedauert... *seufz*Aber egal; jetzt ist das gute Wetter auch da, f\u00fcr das die Bluse gedacht ist. Morgen im B\u00fcro wird sie ihren Tragetest absolvieren. :-)Die Jeans-Jacke liegt immer noch da - bei dem Wetter brauch ich die\u2026","rel":"","context":"In &quot;Allgemein&quot;","block_context":{"text":"Allgemein","link":"https:\/\/stichelstube.capricorna.de\/wordpress\/category\/allgemein\/"},"img":{"alt_text":"","src":"","width":0,"height":0},"classes":[]}],"_links":{"self":[{"href":"https:\/\/stichelstube.capricorna.de\/wordpress\/wp-json\/wp\/v2\/posts\/286","targetHints":{"allow":["GET"]}}],"collection":[{"href":"https:\/\/stichelstube.capricorna.de\/wordpress\/wp-json\/wp\/v2\/posts"}],"about":[{"href":"https:\/\/stichelstube.capricorna.de\/wordpress\/wp-json\/wp\/v2\/types\/post"}],"author":[{"embeddable":true,"href":"https:\/\/stichelstube.capricorna.de\/wordpress\/wp-json\/wp\/v2\/users\/2"}],"replies":[{"embeddable":true,"href":"https:\/\/stichelstube.capricorna.de\/wordpress\/wp-json\/wp\/v2\/comments?post=286"}],"version-history":[{"count":0,"href":"https:\/\/stichelstube.capricorna.de\/wordpress\/wp-json\/wp\/v2\/posts\/286\/revisions"}],"wp:attachment":[{"href":"https:\/\/stichelstube.capricorna.de\/wordpress\/wp-json\/wp\/v2\/media?parent=286"}],"wp:term":[{"taxonomy":"category","embeddable":true,"href":"https:\/\/stichelstube.capricorna.de\/wordpress\/wp-json\/wp\/v2\/categories?post=286"},{"taxonomy":"post_tag","embeddable":true,"href":"https:\/\/stichelstube.capricorna.de\/wordpress\/wp-json\/wp\/v2\/tags?post=286"}],"curies":[{"name":"wp","href":"https:\/\/api.w.org\/{rel}","templated":true}]}}