{"id":288,"date":"2006-05-19T20:40:00","date_gmt":"2006-05-19T19:40:00","guid":{"rendered":"http:\/\/stichelstube.capricorna.de\/wordpress\/2006\/05\/19\/kleine-pause-schnittkurs\/"},"modified":"2006-05-19T20:40:00","modified_gmt":"2006-05-19T19:40:00","slug":"kleine-pause-schnittkurs","status":"publish","type":"post","link":"https:\/\/stichelstube.capricorna.de\/wordpress\/2006\/05\/19\/kleine-pause-schnittkurs\/","title":{"rendered":"Kleine Pause + Schnittkurs"},"content":{"rendered":"<p>Diesen Monat bin ich ganz sch\u00f6n n\u00e4hfaul &#8211; ob das noch die Nachwirkung vom Taufkleidchen ist? \ud83d\ude09<\/p>\n<p>Erst heute habe ich ein bisschen an der Bluse weitergemacht; die letzen Tage, eher Wochen, hatte ich entweder andere Sachen vor, Verabredungen, Haushalt oder hatte einfach keine Lust auf N\u00e4hen. Muss auch mal sein. Mal gucken, ob ich heute noch weiter komme. Die \u00c4rmel kommen als n\u00e4chstes, und die schiebe ich auch immer gerne vor mir her&#8230; Meine Jeans-Jacke h\u00e4ngt auch schon seit Wochen in genau diesem Stadium hier rum. *seufz*<\/p>\n<p>Daf\u00fcr habe ich schon seit Wochen kaum einen Stoff gekauft. *stolz bin* Ich surfe zwar immer noch regelm\u00e4ssig durch meine Lieblings-L\u00e4den, aber ich konnte es mir bislang erfolgreich verkneifen, zuzugreifen. Es ist jedes Mal wieder eine harte Entscheidung, aber ich halte mich ganz gut. Ich denke einfach an die vielen sch\u00f6nen Stoffe, die ich noch hier liegen habe, und an all die unerf\u00fcllten Tr\u00e4ume, die damit verbunden sind, dann f\u00e4llt es leichter. Wie wohl viele Hobbyschneiderinnen bin ich in meinen Tr\u00e4umen supergut angezogen, aber die Verwirklichung dieser Tr\u00e4ume zieht sich seltsamerweise immer so lange hin&#8230; Und das will ich nicht mehr; ich m\u00f6chte die Sachen herstellen, von denen ich tr\u00e4ume.<\/p>\n<p>Ich habe mir vorgenommen, noch bis zum Ende des Monats abstinent zu bleiben, und dann g\u00f6nne ich mir einen Bummel durch meinen Lieblingsladen, Korst. Wenn ich dann was sehe, was mir gef\u00e4llt, greife ich zu. Vielleicht aber auch nicht. Au\u00dferdem will ich mindestens die Bluse und die Jeans-Jacke bis dahin fertig haben, vorher wird sowieso nichts neues gekauft, basta!<\/p>\n<p>Daf\u00fcr g\u00f6nne ich mir einen anderen Luxus&#8230; Im Forum wurde ein <a href=\"http:\/\/hobbyschneiderin.net\/portal\/showthread.php?t=38437\" target=\"_blank\">Schnittkonstruktions-Kurs<\/a> annonciert, und da der in D\u00fcsseldorf, also in erreichbarer N\u00e4he, stattfindet, habe ich sehr kurzentschlossen zugeschlagen und mich angemeldet. Eigentlich untypisch f\u00fcr mich, so schnell zuzugreifen; normalerweise w\u00e4ge ich Entscheidungen lieber l\u00e4nger ab. Ob das nur der aufgestaute Kauf-Rausch war? *lol*<\/p>\n<p>Im Kurs sollen wir lernen, nach unseren eigenen Ma\u00dfen einen Grundschnitt f\u00fcr Hose, Rock und Oberteil zu erstellen. Ich habe zwar einen Burda-Ma\u00dfschnitt f\u00fcr eine Hose, R\u00f6cke bekomme ich mit etwas Probieren hin und Oberteile kann mir auch eine Software erstellen. Aber ich w\u00fcrde es gerne richtig von Hand lernen, denn ich lerne gerne etwas neues dazu. Dieses Wissen werde ich mein Leben lang gebrauchen k\u00f6nnen, und ich bin unabh\u00e4ngig von technischen Anforderungen, das finde ich auch immer gut (bin da etwas altmodisch &#8211; oder kulturpessimistisch?). Hoffentlich wird der Kurs stattfinden!<\/p>\n","protected":false},"excerpt":{"rendered":"<p>Diesen Monat bin ich ganz sch\u00f6n n\u00e4hfaul &#8211; ob das noch die Nachwirkung vom Taufkleidchen ist? \ud83d\ude09 Erst heute habe ich ein bisschen an der Bluse weitergemacht; die letzen Tage, eher Wochen, hatte ich entweder andere Sachen vor, Verabredungen, Haushalt oder hatte einfach keine Lust auf N\u00e4hen. Muss auch mal sein. Mal gucken, ob ich &hellip; <a href=\"https:\/\/stichelstube.capricorna.de\/wordpress\/2006\/05\/19\/kleine-pause-schnittkurs\/\" class=\"more-link\"><span class=\"screen-reader-text\">\u201eKleine Pause + Schnittkurs\u201c <\/span>weiterlesen<\/a><\/p>\n","protected":false},"author":2,"featured_media":0,"comment_status":"open","ping_status":"open","sticky":false,"template":"","format":"standard","meta":{"jetpack_post_was_ever_published":false,"_jetpack_newsletter_access":"","_jetpack_dont_email_post_to_subs":false,"_jetpack_newsletter_tier_id":0,"_jetpack_memberships_contains_paywalled_content":false,"_jetpack_memberships_contains_paid_content":false,"footnotes":"","jetpack_publicize_message":"","jetpack_publicize_feature_enabled":true,"jetpack_social_post_already_shared":false,"jetpack_social_options":{"image_generator_settings":{"template":"highway","default_image_id":0,"font":"","enabled":false},"version":2}},"categories":[1],"tags":[],"class_list":["post-288","post","type-post","status-publish","format-standard","hentry","category-allgemein"],"jetpack_publicize_connections":[],"jetpack_featured_media_url":"","jetpack_sharing_enabled":true,"jetpack_shortlink":"https:\/\/wp.me\/p6Znca-4E","jetpack-related-posts":[{"id":1305,"url":"https:\/\/stichelstube.capricorna.de\/wordpress\/2016\/08\/07\/fruehjahrsputz\/","url_meta":{"origin":288,"position":0},"title":"Fr\u00fchjahrsputz im Nicht-Sommer","author":"Kerstin","date":"7. August 2016","format":false,"excerpt":"Ich habe seit Mai, oh Wunder, einige sch\u00f6ne Teile fertig gen\u00e4ht, \u00fcber die ich noch gar nicht geschrieben habe, aber das kommt sp\u00e4ter. Jetzt gerade will ich \u00fcber Ausmisten schreiben. Das ist ein Thema, das mich immer wieder umtreibt. Ich war oder bin eine gro\u00dfe Sammlerin; gottseidank beschr\u00e4nkte sich das\u2026","rel":"","context":"In &quot;Allgemein&quot;","block_context":{"text":"Allgemein","link":"https:\/\/stichelstube.capricorna.de\/wordpress\/category\/allgemein\/"},"img":{"alt_text":"","src":"","width":0,"height":0},"classes":[]},{"id":22,"url":"https:\/\/stichelstube.capricorna.de\/wordpress\/2003\/07\/18\/22\/","url_meta":{"origin":288,"position":1},"title":"Hatte ich schon erw\u00e4hnt, dass\u2026","author":"Kerstin","date":"18. Juli 2003","format":false,"excerpt":"Hatte ich schon erw\u00e4hnt, dass der Jeans-Rock fertig ist? ;-) Vor zwei Wochen, zum Geburtstag von Hendrik am Sonntag; am Samstag Abend hatte ich noch bis elf Uhr gen\u00e4ht, damit er fertig wird. Er passt sehr gut, und sieht total s\u00fc\u00df aus, und durch die beiden Seitenschlitze ist er auch\u2026","rel":"","context":"In &quot;Allgemein&quot;","block_context":{"text":"Allgemein","link":"https:\/\/stichelstube.capricorna.de\/wordpress\/category\/allgemein\/"},"img":{"alt_text":"","src":"","width":0,"height":0},"classes":[]},{"id":238,"url":"https:\/\/stichelstube.capricorna.de\/wordpress\/2005\/12\/04\/238\/","url_meta":{"origin":288,"position":2},"title":"Das Vern\u00e4hen kommt gaaanz langsam\u2026","author":"Kerstin","date":"4. Dezember 2005","format":false,"excerpt":"Das Vern\u00e4hen kommt gaaanz langsam in Fahrt... Ein T-Shirt hatte ich angefangen, da ist mir aber das Garn ausgegangen, um die restlichen S\u00e4ume farblich passend zum ersten zu n\u00e4hen. Einen Pullover habe ich zugeschnitten, um damit ein Schnittmuster auszuprobieren, da fehlte mir aber einfach die Lust zum N\u00e4hen... Daf\u00fcr habe\u2026","rel":"","context":"In &quot;Allgemein&quot;","block_context":{"text":"Allgemein","link":"https:\/\/stichelstube.capricorna.de\/wordpress\/category\/allgemein\/"},"img":{"alt_text":"","src":"","width":0,"height":0},"classes":[]},{"id":152,"url":"https:\/\/stichelstube.capricorna.de\/wordpress\/2004\/09\/14\/152\/","url_meta":{"origin":288,"position":3},"title":"Juchuh, gerade sind die bei\u2026","author":"Kerstin","date":"14. September 2004","format":false,"excerpt":"Juchuh, gerade sind die bei ebay gekauften Kleiderb\u00fcgel gekommen! Habe direkt alle Hemden, die mein S\u00fc\u00dfer seit Jahren auf seinem Stuhl liegen hat, aufgehangen. (Drei davon sind direkt in den W\u00e4schekorb gewandert...) Das \u00c4rgerliche ist, dass er mich dazu gebracht hat, meinen Kleidungsstil zu \u00e4ndern und mehr darauf acht zu\u2026","rel":"","context":"In &quot;Allgemein&quot;","block_context":{"text":"Allgemein","link":"https:\/\/stichelstube.capricorna.de\/wordpress\/category\/allgemein\/"},"img":{"alt_text":"","src":"","width":0,"height":0},"classes":[]},{"id":1332,"url":"https:\/\/stichelstube.capricorna.de\/wordpress\/2016\/10\/22\/aufgeraeumt\/","url_meta":{"origin":288,"position":4},"title":"Aufger\u00e4umt!","author":"Kerstin","date":"22. Oktober 2016","format":false,"excerpt":"Seit ich vor einiger Zeit festgestellt habe, dass einige Stoffe aus meiner Sammlung an den Bruchkanten ausbleichen, hatte ich mir vorgenommen, eine andere L\u00f6sung f\u00fcr die Aufbewahrung zu finden. Vor drei Wochen habe ich mich dann dazu entschlossen, mein Ivar-Regal mit einem Schrank mit T\u00fcren zu erweitern. Ich hatte mich\u2026","rel":"","context":"In &quot;Allgemein&quot;","block_context":{"text":"Allgemein","link":"https:\/\/stichelstube.capricorna.de\/wordpress\/category\/allgemein\/"},"img":{"alt_text":"","src":"https:\/\/i0.wp.com\/www.capricorna.de\/naehen\/blogpics\/20161014_stoffregal_3.jpg?resize=350%2C200","width":350,"height":200},"classes":[]},{"id":188,"url":"https:\/\/stichelstube.capricorna.de\/wordpress\/2005\/02\/22\/188\/","url_meta":{"origin":288,"position":5},"title":"Meine Ufo-Kiste war heute mein\u2026","author":"Kerstin","date":"22. Februar 2005","format":false,"excerpt":"Meine Ufo-Kiste war heute mein Bet\u00e4tigungsfeld. Das letzte Mal hatte ich sie im Juni 2004 gesichtet, habe ich gerade beim St\u00f6bern in meinem Blog gesehen. Diesmal habe ich ziemlich gnadenlos einige Sachen aussortiert. Die Hose, bei der ich die Beine aus Versehen identisch zugeschnitten hatte und ein Rock aus einem\u2026","rel":"","context":"In &quot;Allgemein&quot;","block_context":{"text":"Allgemein","link":"https:\/\/stichelstube.capricorna.de\/wordpress\/category\/allgemein\/"},"img":{"alt_text":"","src":"","width":0,"height":0},"classes":[]}],"_links":{"self":[{"href":"https:\/\/stichelstube.capricorna.de\/wordpress\/wp-json\/wp\/v2\/posts\/288","targetHints":{"allow":["GET"]}}],"collection":[{"href":"https:\/\/stichelstube.capricorna.de\/wordpress\/wp-json\/wp\/v2\/posts"}],"about":[{"href":"https:\/\/stichelstube.capricorna.de\/wordpress\/wp-json\/wp\/v2\/types\/post"}],"author":[{"embeddable":true,"href":"https:\/\/stichelstube.capricorna.de\/wordpress\/wp-json\/wp\/v2\/users\/2"}],"replies":[{"embeddable":true,"href":"https:\/\/stichelstube.capricorna.de\/wordpress\/wp-json\/wp\/v2\/comments?post=288"}],"version-history":[{"count":0,"href":"https:\/\/stichelstube.capricorna.de\/wordpress\/wp-json\/wp\/v2\/posts\/288\/revisions"}],"wp:attachment":[{"href":"https:\/\/stichelstube.capricorna.de\/wordpress\/wp-json\/wp\/v2\/media?parent=288"}],"wp:term":[{"taxonomy":"category","embeddable":true,"href":"https:\/\/stichelstube.capricorna.de\/wordpress\/wp-json\/wp\/v2\/categories?post=288"},{"taxonomy":"post_tag","embeddable":true,"href":"https:\/\/stichelstube.capricorna.de\/wordpress\/wp-json\/wp\/v2\/tags?post=288"}],"curies":[{"name":"wp","href":"https:\/\/api.w.org\/{rel}","templated":true}]}}