{"id":289,"date":"2006-05-28T13:48:00","date_gmt":"2006-05-28T12:48:00","guid":{"rendered":"http:\/\/stichelstube.capricorna.de\/wordpress\/2006\/05\/28\/es-geht-weiter\/"},"modified":"2006-05-28T13:48:00","modified_gmt":"2006-05-28T12:48:00","slug":"es-geht-weiter","status":"publish","type":"post","link":"https:\/\/stichelstube.capricorna.de\/wordpress\/2006\/05\/28\/es-geht-weiter\/","title":{"rendered":"Es geht weiter&#8230;"},"content":{"rendered":"<p>Endlich wieder eine Naht gemacht! Gerade habe ich den zweiten \u00c4rmel in meine Bluse eingesetzt &#8211; und er ist richtig gut geworden! Beim ersten \u00c4rmel hatte ich die Nahtzugabe auf 0,7 Zentimeter gek\u00fcrzt, was bereits das Einsetzen erleichtert hat. Im N\u00e4hkurs habe ich dann den \u00c4rmel gereiht, bevor ich ihn gesteppt habe, und der wurde auch sehr gut.<\/p>\n<p>Den zweiten \u00c4rmel habe ich heute mit 1,5 Zentimeter Nahtzugabe eingesetzt &#8211; schon schwieriger. Merken: In Zukunft immer die Nahtzugaben von \u00c4rmeln k\u00fcrzen! Und vorher reihen! Au\u00dferdem n\u00e4he ich <strong>extrem<\/strong> langsam, und zwischendurch habe ich ein paar Mal den N\u00e4hfu\u00df anheben m\u00fcssen, um kleine F\u00e4ltchen auszustreichen. Die M\u00fche hat sich gelohnt! *strahl* \ud83d\ude42<\/p>\n<p>Hm, jetzt kann ich entweder mit der Bluse weitermachen, oder mein Jacken-Ufo bearbeiten, da w\u00e4ren auch als n\u00e4chstes die Seitenn\u00e4hte und dann die \u00c4rmel dran. Ich glaube, ich mache mit der Jacke weiter; bei dem Wetter brauche ich dringender eine neue Jacke als eine Sommerbluse.<\/p>\n<p>In meinem Blog gibt es au\u00dferdem etwas Neues zu entdecken: PeRu hatte im <a href=\"http:\/\/www.hobbyschneiderin.net\/portal\" target=\"_blank\">Hobbyschneiderin-Forum<\/a> die Gr\u00fcndung eines N\u00e4hblogger-Webrings angeregt, und das auch gleich in die Tat umgesetzt. Rechts unten in der Seitenleiste findet ihr daher seit neuestem die Links zu den anderen Teilnehmern des <a href=\"http:\/\/webring.parsimony.net\/webring3141\/\" target=\"_blank\">N\u00e4hblogger-Webrings<\/a>. Ich lese selbst auch immer gerne, wie andere Leute so mit Nadel und Faden k\u00e4mpfen, und jetzt kann man ganz einfach noch mehr N\u00e4hbekloppte wie mich auffinden &#8211; klasse, oder?! \ud83d\ude09<\/p>\n","protected":false},"excerpt":{"rendered":"<p>Endlich wieder eine Naht gemacht! Gerade habe ich den zweiten \u00c4rmel in meine Bluse eingesetzt &#8211; und er ist richtig gut geworden! Beim ersten \u00c4rmel hatte ich die Nahtzugabe auf 0,7 Zentimeter gek\u00fcrzt, was bereits das Einsetzen erleichtert hat. Im N\u00e4hkurs habe ich dann den \u00c4rmel gereiht, bevor ich ihn gesteppt habe, und der wurde &hellip; <a href=\"https:\/\/stichelstube.capricorna.de\/wordpress\/2006\/05\/28\/es-geht-weiter\/\" class=\"more-link\"><span class=\"screen-reader-text\">\u201eEs geht weiter&#8230;\u201c <\/span>weiterlesen<\/a><\/p>\n","protected":false},"author":2,"featured_media":0,"comment_status":"open","ping_status":"open","sticky":false,"template":"","format":"standard","meta":{"jetpack_post_was_ever_published":false,"_jetpack_newsletter_access":"","_jetpack_dont_email_post_to_subs":false,"_jetpack_newsletter_tier_id":0,"_jetpack_memberships_contains_paywalled_content":false,"_jetpack_memberships_contains_paid_content":false,"footnotes":"","jetpack_publicize_message":"","jetpack_publicize_feature_enabled":true,"jetpack_social_post_already_shared":false,"jetpack_social_options":{"image_generator_settings":{"template":"highway","default_image_id":0,"font":"","enabled":false},"version":2}},"categories":[1],"tags":[],"class_list":["post-289","post","type-post","status-publish","format-standard","hentry","category-allgemein"],"jetpack_publicize_connections":[],"jetpack_featured_media_url":"","jetpack_sharing_enabled":true,"jetpack_shortlink":"https:\/\/wp.me\/p6Znca-4F","jetpack-related-posts":[{"id":88,"url":"https:\/\/stichelstube.capricorna.de\/wordpress\/2004\/04\/22\/88\/","url_meta":{"origin":289,"position":0},"title":"Der Saum ist jetzt fertig,\u2026","author":"Kerstin","date":"22. April 2004","format":false,"excerpt":"Der Saum ist jetzt fertig, und mit der L\u00e4nge habe ich mich jetzt auch angefreundet - glaube ich ;-)Die \u00c4rmelb\u00fcndchen sind dran, die Knopfl\u00f6cher und Kn\u00f6pfe an den B\u00fcndchen, und der erste Knopf inklusive Knopfloch vorne ist dran.In der Anleitung ist der unterste Knopf f\u00fcr alle Gr\u00f6\u00dfen gleich angegeben, die\u2026","rel":"","context":"In &quot;Allgemein&quot;","block_context":{"text":"Allgemein","link":"https:\/\/stichelstube.capricorna.de\/wordpress\/category\/allgemein\/"},"img":{"alt_text":"","src":"","width":0,"height":0},"classes":[]},{"id":624,"url":"https:\/\/stichelstube.capricorna.de\/wordpress\/2009\/08\/17\/was-ich-heute-gelernt-habe\/","url_meta":{"origin":289,"position":1},"title":"Was ich heute gelernt habe","author":"Kerstin","date":"17. August 2009","format":false,"excerpt":"Es gibt keine Fehler, nur Gelegenheiten, etwas zu lernen, wie es so sch\u00f6n hei\u00dft. So gesehen, habe ich heute jede Menge gelernt. :D Meine Sport-Shirts waren mir in den letzten Wochen beim Laufen alle etwas zu warm und\/oder zu eng, darum war ich auf der Suche nach einem lockeren Shirt-Schnitt,\u2026","rel":"","context":"In &quot;Allgemein&quot;","block_context":{"text":"Allgemein","link":"https:\/\/stichelstube.capricorna.de\/wordpress\/category\/allgemein\/"},"img":{"alt_text":"","src":"https:\/\/i0.wp.com\/www.capricorna.de\/naehen\/blogpics\/sportshirt_1.jpg?resize=350%2C200","width":350,"height":200},"classes":[]},{"id":735,"url":"https:\/\/stichelstube.capricorna.de\/wordpress\/2010\/09\/19\/millimeterarbeit\/","url_meta":{"origin":289,"position":2},"title":"Millimeterarbeit&#8230;","author":"Kerstin","date":"19. September 2010","format":false,"excerpt":"... macht mein aktuellstes Projekt n\u00f6tig. Ich habe ein gekauftes, ganz schlichtes, hellgraues Feinstrick-Kleid mit kurzen \u00c4rmeln, das sehr bequem ist. Davon wollte ich gerne eine Herbst-\/Winter-Version machen, etwas l\u00e4nger mit Dreiviertel-\u00c4rmeln. Den Schnitt habe ich abgenommen, indem ich ihn auf aufgelegte Folie abgemalt habe. Das hat auch sehr gut\u2026","rel":"","context":"In &quot;Allgemein&quot;","block_context":{"text":"Allgemein","link":"https:\/\/stichelstube.capricorna.de\/wordpress\/category\/allgemein\/"},"img":{"alt_text":"","src":"https:\/\/i0.wp.com\/www.capricorna.de\/naehen\/blogpics\/jerseykleid_grau_test_1.jpg?resize=350%2C200","width":350,"height":200},"classes":[]},{"id":87,"url":"https:\/\/stichelstube.capricorna.de\/wordpress\/2004\/04\/21\/87\/","url_meta":{"origin":289,"position":3},"title":"Meinem R\u00fccken gehts wieder gut\u2026","author":"Kerstin","date":"21. April 2004","format":false,"excerpt":"Meinem R\u00fccken gehts wieder gut - das habe ich wohl haupts\u00e4chlich meinem neuen Kopfkissen zu verdanken, und nat\u00fcrlich der tollen Massage.Meiner Jacke geht es auch sehr gut. Die \u00c4rmel sind jetzt beide drin. Allerdings macht der linke \u00c4rmel Probleme. Ich hatte ihn schon komplett eingesetzt, und \u00e4rgerte mich, dass er\u2026","rel":"","context":"In &quot;Allgemein&quot;","block_context":{"text":"Allgemein","link":"https:\/\/stichelstube.capricorna.de\/wordpress\/category\/allgemein\/"},"img":{"alt_text":"","src":"","width":0,"height":0},"classes":[]},{"id":200,"url":"https:\/\/stichelstube.capricorna.de\/wordpress\/2005\/04\/14\/200\/","url_meta":{"origin":289,"position":4},"title":"Meine letzte Neuerwerbung - ein\u2026","author":"Kerstin","date":"14. April 2005","format":false,"excerpt":"Meine letzte Neuerwerbung - ein blau-gemusterter Jersey. Daraus soll ein Schwangerschafts-T-Shirt und ein \"Bauch-Bandeau\" ;-) f\u00fcr meine Schwester werden. Bin mal gespannt, wie das ausschaut - dummerweise ist er quer-gestreift ;-)Da ich den vor zwei Wochen schon bezahlt hatte, z\u00e4hlt das aber nicht als Unterbrechung meiner Abstinenz ;-)Meine Tunika\/Bluse ist\u2026","rel":"","context":"In &quot;Allgemein&quot;","block_context":{"text":"Allgemein","link":"https:\/\/stichelstube.capricorna.de\/wordpress\/category\/allgemein\/"},"img":{"alt_text":"","src":"","width":0,"height":0},"classes":[]},{"id":1192,"url":"https:\/\/stichelstube.capricorna.de\/wordpress\/2015\/04\/22\/zitronengelbes-knock-off-kein-designer\/","url_meta":{"origin":289,"position":5},"title":"Zitronengelbes knock-off (kein Designer)","author":"Kerstin","date":"22. April 2015","format":false,"excerpt":"Im Zuge der Aufarbeitung meiner Altlasten habe ich mir als n\u00e4chstes ein gar nicht so altes Ufo vorgenommen. Im Februar hatte ich das Gl\u00fcck, bei meinem Lieblings-Dealer Mahler Stoffe einen zitronengelben Jersey zu finden. So einen suche ich schon ewig, denn die meist nur angebotenen warm-gelben T\u00f6ne stehen mir nun\u2026","rel":"","context":"In &quot;Fertig&quot;","block_context":{"text":"Fertig","link":"https:\/\/stichelstube.capricorna.de\/wordpress\/category\/fertig\/"},"img":{"alt_text":"","src":"https:\/\/i0.wp.com\/www.capricorna.de\/naehen\/blogpics\/20150431_esprit_knockoff.jpg?resize=350%2C200","width":350,"height":200},"classes":[]}],"_links":{"self":[{"href":"https:\/\/stichelstube.capricorna.de\/wordpress\/wp-json\/wp\/v2\/posts\/289","targetHints":{"allow":["GET"]}}],"collection":[{"href":"https:\/\/stichelstube.capricorna.de\/wordpress\/wp-json\/wp\/v2\/posts"}],"about":[{"href":"https:\/\/stichelstube.capricorna.de\/wordpress\/wp-json\/wp\/v2\/types\/post"}],"author":[{"embeddable":true,"href":"https:\/\/stichelstube.capricorna.de\/wordpress\/wp-json\/wp\/v2\/users\/2"}],"replies":[{"embeddable":true,"href":"https:\/\/stichelstube.capricorna.de\/wordpress\/wp-json\/wp\/v2\/comments?post=289"}],"version-history":[{"count":0,"href":"https:\/\/stichelstube.capricorna.de\/wordpress\/wp-json\/wp\/v2\/posts\/289\/revisions"}],"wp:attachment":[{"href":"https:\/\/stichelstube.capricorna.de\/wordpress\/wp-json\/wp\/v2\/media?parent=289"}],"wp:term":[{"taxonomy":"category","embeddable":true,"href":"https:\/\/stichelstube.capricorna.de\/wordpress\/wp-json\/wp\/v2\/categories?post=289"},{"taxonomy":"post_tag","embeddable":true,"href":"https:\/\/stichelstube.capricorna.de\/wordpress\/wp-json\/wp\/v2\/tags?post=289"}],"curies":[{"name":"wp","href":"https:\/\/api.w.org\/{rel}","templated":true}]}}