{"id":291,"date":"2006-06-10T21:30:00","date_gmt":"2006-06-10T20:30:00","guid":{"rendered":"http:\/\/stichelstube.capricorna.de\/wordpress\/2006\/06\/10\/unsichtbarer-stoffstapel\/"},"modified":"2006-06-10T21:30:00","modified_gmt":"2006-06-10T20:30:00","slug":"unsichtbarer-stoffstapel","status":"publish","type":"post","link":"https:\/\/stichelstube.capricorna.de\/wordpress\/2006\/06\/10\/unsichtbarer-stoffstapel\/","title":{"rendered":"Unsichtbarer Stoffstapel"},"content":{"rendered":"<p>Da ich leider gerade meine Digicam nicht zur Verf\u00fcgung habe, kann ich euch den Stoffstapel nicht zeigen, der hier neben mir liegt, also m\u00fcsst ihr ihn euch vorstellen. Er besteht aus:<\/p>\n<li>roter Baumwoll-Crash mit eingewebten, feinen, bunten Streifen\n<li>hell-t\u00fcrkisfarbenes Baumwoll-Leinen\n<li>grauer Jersey mit einem lustigen Aufdruck im Comic-Stil mit ganz unterschiedlichen Zeichnungen; die Aufdrucke sind glatt-schwarz und silber-gl\u00e4nzend\n<li>d\u00fcnner wei\u00dfer Viskose-Jersey\n<li>schwarzes Baumwoll-Leinen in Jeans-Optik\n<li>schwarzer Feincord\n<li>Viskose-Jersey mit 1,5 cm breiten Blockstreifen in schwarz, wei\u00df und grau\n<li>d\u00fcnne Seide, weigrundig, mit einem Blumen-Wellen-Motivdruck in T\u00fcrkis-T\u00f6nen\n<li>sowie ein Rest leuchtend pinkfarbenes Seidenleinen\n<p>Das Seidenleinen hat mir eine andere Brunch-Teilnehmerin in Aachen verkauft; der Rest stammt von <a href=\"http:\/\/www.scherzkeks-stoffe.de\/\" target=\"_blank\">Silvias Laden<\/a>.<\/p>\n<p>Und ich habe genaueres \u00fcber Silvias geplante Zukunft des Ladens erfahren: Sie wird im Juli in ein anderes Ladengesch\u00e4ft in der Innenstadt umziehen. Au\u00dferdem wird es noch mehr Service f\u00fcr Stammkunden geben. Gute Neuigkeiten \ud83d\ude42<\/p>\n<p>Au\u00dferdem habe ich ganz spontan meine N\u00e4hmaschine eingepackt, und <a href=\"http:\/\/www.beipeterle.de\/\" target=\"_blank\">Peterle<\/a> war so freundlich, sofort einen Blick drauf zu werfen, obwohl ich mich nicht angek\u00fcndigt hatte \ud83d\ude42<\/p>\n<p>In letzter Zeit machte sie immer mehr Ger\u00e4usche beim N\u00e4hen, so ein hohes Quietschen, besonders beim langsamen N\u00e4hen, das aus dem Geh\u00e4use oben rechts kam. Da ich an diese Stelle selbst \u00fcberhaupt nicht dran kommen kann, dachte ich, ich lasse lieber mal einen Experten nachschauen, bevor etwas kaputt geht. Er konnte mich aber beruhigen, und sagte mir, der Zahnriemen und\/oder die Antriebswelle w\u00fcrden diese Ger\u00e4usche machen, aber der Aufwand, das Ding aufzuschrauben, um einen Tropfen \u00d6l und etwas Talkum drauf zu tun, w\u00fcrde sich eigentlich noch nicht lohnen, denn es w\u00e4re nicht kritisch. So konnte ich beruhigt wieder nach Hause fahren. \ud83d\ude42<\/p>\n","protected":false},"excerpt":{"rendered":"<p>Da ich leider gerade meine Digicam nicht zur Verf\u00fcgung habe, kann ich euch den Stoffstapel nicht zeigen, der hier neben mir liegt, also m\u00fcsst ihr ihn euch vorstellen. Er besteht aus: roter Baumwoll-Crash mit eingewebten, feinen, bunten Streifen hell-t\u00fcrkisfarbenes Baumwoll-Leinen grauer Jersey mit einem lustigen Aufdruck im Comic-Stil mit ganz unterschiedlichen Zeichnungen; die Aufdrucke sind &hellip; <a href=\"https:\/\/stichelstube.capricorna.de\/wordpress\/2006\/06\/10\/unsichtbarer-stoffstapel\/\" class=\"more-link\"><span class=\"screen-reader-text\">\u201eUnsichtbarer Stoffstapel\u201c <\/span>weiterlesen<\/a><\/p>\n","protected":false},"author":2,"featured_media":0,"comment_status":"open","ping_status":"open","sticky":false,"template":"","format":"standard","meta":{"jetpack_post_was_ever_published":false,"_jetpack_newsletter_access":"","_jetpack_dont_email_post_to_subs":false,"_jetpack_newsletter_tier_id":0,"_jetpack_memberships_contains_paywalled_content":false,"_jetpack_memberships_contains_paid_content":false,"footnotes":"","jetpack_publicize_message":"","jetpack_publicize_feature_enabled":true,"jetpack_social_post_already_shared":false,"jetpack_social_options":{"image_generator_settings":{"template":"highway","default_image_id":0,"font":"","enabled":false},"version":2}},"categories":[1],"tags":[],"class_list":["post-291","post","type-post","status-publish","format-standard","hentry","category-allgemein"],"jetpack_publicize_connections":[],"jetpack_featured_media_url":"","jetpack_sharing_enabled":true,"jetpack_shortlink":"https:\/\/wp.me\/p6Znca-4H","jetpack-related-posts":[{"id":201,"url":"https:\/\/stichelstube.capricorna.de\/wordpress\/2005\/04\/24\/201\/","url_meta":{"origin":291,"position":0},"title":"In den letzten Wochen habe\u2026","author":"Kerstin","date":"24. April 2005","format":false,"excerpt":"In den letzten Wochen habe ich mich ja mit dem Stoffe kaufen etwas zur\u00fcckgehalten; allerdings mit dem Vorsatz, bei Silvias Jubil\u00e4um daf\u00fcr ein wenig \"zuzuschlagen\". Was ich auch getan habe ;-)Oben sieht man also meine aktuellen Neuerwerbungen:Ganz oben ein Baumwoll-Leinen-Gemisch in meliertem rot-orange. Daraus soll eine Hose werden - wenn\u2026","rel":"","context":"In &quot;Allgemein&quot;","block_context":{"text":"Allgemein","link":"https:\/\/stichelstube.capricorna.de\/wordpress\/category\/allgemein\/"},"img":{"alt_text":"","src":"","width":0,"height":0},"classes":[]},{"id":340,"url":"https:\/\/stichelstube.capricorna.de\/wordpress\/2007\/05\/06\/stoffmarkt-beute\/","url_meta":{"origin":291,"position":1},"title":"Stoffmarkt-Beute","author":"Kerstin","date":"6. Mai 2007","format":false,"excerpt":"Oh Mann, da habe ich ganz sch\u00f6n zugeschlagen... Eigentlich, also eigentlich, wollte ich ja nur wegen ein paar sch\u00f6ner Jerseys auf den Stoffmarkt. Die habe ich auch schon recht fr\u00fch gefunden. Wir, ulliversum und ich, haben uns aber viiiiiel Zeit genommen, und mehr als vier Stunden auf dem Stoffmarkt verbracht.\u2026","rel":"","context":"In &quot;Allgemein&quot;","block_context":{"text":"Allgemein","link":"https:\/\/stichelstube.capricorna.de\/wordpress\/category\/allgemein\/"},"img":{"alt_text":"","src":"","width":0,"height":0},"classes":[]},{"id":67,"url":"https:\/\/stichelstube.capricorna.de\/wordpress\/2004\/02\/19\/67\/","url_meta":{"origin":291,"position":2},"title":"Heute habe ich mir einen\u2026","author":"Kerstin","date":"19. Februar 2004","format":false,"excerpt":"Heute habe ich mir einen halben Gleittag frei genommen, wegen Weiberfastnacht. Ab mittags w\u00e4re ich alleine im B\u00fcro gewesen, da bin ich dann auch lieber nach Hause. Und hab schon mal die \u00c4rmel an meinem neuesten St\u00fcck gen\u00e4ht ;-)Es ist das T-Shirt mit angeschnittenen \u00c4rmeln, aus dem halb durchsichtigen Bl\u00fcmchen-Stoff.\u2026","rel":"","context":"In &quot;Allgemein&quot;","block_context":{"text":"Allgemein","link":"https:\/\/stichelstube.capricorna.de\/wordpress\/category\/allgemein\/"},"img":{"alt_text":"","src":"","width":0,"height":0},"classes":[]},{"id":331,"url":"https:\/\/stichelstube.capricorna.de\/wordpress\/2007\/02\/23\/hose-in-sicht\/","url_meta":{"origin":291,"position":3},"title":"Hose in Sicht?!","author":"Kerstin","date":"23. Februar 2007","format":false,"excerpt":"In den letzten Wochen hatte ich beim N\u00e4hen nicht so viel Gl\u00fcck - bei einem T-Shirt aus Cloqu\u00e9 ist die Halseinfassung nicht so sch\u00f6n geworden und wartet auf das Trennmesser, bei meiner ersten Schnittvision-Hose waren die Oberschenkel viel zu eng und der Stoff sowieso der falsche f\u00fcr den Schnitt, und\u2026","rel":"","context":"In &quot;Allgemein&quot;","block_context":{"text":"Allgemein","link":"https:\/\/stichelstube.capricorna.de\/wordpress\/category\/allgemein\/"},"img":{"alt_text":"","src":"","width":0,"height":0},"classes":[]},{"id":239,"url":"https:\/\/stichelstube.capricorna.de\/wordpress\/2005\/12\/12\/239\/","url_meta":{"origin":291,"position":4},"title":"Heute habe ich einen sehr\u2026","author":"Kerstin","date":"12. Dezember 2005","format":false,"excerpt":"Heute habe ich einen sehr erfolgeichen Schnelltest mit dem Top-Schnittmuster 111 aus der Burda 7\/2005 gemacht. Erstmal zum Testen mit einem preiswerten Baumwoll-Jersey. Das Original will ich aus dem s\u00fcndteuren Seiden-Jersey machen, f\u00fcr eine Fete am Samstag. Im Brustbereich musste ich es gerade etwas enger abstecken, aber sonst passte es\u2026","rel":"","context":"In &quot;Allgemein&quot;","block_context":{"text":"Allgemein","link":"https:\/\/stichelstube.capricorna.de\/wordpress\/category\/allgemein\/"},"img":{"alt_text":"","src":"","width":0,"height":0},"classes":[]},{"id":933,"url":"https:\/\/stichelstube.capricorna.de\/wordpress\/2012\/07\/29\/klassisch-rosa\/","url_meta":{"origin":291,"position":5},"title":"Klassisch rosa","author":"Kerstin","date":"29. Juli 2012","format":false,"excerpt":"Du liebe G\u00fcte, schon wieder monatelang nix geschrieben... Dabei bin ich nicht ganz unt\u00e4tig. Wobei ich in den letzten Wochen mehr gestrickt habe als gen\u00e4ht. So ist nun mein erstes Paar Socken fertig geworden, und es ist wieder mal nicht so schwierig, wie ich geglaubt habe. Vor Fersen muss man\u2026","rel":"","context":"In &quot;Fertig&quot;","block_context":{"text":"Fertig","link":"https:\/\/stichelstube.capricorna.de\/wordpress\/category\/fertig\/"},"img":{"alt_text":"","src":"https:\/\/i0.wp.com\/www.capricorna.de\/naehen\/pics_knit\/20120701_socken_1.jpg?resize=350%2C200","width":350,"height":200},"classes":[]}],"_links":{"self":[{"href":"https:\/\/stichelstube.capricorna.de\/wordpress\/wp-json\/wp\/v2\/posts\/291","targetHints":{"allow":["GET"]}}],"collection":[{"href":"https:\/\/stichelstube.capricorna.de\/wordpress\/wp-json\/wp\/v2\/posts"}],"about":[{"href":"https:\/\/stichelstube.capricorna.de\/wordpress\/wp-json\/wp\/v2\/types\/post"}],"author":[{"embeddable":true,"href":"https:\/\/stichelstube.capricorna.de\/wordpress\/wp-json\/wp\/v2\/users\/2"}],"replies":[{"embeddable":true,"href":"https:\/\/stichelstube.capricorna.de\/wordpress\/wp-json\/wp\/v2\/comments?post=291"}],"version-history":[{"count":0,"href":"https:\/\/stichelstube.capricorna.de\/wordpress\/wp-json\/wp\/v2\/posts\/291\/revisions"}],"wp:attachment":[{"href":"https:\/\/stichelstube.capricorna.de\/wordpress\/wp-json\/wp\/v2\/media?parent=291"}],"wp:term":[{"taxonomy":"category","embeddable":true,"href":"https:\/\/stichelstube.capricorna.de\/wordpress\/wp-json\/wp\/v2\/categories?post=291"},{"taxonomy":"post_tag","embeddable":true,"href":"https:\/\/stichelstube.capricorna.de\/wordpress\/wp-json\/wp\/v2\/tags?post=291"}],"curies":[{"name":"wp","href":"https:\/\/api.w.org\/{rel}","templated":true}]}}