{"id":292,"date":"2006-06-11T22:20:00","date_gmt":"2006-06-11T21:20:00","guid":{"rendered":"http:\/\/stichelstube.capricorna.de\/wordpress\/2006\/06\/11\/endlich-fertig\/"},"modified":"2006-06-11T22:20:00","modified_gmt":"2006-06-11T21:20:00","slug":"endlich-fertig","status":"publish","type":"post","link":"https:\/\/stichelstube.capricorna.de\/wordpress\/2006\/06\/11\/endlich-fertig\/","title":{"rendered":"Endlich fertig!"},"content":{"rendered":"<p>Die Butterick-Bluse ist jetzt endlich fertig! Hat ja auch nur gut vier Wochen gedauert&#8230; *seufz*<\/p>\n<p>Aber egal; jetzt ist das gute Wetter auch da, f\u00fcr das die Bluse gedacht ist. Morgen im B\u00fcro wird sie ihren Tragetest absolvieren. \ud83d\ude42<\/p>\n<p>Die Jeans-Jacke liegt immer noch da &#8211; bei dem Wetter brauch ich die grad sowieso nicht&#8230;<\/p>\n<p>Morgen findet der letzte N\u00e4hkurs des 1. Halbjahres statt. Da mein Auto gerade wieder zu einer kleinen Reparatur ausw\u00e4rts weilt, werde ich das sch\u00f6ne Wetter nutzen, und mit dem Fahrrad nach Zollstock fahren. Da kann ich nat\u00fcrlich keine N\u00e4hmaschine mitnehmen, also werde ich zwei Taschen zuschneiden und schonmal mit Vlieseline beb\u00fcgeln &#8211; eine f\u00fcr meine Mutter, eine f\u00fcr mich. Wieder ein klitzekleiner Abbau meines Stoff-Stapels, den ich am Samstag so sch\u00f6n aufgef\u00fcllt hatte&#8230; \ud83d\ude09<\/p>\n<p>Meine Stoff-Truhe ist voll, also werde ich als n\u00e4chstes am besten den dicksten Stoff verarbeiten, das w\u00e4re der Lodenwalk. Ob ich mir das antue, bei den Temperaturen&#8230;? Mal sehen \ud83d\ude09<\/p>\n","protected":false},"excerpt":{"rendered":"<p>Die Butterick-Bluse ist jetzt endlich fertig! Hat ja auch nur gut vier Wochen gedauert&#8230; *seufz* Aber egal; jetzt ist das gute Wetter auch da, f\u00fcr das die Bluse gedacht ist. Morgen im B\u00fcro wird sie ihren Tragetest absolvieren. \ud83d\ude42 Die Jeans-Jacke liegt immer noch da &#8211; bei dem Wetter brauch ich die grad sowieso nicht&#8230; &hellip; <a href=\"https:\/\/stichelstube.capricorna.de\/wordpress\/2006\/06\/11\/endlich-fertig\/\" class=\"more-link\"><span class=\"screen-reader-text\">\u201eEndlich fertig!\u201c <\/span>weiterlesen<\/a><\/p>\n","protected":false},"author":2,"featured_media":0,"comment_status":"open","ping_status":"open","sticky":false,"template":"","format":"standard","meta":{"jetpack_post_was_ever_published":false,"_jetpack_newsletter_access":"","_jetpack_dont_email_post_to_subs":false,"_jetpack_newsletter_tier_id":0,"_jetpack_memberships_contains_paywalled_content":false,"_jetpack_memberships_contains_paid_content":false,"footnotes":"","jetpack_publicize_message":"","jetpack_publicize_feature_enabled":true,"jetpack_social_post_already_shared":false,"jetpack_social_options":{"image_generator_settings":{"template":"highway","default_image_id":0,"font":"","enabled":false},"version":2}},"categories":[1],"tags":[],"class_list":["post-292","post","type-post","status-publish","format-standard","hentry","category-allgemein"],"jetpack_publicize_connections":[],"jetpack_featured_media_url":"","jetpack_sharing_enabled":true,"jetpack_shortlink":"https:\/\/wp.me\/p6Znca-4I","jetpack-related-posts":[{"id":15,"url":"https:\/\/stichelstube.capricorna.de\/wordpress\/2003\/06\/05\/15\/","url_meta":{"origin":292,"position":0},"title":"Nachtrag vom 02. Juni, weil\u2026","author":"Kerstin","date":"5. Juni 2003","format":false,"excerpt":"Nachtrag vom 02. Juni, weil ich Blogger da nicht erreichen konnte: Ja, das T-Shirt ist fast fertig. Ich habe Vorderteil und R\u00fcckenteil vertauscht, weil ich gemerkt habe, dass das R\u00fcckenteil den etwas tieferen Ausschnitt hat. Am Vorderteil war er mir zu hoch, zu nah am Hals oder eher an der\u2026","rel":"","context":"In &quot;Allgemein&quot;","block_context":{"text":"Allgemein","link":"https:\/\/stichelstube.capricorna.de\/wordpress\/category\/allgemein\/"},"img":{"alt_text":"","src":"","width":0,"height":0},"classes":[]},{"id":1456,"url":"https:\/\/stichelstube.capricorna.de\/wordpress\/2017\/10\/22\/sehnsucht-nach-dem-sommer\/","url_meta":{"origin":292,"position":1},"title":"Sehnsucht nach dem Sommer","author":"Kerstin","date":"22. Oktober 2017","format":false,"excerpt":"Der Sommer in Hamburg ist dieses Jahr ja gr\u00f6\u00dftenteils ausgefallen (wieder mal). Trotzdem stelle ich an den wenigen warmen Tagen immer wieder fest, dass mir f\u00fcr sommerliche Temperaturen die richtige (b\u00fcrotaugliche) Kleidung fehlt. Leichte Blusenstoffe habe ich hier sogar einige auf Halde liegen, aber einen sch\u00f6nen Schnitt zu finden, der\u2026","rel":"","context":"In &quot;Fertig&quot;","block_context":{"text":"Fertig","link":"https:\/\/stichelstube.capricorna.de\/wordpress\/category\/fertig\/"},"img":{"alt_text":"","src":"https:\/\/i0.wp.com\/www.capricorna.de\/naehen\/pics_fertig\/20171022_shirtbluse_tuerkis.jpg?resize=350%2C200","width":350,"height":200},"classes":[]},{"id":10,"url":"https:\/\/stichelstube.capricorna.de\/wordpress\/2003\/04\/27\/10\/","url_meta":{"origin":292,"position":2},"title":"Bei der braunen Bluse habe\u2026","author":"Kerstin","date":"27. April 2003","format":false,"excerpt":"Bei der braunen Bluse habe ich eben auch den zweiten \u00c4rmel eingesetzt, und jetzt sieht es schon richtig gut aus. :-) Jetzt noch den Tunnel f\u00fcr die Bindeb\u00e4nder an den Ausschnitt und viele lose Fadenenden vern\u00e4hen - das ist das nervigste am N\u00e4hen, finde ich - und dann ist sie\u2026","rel":"","context":"In &quot;Allgemein&quot;","block_context":{"text":"Allgemein","link":"https:\/\/stichelstube.capricorna.de\/wordpress\/category\/allgemein\/"},"img":{"alt_text":"","src":"","width":0,"height":0},"classes":[]},{"id":188,"url":"https:\/\/stichelstube.capricorna.de\/wordpress\/2005\/02\/22\/188\/","url_meta":{"origin":292,"position":3},"title":"Meine Ufo-Kiste war heute mein\u2026","author":"Kerstin","date":"22. Februar 2005","format":false,"excerpt":"Meine Ufo-Kiste war heute mein Bet\u00e4tigungsfeld. Das letzte Mal hatte ich sie im Juni 2004 gesichtet, habe ich gerade beim St\u00f6bern in meinem Blog gesehen. Diesmal habe ich ziemlich gnadenlos einige Sachen aussortiert. Die Hose, bei der ich die Beine aus Versehen identisch zugeschnitten hatte und ein Rock aus einem\u2026","rel":"","context":"In &quot;Allgemein&quot;","block_context":{"text":"Allgemein","link":"https:\/\/stichelstube.capricorna.de\/wordpress\/category\/allgemein\/"},"img":{"alt_text":"","src":"","width":0,"height":0},"classes":[]},{"id":393,"url":"https:\/\/stichelstube.capricorna.de\/wordpress\/2008\/04\/29\/hosen-nahen-unter-erschwerten-bedingungen\/","url_meta":{"origin":292,"position":4},"title":"Hose n\u00e4hen unter erschwerten Bedingungen","author":"Kerstin","date":"29. April 2008","format":false,"excerpt":"Endlich, endlich kommt einmal eine lange Hose dran, die ich so dringend br\u00e4uchte. Es gestaltet sich allerdings etwas schwierig. Zum einen habe ich es geschafft, die Schnitt-Teile f\u00fcr den Bund sowie meine selbst gebastelte Eingrifftasche zu verbummeln. Es ist mir absolut un-be-greif-lich, wie ich das gemacht habe! Eigentlich geh\u00f6re ich\u2026","rel":"","context":"In &quot;daily sewing&quot;","block_context":{"text":"daily sewing","link":"https:\/\/stichelstube.capricorna.de\/wordpress\/category\/daily-sewing\/"},"img":{"alt_text":"Hose, vorne","src":"https:\/\/i0.wp.com\/www.capricorna.de\/naehen\/blogpics\/dc_16.jpg?resize=350%2C200","width":350,"height":200},"classes":[]},{"id":8,"url":"https:\/\/stichelstube.capricorna.de\/wordpress\/2003\/04\/23\/8\/","url_meta":{"origin":292,"position":5},"title":"Die braune Bluse nimmt langsam\u2026","author":"Kerstin","date":"23. April 2003","format":false,"excerpt":"Die braune Bluse nimmt langsam Gestalt an. Ich habe den Saum fertig - ja, der Saum wird vor den \u00c4rmeln gen\u00e4ht - und ein \u00c4rmel ist eingesetzt, und langsam gef\u00e4llt sie mir doch ganz gut. Ich hatte in den letzten Tagen Bef\u00fcrchtungen, dass die Farbe etwas zu gedeckt f\u00fcr meinen\u2026","rel":"","context":"In &quot;Allgemein&quot;","block_context":{"text":"Allgemein","link":"https:\/\/stichelstube.capricorna.de\/wordpress\/category\/allgemein\/"},"img":{"alt_text":"","src":"","width":0,"height":0},"classes":[]}],"_links":{"self":[{"href":"https:\/\/stichelstube.capricorna.de\/wordpress\/wp-json\/wp\/v2\/posts\/292","targetHints":{"allow":["GET"]}}],"collection":[{"href":"https:\/\/stichelstube.capricorna.de\/wordpress\/wp-json\/wp\/v2\/posts"}],"about":[{"href":"https:\/\/stichelstube.capricorna.de\/wordpress\/wp-json\/wp\/v2\/types\/post"}],"author":[{"embeddable":true,"href":"https:\/\/stichelstube.capricorna.de\/wordpress\/wp-json\/wp\/v2\/users\/2"}],"replies":[{"embeddable":true,"href":"https:\/\/stichelstube.capricorna.de\/wordpress\/wp-json\/wp\/v2\/comments?post=292"}],"version-history":[{"count":0,"href":"https:\/\/stichelstube.capricorna.de\/wordpress\/wp-json\/wp\/v2\/posts\/292\/revisions"}],"wp:attachment":[{"href":"https:\/\/stichelstube.capricorna.de\/wordpress\/wp-json\/wp\/v2\/media?parent=292"}],"wp:term":[{"taxonomy":"category","embeddable":true,"href":"https:\/\/stichelstube.capricorna.de\/wordpress\/wp-json\/wp\/v2\/categories?post=292"},{"taxonomy":"post_tag","embeddable":true,"href":"https:\/\/stichelstube.capricorna.de\/wordpress\/wp-json\/wp\/v2\/tags?post=292"}],"curies":[{"name":"wp","href":"https:\/\/api.w.org\/{rel}","templated":true}]}}