{"id":308,"date":"2006-07-24T21:55:00","date_gmt":"2006-07-24T20:55:00","guid":{"rendered":"http:\/\/stichelstube.capricorna.de\/wordpress\/2006\/07\/24\/und-manchmal-klappt-doch-was\/"},"modified":"2006-07-24T21:55:00","modified_gmt":"2006-07-24T20:55:00","slug":"und-manchmal-klappt-doch-was","status":"publish","type":"post","link":"https:\/\/stichelstube.capricorna.de\/wordpress\/2006\/07\/24\/und-manchmal-klappt-doch-was\/","title":{"rendered":"&#8230; und manchmal klappt doch was!"},"content":{"rendered":"<p>Jetzt bin ich doch wieder froh&#8230; Ich brauche noch einen Rock, und hatte die letzten Jahre immer einen Schnitt aus einer \u00e4lteren &#8222;Atelier d\u00b4intimita&#8220; im Hinterkopf. Das Vorderteil ist k\u00fcrzer als das Hinterteil, und beide Teile sind gegengleich abgerundet, also das Hinterteil in einer Au\u00dfenkurve, das Vorderteil ist nach oben innen gekurvt.<\/p>\n<p>Ich habe mir also gerade meinen Grundschnitt genommen, den ich im Konstruktionskurs erstellt habe. Dann habe ich in der H\u00fcfte mehr Bequemlichkeitsweite dazugegeben, und am Saum leicht ausgestellt. Dann die vordere und hintere L\u00e4nge festgelegt, und dazwischen entsprechend abgerundet. Das Folienmodell sieht schon sehr gut aus, aber ich teste vor dem richtigen N\u00e4hen lieber noch in einem Billigstoff. Den Stoff, den ich daf\u00fcr im Auge habe, kann ich n\u00e4mlich nicht mehr nachkaufen&#8230; Bin mal gespannt, ob das so klappt, wie ich es mir vorstelle.<\/p>\n","protected":false},"excerpt":{"rendered":"<p>Jetzt bin ich doch wieder froh&#8230; Ich brauche noch einen Rock, und hatte die letzten Jahre immer einen Schnitt aus einer \u00e4lteren &#8222;Atelier d\u00b4intimita&#8220; im Hinterkopf. Das Vorderteil ist k\u00fcrzer als das Hinterteil, und beide Teile sind gegengleich abgerundet, also das Hinterteil in einer Au\u00dfenkurve, das Vorderteil ist nach oben innen gekurvt. Ich habe mir &hellip; <a href=\"https:\/\/stichelstube.capricorna.de\/wordpress\/2006\/07\/24\/und-manchmal-klappt-doch-was\/\" class=\"more-link\"><span class=\"screen-reader-text\">\u201e&#8230; und manchmal klappt doch was!\u201c <\/span>weiterlesen<\/a><\/p>\n","protected":false},"author":2,"featured_media":0,"comment_status":"open","ping_status":"open","sticky":false,"template":"","format":"standard","meta":{"jetpack_post_was_ever_published":false,"_jetpack_newsletter_access":"","_jetpack_dont_email_post_to_subs":false,"_jetpack_newsletter_tier_id":0,"_jetpack_memberships_contains_paywalled_content":false,"_jetpack_memberships_contains_paid_content":false,"footnotes":"","jetpack_publicize_message":"","jetpack_publicize_feature_enabled":true,"jetpack_social_post_already_shared":false,"jetpack_social_options":{"image_generator_settings":{"template":"highway","default_image_id":0,"font":"","enabled":false},"version":2}},"categories":[1],"tags":[],"class_list":["post-308","post","type-post","status-publish","format-standard","hentry","category-allgemein"],"jetpack_publicize_connections":[],"jetpack_featured_media_url":"","jetpack_sharing_enabled":true,"jetpack_shortlink":"https:\/\/wp.me\/p6Znca-4Y","jetpack-related-posts":[{"id":219,"url":"https:\/\/stichelstube.capricorna.de\/wordpress\/2005\/08\/04\/219\/","url_meta":{"origin":308,"position":0},"title":"Es hat jetzt doch einen\u2026","author":"Kerstin","date":"4. August 2005","format":false,"excerpt":"Es hat jetzt doch einen Tag l\u00e4nger gedauert, den Pullover fertigzustellen. Ich wollte eigentlich die \u00c4rmels\u00e4ume mit einem blau gestreiften Ripsband schm\u00fccken, aber das Band war ziemlich steif und widerspenstig, und die Naht sah f\u00fcrcherlich aus... nicht gut! Also habe ich wieder aufgetrennt, die S\u00e4ume einfach vers\u00e4ubert, umgeklappt und festgesteppt,\u2026","rel":"","context":"In &quot;Allgemein&quot;","block_context":{"text":"Allgemein","link":"https:\/\/stichelstube.capricorna.de\/wordpress\/category\/allgemein\/"},"img":{"alt_text":"","src":"","width":0,"height":0},"classes":[]},{"id":578,"url":"https:\/\/stichelstube.capricorna.de\/wordpress\/2009\/05\/18\/ich-bin-wieder-15\/","url_meta":{"origin":308,"position":1},"title":"Ich bin wieder 15&#8230;","author":"Kerstin","date":"18. Mai 2009","format":false,"excerpt":"... mit diesem Shirt! :D Schon vor drei Jahren - *huch* ich dachte, den h\u00e4tte ich erst letztes Jahr gekauft! - hat mich dieser Stoff mit Graffiti-Aufdruck angesprungen, der ein wenig *h\u00fcstel* nach 80er Jahren aussieht. Und da musste nat\u00fcrlich ein 80er Jahre-Schnitt dazu. Kein originaler, denn in S\u00e4cken will\u2026","rel":"","context":"In &quot;Fertig&quot;","block_context":{"text":"Fertig","link":"https:\/\/stichelstube.capricorna.de\/wordpress\/category\/fertig\/"},"img":{"alt_text":"","src":"https:\/\/i0.wp.com\/www.capricorna.de\/naehen\/pics_fertig\/80ershirt.jpg?resize=350%2C200","width":350,"height":200},"classes":[]},{"id":204,"url":"https:\/\/stichelstube.capricorna.de\/wordpress\/2005\/05\/05\/204\/","url_meta":{"origin":308,"position":2},"title":"Diese Hose, von der ich\u2026","author":"Kerstin","date":"5. Mai 2005","format":false,"excerpt":"Diese Hose, von der ich den Schnitt abgenommen habe, hat mich ganz sch\u00f6n geschafft! Nachdem ich mit dem Vorderteil keine Probleme hatte, machte ich mich frohgemut an das Hinterteil. Das sah nach dem Kopieren so komisch aus, dass ich am liebsten alles in die Ecke geschmissen h\u00e4tte... Ich hab dann\u2026","rel":"","context":"In &quot;Allgemein&quot;","block_context":{"text":"Allgemein","link":"https:\/\/stichelstube.capricorna.de\/wordpress\/category\/allgemein\/"},"img":{"alt_text":"","src":"","width":0,"height":0},"classes":[]},{"id":681,"url":"https:\/\/stichelstube.capricorna.de\/wordpress\/2010\/02\/08\/ruckschlag-und-neuer-anlauf\/","url_meta":{"origin":308,"position":3},"title":"R\u00fcckschlag und neuer Anlauf","author":"Kerstin","date":"8. Februar 2010","format":false,"excerpt":"Meine \"sommerlich\" angehauchte Woll-Tunika macht leider Schwierigkeiten. Beziehungsweise, meine Bl\u00f6dheit stand mir mal wieder im Weg... \u00a0Ich hatte aus dem Vorderteil mittig einen Zentimeter an Weite herausgenommen, dabei aber total \u00fcbersehen, dass die Fl\u00fcgel\u00e4rmel dadurch kleiner werden und das Vorderteil nicht mehr hundertprozentig auf das R\u00fcckenteil passt. Dann hatte ich\u2026","rel":"","context":"In &quot;Allgemein&quot;","block_context":{"text":"Allgemein","link":"https:\/\/stichelstube.capricorna.de\/wordpress\/category\/allgemein\/"},"img":{"alt_text":"","src":"https:\/\/i0.wp.com\/www.capricorna.de\/naehen\/blogpics\/beleg_stehtab.jpg?resize=350%2C200","width":350,"height":200},"classes":[]},{"id":15,"url":"https:\/\/stichelstube.capricorna.de\/wordpress\/2003\/06\/05\/15\/","url_meta":{"origin":308,"position":4},"title":"Nachtrag vom 02. Juni, weil\u2026","author":"Kerstin","date":"5. Juni 2003","format":false,"excerpt":"Nachtrag vom 02. Juni, weil ich Blogger da nicht erreichen konnte: Ja, das T-Shirt ist fast fertig. Ich habe Vorderteil und R\u00fcckenteil vertauscht, weil ich gemerkt habe, dass das R\u00fcckenteil den etwas tieferen Ausschnitt hat. Am Vorderteil war er mir zu hoch, zu nah am Hals oder eher an der\u2026","rel":"","context":"In &quot;Allgemein&quot;","block_context":{"text":"Allgemein","link":"https:\/\/stichelstube.capricorna.de\/wordpress\/category\/allgemein\/"},"img":{"alt_text":"","src":"","width":0,"height":0},"classes":[]},{"id":45,"url":"https:\/\/stichelstube.capricorna.de\/wordpress\/2003\/11\/20\/45\/","url_meta":{"origin":308,"position":5},"title":"So, abgeschnitten ist es inzwischen\u2026","author":"Kerstin","date":"20. November 2003","format":false,"excerpt":"So, abgeschnitten ist es inzwischen - war ne ziemliche Fummelei. Ich glaube, wo ich jetzt mein Weihnachtsgeld bekommen habe, werde ich doch mal Geld in einen Rollschneider und eine grooo\u00dfe, teure Schneidematte investieren. Bis auf die vorderen N\u00e4hte des Vorderteils, die ich ja schon zusammengen\u00e4ht hatte, ist das Teil jetzt\u2026","rel":"","context":"In &quot;Allgemein&quot;","block_context":{"text":"Allgemein","link":"https:\/\/stichelstube.capricorna.de\/wordpress\/category\/allgemein\/"},"img":{"alt_text":"","src":"","width":0,"height":0},"classes":[]}],"_links":{"self":[{"href":"https:\/\/stichelstube.capricorna.de\/wordpress\/wp-json\/wp\/v2\/posts\/308","targetHints":{"allow":["GET"]}}],"collection":[{"href":"https:\/\/stichelstube.capricorna.de\/wordpress\/wp-json\/wp\/v2\/posts"}],"about":[{"href":"https:\/\/stichelstube.capricorna.de\/wordpress\/wp-json\/wp\/v2\/types\/post"}],"author":[{"embeddable":true,"href":"https:\/\/stichelstube.capricorna.de\/wordpress\/wp-json\/wp\/v2\/users\/2"}],"replies":[{"embeddable":true,"href":"https:\/\/stichelstube.capricorna.de\/wordpress\/wp-json\/wp\/v2\/comments?post=308"}],"version-history":[{"count":0,"href":"https:\/\/stichelstube.capricorna.de\/wordpress\/wp-json\/wp\/v2\/posts\/308\/revisions"}],"wp:attachment":[{"href":"https:\/\/stichelstube.capricorna.de\/wordpress\/wp-json\/wp\/v2\/media?parent=308"}],"wp:term":[{"taxonomy":"category","embeddable":true,"href":"https:\/\/stichelstube.capricorna.de\/wordpress\/wp-json\/wp\/v2\/categories?post=308"},{"taxonomy":"post_tag","embeddable":true,"href":"https:\/\/stichelstube.capricorna.de\/wordpress\/wp-json\/wp\/v2\/tags?post=308"}],"curies":[{"name":"wp","href":"https:\/\/api.w.org\/{rel}","templated":true}]}}