{"id":325,"date":"2006-12-24T15:17:00","date_gmt":"2006-12-24T14:17:00","guid":{"rendered":"http:\/\/stichelstube.capricorna.de\/wordpress\/2006\/12\/24\/ovi-bezwungen\/"},"modified":"2006-12-24T15:17:00","modified_gmt":"2006-12-24T14:17:00","slug":"ovi-bezwungen","status":"publish","type":"post","link":"https:\/\/stichelstube.capricorna.de\/wordpress\/2006\/12\/24\/ovi-bezwungen\/","title":{"rendered":"Ovi bezwungen!"},"content":{"rendered":"<p>Jaaaa, ich habe es geschafft!<\/p>\n<p>Nachdem meine kleine Bernina-Zicke gestern wieder Fehlstiche mit der linken Nadel am laufenden Band produzierte, habe ich das Ding erstmal in die Ecke gestellt. Frust!<\/p>\n<p>Wie es oft so ist, kam mir abends vor dem Einschlafen noch eine Idee, wie es klappen k\u00f6nnte. So habe ich sie heute spontan, nachdem alle anderen Feiertagspflichten &#8211; Baum schm\u00fccken, K\u00fcche aufr\u00e4umen, Geschenke einpacken etc. &#8211; erledigt waren, nochmal aus der Ecke geholt.<\/p>\n<p>Dann habe ich neue Nadeln eingesetzt, und zwar d\u00fcnne 75er Stretch-Nadeln. Und siehe da, damit hat es funktioniert! Problemlos, sogar um die Kurven! Ich hatte mir schon \u00f6fter ohne Stoff unter dem F\u00fc\u00dfchen den Weg angeschaut, den die beiden Nadeln nehmen, um die Schlingen zu bilden. Dabei fiel mir auf, dass die linke Nadel bei ihrem Weg durch die Greiferfadenschlinge seeehr knapp rechts am Schlingenfaden vorbei l\u00e4uft. Daher dachte ich mir, wenn der Abstand dermassen kurz ist, w\u00e4re eine d\u00fcnne Nadel vermutlich besser als eine dicke, die leichter danebentreffen oder links vom Faden &#8222;abrutschen&#8220; k\u00f6nnte. Vorher hatte ich n\u00e4mlich eine 90er Stretch-Nadel drin, und das war die reine Katastrophe. Anscheinend war meine Idee richtig; ich habe gerade den Fleece-Schal f\u00fcr meine Schwester im ersten Durchgang perfekt vers\u00e4ubern k\u00f6nnen. So habe ich gleich doch noch ein vollst\u00e4ndiges Geschenk, M\u00fctze plus Schal. *freu*<\/p>\n<p>So, jetzt noch mich selber b\u00fcrsten und schick machen, und dann geht gleich die Bescherung im Familien-Kreis los. Euch allen ebenfalls frohe Weihnachten! \ud83d\ude42<\/p>\n","protected":false},"excerpt":{"rendered":"<p>Jaaaa, ich habe es geschafft! Nachdem meine kleine Bernina-Zicke gestern wieder Fehlstiche mit der linken Nadel am laufenden Band produzierte, habe ich das Ding erstmal in die Ecke gestellt. Frust! Wie es oft so ist, kam mir abends vor dem Einschlafen noch eine Idee, wie es klappen k\u00f6nnte. So habe ich sie heute spontan, nachdem &hellip; <a href=\"https:\/\/stichelstube.capricorna.de\/wordpress\/2006\/12\/24\/ovi-bezwungen\/\" class=\"more-link\"><span class=\"screen-reader-text\">\u201eOvi bezwungen!\u201c <\/span>weiterlesen<\/a><\/p>\n","protected":false},"author":2,"featured_media":0,"comment_status":"open","ping_status":"open","sticky":false,"template":"","format":"standard","meta":{"jetpack_post_was_ever_published":false,"_jetpack_newsletter_access":"","_jetpack_dont_email_post_to_subs":false,"_jetpack_newsletter_tier_id":0,"_jetpack_memberships_contains_paywalled_content":false,"_jetpack_memberships_contains_paid_content":false,"footnotes":"","jetpack_publicize_message":"","jetpack_publicize_feature_enabled":true,"jetpack_social_post_already_shared":false,"jetpack_social_options":{"image_generator_settings":{"template":"highway","default_image_id":0,"font":"","enabled":false},"version":2}},"categories":[1],"tags":[],"class_list":["post-325","post","type-post","status-publish","format-standard","hentry","category-allgemein"],"jetpack_publicize_connections":[],"jetpack_featured_media_url":"","jetpack_sharing_enabled":true,"jetpack_shortlink":"https:\/\/wp.me\/p6Znca-5f","jetpack-related-posts":[{"id":787,"url":"https:\/\/stichelstube.capricorna.de\/wordpress\/2011\/01\/08\/neue-herausforderungen\/","url_meta":{"origin":325,"position":0},"title":"Neue Herausforderungen&#8230;","author":"Kerstin","date":"8. Januar 2011","format":false,"excerpt":"... zeigen sich am Horizont: Rundstricken. Das n\u00e4chste Projekt in meinem Buch sind rundgestrickte Handstulpen. Dazu habe ich mir zum Geburtstag das praktische Nadelspiel-Set von KnitPro schenken lassen. Das Rundstricknadeln-Deluxe-Set gab es schon zu Weihnachten. ;) Heute habe ich mir neues Garn gekauft; die Stulpen - und die darauf folgende\u2026","rel":"","context":"In &quot;Stricken&quot;","block_context":{"text":"Stricken","link":"https:\/\/stichelstube.capricorna.de\/wordpress\/category\/stricken\/"},"img":{"alt_text":"","src":"https:\/\/i0.wp.com\/www.capricorna.de\/naehen\/pics_knit\/20110105_geschenk.jpg?resize=350%2C200","width":350,"height":200},"classes":[]},{"id":853,"url":"https:\/\/stichelstube.capricorna.de\/wordpress\/2011\/09\/03\/leichte-nadelarbeiten\/","url_meta":{"origin":325,"position":1},"title":"Leichte Nadelarbeiten","author":"Kerstin","date":"3. September 2011","format":false,"excerpt":"Nach dem N\u00e4hmarathon mit meinem Marine-Kleid ist jetzt wieder etwas Abwechslung angesagt, mit Stricken. Nachdem mein erster Pullover recht zufriedenstellend geworden ist, habe ich den zweiten sofort angefangen, und bereits einen \u00c4rmel fertig gestellt. In glatt rechts und Nadelst\u00e4rke 5 auch kein Wunder, in einem kuscheligen Mohair-Mix. Und bei den\u2026","rel":"","context":"In &quot;Allgemein&quot;","block_context":{"text":"Allgemein","link":"https:\/\/stichelstube.capricorna.de\/wordpress\/category\/allgemein\/"},"img":{"alt_text":"","src":"https:\/\/i0.wp.com\/www.capricorna.de\/naehen\/blogpics\/20110901_lacetest.jpg?resize=350%2C200","width":350,"height":200,"srcset":"https:\/\/i0.wp.com\/www.capricorna.de\/naehen\/blogpics\/20110901_lacetest.jpg?resize=350%2C200 1x, https:\/\/i0.wp.com\/www.capricorna.de\/naehen\/blogpics\/20110901_lacetest.jpg?resize=525%2C300 1.5x"},"classes":[]},{"id":310,"url":"https:\/\/stichelstube.capricorna.de\/wordpress\/2006\/08\/18\/meine-kleine-bernina-zicke\/","url_meta":{"origin":325,"position":2},"title":"Meine kleine Bernina-Zicke&#8230;","author":"Kerstin","date":"18. August 2006","format":false,"excerpt":"... hat mich in den letzten Tagen halb zur Verzweiflung getrieben!Nachdem ich ja bei meinem letzten T-Shirt schon Probleme mit Fehlstichen hatte, habe ich vor dem n\u00e4chsten Projekt den Stoff getestet - ein rutschiger Polyester-Jersey. Und wieder gab es Fehlstiche am laufenden Band!Beim letzten Mal hatte ich durch anderes Garn\u2026","rel":"","context":"In &quot;Allgemein&quot;","block_context":{"text":"Allgemein","link":"https:\/\/stichelstube.capricorna.de\/wordpress\/category\/allgemein\/"},"img":{"alt_text":"","src":"","width":0,"height":0},"classes":[]},{"id":790,"url":"https:\/\/stichelstube.capricorna.de\/wordpress\/2011\/01\/15\/picot-ratsel\/","url_meta":{"origin":325,"position":3},"title":"Picot-R\u00e4tsel&#8230;","author":"Kerstin","date":"15. Januar 2011","format":false,"excerpt":"... gel\u00f6st. Glaube ich jedenfalls. Mein n\u00e4chstes Projekt, die Stulpen, sind, abgesehen vom Rundstricken, ja wieder nur ein einfaches zwei rechts-zwei links-Muster. Aber wie das so ist mit mir, muss ich auch da wieder was ab\u00e4ndern. ;) In meinem sch\u00f6nen Vogue-Buch fiel mir der Picot-Anschlag auf, der eine h\u00fcbsche Kante\u2026","rel":"","context":"In &quot;Stricken&quot;","block_context":{"text":"Stricken","link":"https:\/\/stichelstube.capricorna.de\/wordpress\/category\/stricken\/"},"img":{"alt_text":"Picot, zwei Maschen werden abgekettet","src":"https:\/\/i0.wp.com\/www.capricorna.de\/naehen\/pics_knit\/picot_5.jpg?resize=350%2C200","width":350,"height":200},"classes":[]},{"id":167,"url":"https:\/\/stichelstube.capricorna.de\/wordpress\/2004\/11\/24\/167\/","url_meta":{"origin":325,"position":4},"title":"Mein zweites Paper Piecing-St\u00fcck. :-)\u2026","author":"Kerstin","date":"24. November 2004","format":false,"excerpt":"Mein zweites Paper Piecing-St\u00fcck. :-) Das Muster nennt sich \"Grandmothers Choice\" und ich habe es hier runtergeladen. Es besteht aus drei einzelnen Streifen, die zusammengef\u00fcgt werden. Da musste ich mir ein paar Gedanken machen, bis ich darauf kam, die wichtigen \u00dcberlappungspunkte der Muster mit einer Stecknadel zu fixieren, dann querstecken,\u2026","rel":"","context":"In &quot;Allgemein&quot;","block_context":{"text":"Allgemein","link":"https:\/\/stichelstube.capricorna.de\/wordpress\/category\/allgemein\/"},"img":{"alt_text":"","src":"","width":0,"height":0},"classes":[]},{"id":668,"url":"https:\/\/stichelstube.capricorna.de\/wordpress\/2010\/01\/16\/cover-erfolg\/","url_meta":{"origin":325,"position":5},"title":"Cover-Erfolg","author":"Kerstin","date":"16. Januar 2010","format":false,"excerpt":"Nachdem ich meine Janome-Cover vor kurzem noch am liebsten aus dem Fenster geschmissen h\u00e4tte, weil sie st\u00e4ndig Fehlstiche bei elastischen Stoffen produzierte, habe ich heute einen \u00dcberraschungssieg f\u00fcr mich verbucht! Was habe ich gemacht? Stretch-Nadeln von Schmetz eingesetzt, die mit dem roten Kolben. Bezeichnung: 130\/705 H-PS (Pfaff-Stretch) in der Gr\u00f6\u00dfe\u2026","rel":"","context":"In &quot;Allgemein&quot;","block_context":{"text":"Allgemein","link":"https:\/\/stichelstube.capricorna.de\/wordpress\/category\/allgemein\/"},"img":{"alt_text":"","src":"","width":0,"height":0},"classes":[]}],"_links":{"self":[{"href":"https:\/\/stichelstube.capricorna.de\/wordpress\/wp-json\/wp\/v2\/posts\/325","targetHints":{"allow":["GET"]}}],"collection":[{"href":"https:\/\/stichelstube.capricorna.de\/wordpress\/wp-json\/wp\/v2\/posts"}],"about":[{"href":"https:\/\/stichelstube.capricorna.de\/wordpress\/wp-json\/wp\/v2\/types\/post"}],"author":[{"embeddable":true,"href":"https:\/\/stichelstube.capricorna.de\/wordpress\/wp-json\/wp\/v2\/users\/2"}],"replies":[{"embeddable":true,"href":"https:\/\/stichelstube.capricorna.de\/wordpress\/wp-json\/wp\/v2\/comments?post=325"}],"version-history":[{"count":0,"href":"https:\/\/stichelstube.capricorna.de\/wordpress\/wp-json\/wp\/v2\/posts\/325\/revisions"}],"wp:attachment":[{"href":"https:\/\/stichelstube.capricorna.de\/wordpress\/wp-json\/wp\/v2\/media?parent=325"}],"wp:term":[{"taxonomy":"category","embeddable":true,"href":"https:\/\/stichelstube.capricorna.de\/wordpress\/wp-json\/wp\/v2\/categories?post=325"},{"taxonomy":"post_tag","embeddable":true,"href":"https:\/\/stichelstube.capricorna.de\/wordpress\/wp-json\/wp\/v2\/tags?post=325"}],"curies":[{"name":"wp","href":"https:\/\/api.w.org\/{rel}","templated":true}]}}