{"id":326,"date":"2006-12-27T20:17:00","date_gmt":"2006-12-27T19:17:00","guid":{"rendered":"http:\/\/stichelstube.capricorna.de\/wordpress\/2006\/12\/27\/das-kleine-warme-handchen\/"},"modified":"2006-12-27T20:17:00","modified_gmt":"2006-12-27T19:17:00","slug":"das-kleine-warme-handchen","status":"publish","type":"post","link":"https:\/\/stichelstube.capricorna.de\/wordpress\/2006\/12\/27\/das-kleine-warme-handchen\/","title":{"rendered":"Das kleine warme H\u00e4ndchen"},"content":{"rendered":"<p><a href=\"https:\/\/i0.wp.com\/photos1.blogger.com\/x\/blogger\/1114\/37\/1600\/822448\/AdamsFamilyHand.jpg\"><img data-recalc-dims=\"1\" decoding=\"async\" style=\"display:block; margin:0px auto 10px; text-align:center;cursor:pointer; cursor:hand;\" src=\"https:\/\/i0.wp.com\/photos1.blogger.com\/x\/blogger\/1114\/37\/400\/569230\/AdamsFamilyHand.jpg?w=840\" border=\"0\" alt=\"\" \/><\/a><\/p>\n<p>Darf ich vorstellen: Mein neuer Handw\u00e4rmer.<\/p>\n<p>Den Schnitt habe ich mir von einer gekauften Stulpe abgenommen, die ich k\u00fcrzlich auf dem Handwerkermarkt auf Schlo\u00df Burg gekauft habe (leider wei\u00df ich den Namen des H\u00e4ndlers nicht). Das ist mein erstes Probemodell aus kuscheligem Fleece.<\/p>\n<p>Meine H\u00e4nde &#8211; und F\u00fc\u00dfe &#8211; sind meistens k\u00e4lter als der Rest meines K\u00f6rpers, und jetzt im Winter ist es immer besonders schlimm. Ganz besonders kalt wird meine rechte Hand, wenn ich sie stundenlang auf der Maus liegen habe; bei der Arbeit oder zu Hause. Heute war es dann im B\u00fcro nochmal extra ungem\u00fctlich, weil die Heizung sich angeblich nach der Feiertagspause nicht richtig hochfahren lie\u00df&#8230; l\u00e4uft die etwa unter Windows?!<\/p>\n<p>Ich hatte schon l\u00e4nger vorgehabt, meine gekaufte Stulpe nachzun\u00e4hen, und die B\u00fcro-Kaltfront heute war nun der letzte Anla\u00df. Die gekaufte ist aus dickem Walk, hat innen einen Lederbesatz und die Kante an den Fingern ist mit Lederstreifen eingefasst. Insgesamt wird sie damit zu dick, um bequem mit der Maus navigieren zu k\u00f6nnen. Mein erstes Probemodell ist daher aus Fleece, plain and simple, ohne irgendwelche Bes\u00e4tze oder Schr\u00e4gstreifen, und so wesentlich geeigneter f\u00fcr die B\u00fcroarbeit. Der Fleece m\u00fcsste etwas dehnf\u00e4higer sein; dieses Modell ist jetzt etwas eng, aber es geht. Ich habe sie gerade schon an. Ich glaube, dieses Modell werde ich f\u00fcrs erste im B\u00fcro deponieren, damit ich sie dort immer griffbereit habe \ud83d\ude42<\/p>\n","protected":false},"excerpt":{"rendered":"<p>Darf ich vorstellen: Mein neuer Handw\u00e4rmer. Den Schnitt habe ich mir von einer gekauften Stulpe abgenommen, die ich k\u00fcrzlich auf dem Handwerkermarkt auf Schlo\u00df Burg gekauft habe (leider wei\u00df ich den Namen des H\u00e4ndlers nicht). Das ist mein erstes Probemodell aus kuscheligem Fleece. Meine H\u00e4nde &#8211; und F\u00fc\u00dfe &#8211; sind meistens k\u00e4lter als der Rest &hellip; <a href=\"https:\/\/stichelstube.capricorna.de\/wordpress\/2006\/12\/27\/das-kleine-warme-handchen\/\" class=\"more-link\"><span class=\"screen-reader-text\">\u201eDas kleine warme H\u00e4ndchen\u201c <\/span>weiterlesen<\/a><\/p>\n","protected":false},"author":2,"featured_media":0,"comment_status":"open","ping_status":"open","sticky":false,"template":"","format":"standard","meta":{"jetpack_post_was_ever_published":false,"_jetpack_newsletter_access":"","_jetpack_dont_email_post_to_subs":false,"_jetpack_newsletter_tier_id":0,"_jetpack_memberships_contains_paywalled_content":false,"_jetpack_memberships_contains_paid_content":false,"footnotes":"","jetpack_publicize_message":"","jetpack_publicize_feature_enabled":true,"jetpack_social_post_already_shared":false,"jetpack_social_options":{"image_generator_settings":{"template":"highway","default_image_id":0,"font":"","enabled":false},"version":2}},"categories":[1],"tags":[],"class_list":["post-326","post","type-post","status-publish","format-standard","hentry","category-allgemein"],"jetpack_publicize_connections":[],"jetpack_featured_media_url":"","jetpack_sharing_enabled":true,"jetpack_shortlink":"https:\/\/wp.me\/p6Znca-5g","jetpack-related-posts":[{"id":351,"url":"https:\/\/stichelstube.capricorna.de\/wordpress\/2007\/08\/02\/verkaufer-die-nichts-verkaufen-wollen\/","url_meta":{"origin":326,"position":0},"title":"Verk\u00e4ufer, die nichts verkaufen wollen","author":"Kerstin","date":"2. August 2007","format":false,"excerpt":"Heute war ich im Stoffladen auf der Suche nach einem Bolero-Stoff. Mein Brautkleid ist schulterfrei, und ich f\u00fcrchtete, dass mir das im Laufe des Tages zu kalt werden w\u00fcrde, zumal es ja Oktober sein wird.Da es unm\u00f6glich ist, genau den passenden Hellblau-Ton zu finden, hatte ich \u00fcberlegt, eine Kontrastfarbe zu\u2026","rel":"","context":"In &quot;Allgemein&quot;","block_context":{"text":"Allgemein","link":"https:\/\/stichelstube.capricorna.de\/wordpress\/category\/allgemein\/"},"img":{"alt_text":"","src":"","width":0,"height":0},"classes":[]},{"id":146,"url":"https:\/\/stichelstube.capricorna.de\/wordpress\/2004\/08\/26\/146\/","url_meta":{"origin":326,"position":1},"title":"Gestern war ich in der\u2026","author":"Kerstin","date":"26. August 2004","format":false,"excerpt":"Gestern war ich in der Stadt und wollte eigentlich im Kaufhof mal wieder nach einer Hose oder Jeans gucken. Dann habe ich mal bei \"Zero\" vorbeigeschaut, und bin bei einem rosafarbenen Polo-Shirt und einer braunen Strickjacke beinahe schwach geworden... Ich w\u00e4re fr\u00fcher nie auf die Idee gekommen, rosa anzuziehen, aber\u2026","rel":"","context":"In &quot;Allgemein&quot;","block_context":{"text":"Allgemein","link":"https:\/\/stichelstube.capricorna.de\/wordpress\/category\/allgemein\/"},"img":{"alt_text":"","src":"","width":0,"height":0},"classes":[]},{"id":157,"url":"https:\/\/stichelstube.capricorna.de\/wordpress\/2004\/10\/05\/157\/","url_meta":{"origin":326,"position":2},"title":"Nachdem am Montag unser N\u00e4hkurs\u2026","author":"Kerstin","date":"5. Oktober 2004","format":false,"excerpt":"Nachdem am Montag unser N\u00e4hkurs kurzfristig ausgefallen war, habe ich den Abend trotzdem zum N\u00e4hen genutzt. Ich habe aus einem der Patchworkstoffe von eQuilter.com eine einfache Einkaufstasche gemacht: Naja, so nullachtfuffzehn ist sie nat\u00fcrlich nicht, denn ich habe zwei verschieden lange Henkelpaare gemacht. Vor einiger Zeit bekam ich einen dieser\u2026","rel":"","context":"In &quot;Allgemein&quot;","block_context":{"text":"Allgemein","link":"https:\/\/stichelstube.capricorna.de\/wordpress\/category\/allgemein\/"},"img":{"alt_text":"","src":"","width":0,"height":0},"classes":[]},{"id":199,"url":"https:\/\/stichelstube.capricorna.de\/wordpress\/2005\/04\/09\/199\/","url_meta":{"origin":326,"position":3},"title":"So sieht meine Tunika bislang\u2026","author":"Kerstin","date":"9. April 2005","format":false,"excerpt":"So sieht meine Tunika bislang aus: Bis auf den Saum und den Knopfverschluss oben ist sie fertig :-)Ich habe den Schnitt leicht ge\u00e4ndert: Den Saum habe ich abgerundet, damit es nicht so sackig aussieht, ausserdem wirken die Beine von der Seite dann l\u00e4nger. Und den Ausschnitt habe ich nicht mit\u2026","rel":"","context":"In &quot;Allgemein&quot;","block_context":{"text":"Allgemein","link":"https:\/\/stichelstube.capricorna.de\/wordpress\/category\/allgemein\/"},"img":{"alt_text":"","src":"","width":0,"height":0},"classes":[]},{"id":203,"url":"https:\/\/stichelstube.capricorna.de\/wordpress\/2005\/05\/02\/203\/","url_meta":{"origin":326,"position":4},"title":"Nachdem ich einige Schwierigkeiten mit\u2026","author":"Kerstin","date":"2. Mai 2005","format":false,"excerpt":"Nachdem ich einige Schwierigkeiten mit der Post und danach mit UPS hatte, habe ich nun endlich meine Artbin-Boxen f\u00fcr das N\u00e4hgarn erhalten *freu*Von jetzt an hat das Kramen in einer zu kleinen Kiste ein Ende, und f\u00fcr meine Unterfadenspulen hab ich auch direkt eine Box gekauft. Ich war ziemlich \u00fcberrascht,\u2026","rel":"","context":"In &quot;Allgemein&quot;","block_context":{"text":"Allgemein","link":"https:\/\/stichelstube.capricorna.de\/wordpress\/category\/allgemein\/"},"img":{"alt_text":"","src":"","width":0,"height":0},"classes":[]},{"id":522,"url":"https:\/\/stichelstube.capricorna.de\/wordpress\/2009\/03\/01\/noch%c2%b4n-test\/","url_meta":{"origin":326,"position":5},"title":"Noch\u00b4n Test","author":"Kerstin","date":"1. M\u00e4rz 2009","format":false,"excerpt":"Mal wieder so konzentriert l\u00e4ngere Zeit am St\u00fcck zu n\u00e4hen macht wirklich Spa\u00df! :) Heute habe ich gut drei Stunden damit verbracht, die Probebluse zuzuschneiden, zu markieren - so viele Linien im Vorderteil! - und zu n\u00e4hen. Hier ist sie, wobei es in echt wirklich noch besser aussieht: Mein G\u00f6Ga\u2026","rel":"","context":"In &quot;Allgemein&quot;","block_context":{"text":"Allgemein","link":"https:\/\/stichelstube.capricorna.de\/wordpress\/category\/allgemein\/"},"img":{"alt_text":"","src":"https:\/\/i0.wp.com\/www.capricorna.de\/naehen\/blogpics\/bluse_test_106.jpg?resize=350%2C200","width":350,"height":200},"classes":[]}],"_links":{"self":[{"href":"https:\/\/stichelstube.capricorna.de\/wordpress\/wp-json\/wp\/v2\/posts\/326","targetHints":{"allow":["GET"]}}],"collection":[{"href":"https:\/\/stichelstube.capricorna.de\/wordpress\/wp-json\/wp\/v2\/posts"}],"about":[{"href":"https:\/\/stichelstube.capricorna.de\/wordpress\/wp-json\/wp\/v2\/types\/post"}],"author":[{"embeddable":true,"href":"https:\/\/stichelstube.capricorna.de\/wordpress\/wp-json\/wp\/v2\/users\/2"}],"replies":[{"embeddable":true,"href":"https:\/\/stichelstube.capricorna.de\/wordpress\/wp-json\/wp\/v2\/comments?post=326"}],"version-history":[{"count":0,"href":"https:\/\/stichelstube.capricorna.de\/wordpress\/wp-json\/wp\/v2\/posts\/326\/revisions"}],"wp:attachment":[{"href":"https:\/\/stichelstube.capricorna.de\/wordpress\/wp-json\/wp\/v2\/media?parent=326"}],"wp:term":[{"taxonomy":"category","embeddable":true,"href":"https:\/\/stichelstube.capricorna.de\/wordpress\/wp-json\/wp\/v2\/categories?post=326"},{"taxonomy":"post_tag","embeddable":true,"href":"https:\/\/stichelstube.capricorna.de\/wordpress\/wp-json\/wp\/v2\/tags?post=326"}],"curies":[{"name":"wp","href":"https:\/\/api.w.org\/{rel}","templated":true}]}}