{"id":328,"date":"2007-01-20T18:40:00","date_gmt":"2007-01-20T17:40:00","guid":{"rendered":"http:\/\/stichelstube.capricorna.de\/wordpress\/2007\/01\/20\/locken-los\/"},"modified":"2007-01-20T18:40:00","modified_gmt":"2007-01-20T17:40:00","slug":"locken-los","status":"publish","type":"post","link":"https:\/\/stichelstube.capricorna.de\/wordpress\/2007\/01\/20\/locken-los\/","title":{"rendered":"Locken-los"},"content":{"rendered":"<p>Heute habe ich es endlich geschafft, meine Ovi zum H\u00e4ndler zu bringen. Beim letzten N\u00e4h-Versuch vor ein paar Tagen hat die linke Nadel wieder nur Fehlstiche produziert. Ich habe wieder einige Sachen ausprobiert, neue Nadel, neues Garn, unterschiedliche Stiche &#8211; immer neu eingef\u00e4delt nat\u00fcrlich &#8211; auf unterschiedlichem Stoff, aber jedes Mal das Gleiche. *nerv*<\/p>\n<p>Ich bin dann heute Vormittag zum H\u00e4ndler nach Leverkusen gefahren, wo ich sie vor einem Jahr gekauft hatte. Die Verk\u00e4uferin hat neu eingef\u00e4delt, eine neue Nadel eingesetzt, und zum Testen eine d\u00fcnne Baumwolle genommen. &#8222;Gottseidank&#8220; hat meine kleine Zicke sofort den Fehler reproduziert &#8211; es gibt ja nichts schlimmeres, als wenn man beim H\u00e4ndler einen Fehler zeigen will und hat dann den Vorf\u00fchreffekt und alles ist in Ordnung&#8230; Sie haben sie dann also dabehalten, und in einer Woche w\u00e4re sie vermutlich fertig. Bin mal gespannt.<\/p>\n<p>Da ich schon mal im Stoffladen war, suchte ich noch nach einem neuen Hosenstoff, wurde aber nicht f\u00fcndig. Ich bin dann in K\u00f6ln nochmal in meinen lokalen Lieblings-Dealer, Korst, gegangen, und habe mir da einen geg\u00f6nnt. War zwar nicht genau das, was mir vorschwebte, aber ich brauche ganz, ganz dringend neue Hosen.<\/p>\n<p>Erst sp\u00e4ter habe ich zu Hause festgestellt, dass die Hose, die ich gerade trug, einen Ri\u00df an einer kritischen Stelle hat&#8230; \ud83d\ude09<br \/>Kann aber erst zu Hause passiert sein; das h\u00e4tte ich drau\u00dfen gemerkt, wenn es reingezogen h\u00e4tte *lol*<br \/>Reparieren hat bei solchen Sch\u00e4den meines Erachtens nach keinen Sinn, weil der Stoff im gesamten Bereich jetzt so d\u00fcnn ist, dass das nicht lange halten w\u00fcrde. Lieber was sch\u00f6nes, neues n\u00e4hen \ud83d\ude42<\/p>\n<p>Tja, jetzt muss ich mich wirklich mal ranhalten mit dem N\u00e4hen. Ich wollte schon l\u00e4nger einen neuen Hosenschnitt von der ersten Schnittvision-CD ausprobieren, hatte es bislang aber aus Faulheit immer wieder vor mir hergeschoben. Da werde ich mich dann sp\u00e4testens morgen mal dranmachen m\u00fcssen&#8230; Zusammen mit der Sch\u00fcrze f\u00fcr meinen S\u00fc\u00dfen, die ich immerhin letztens schon zugeschnitten habe. Es wird eine ganz besondere Sch\u00fcrze, aber ich kann hier leider noch nichts verraten, weil es ja ein Geschenk ist. \ud83d\ude42<\/p>\n","protected":false},"excerpt":{"rendered":"<p>Heute habe ich es endlich geschafft, meine Ovi zum H\u00e4ndler zu bringen. Beim letzten N\u00e4h-Versuch vor ein paar Tagen hat die linke Nadel wieder nur Fehlstiche produziert. Ich habe wieder einige Sachen ausprobiert, neue Nadel, neues Garn, unterschiedliche Stiche &#8211; immer neu eingef\u00e4delt nat\u00fcrlich &#8211; auf unterschiedlichem Stoff, aber jedes Mal das Gleiche. *nerv* Ich &hellip; <a href=\"https:\/\/stichelstube.capricorna.de\/wordpress\/2007\/01\/20\/locken-los\/\" class=\"more-link\"><span class=\"screen-reader-text\">\u201eLocken-los\u201c <\/span>weiterlesen<\/a><\/p>\n","protected":false},"author":2,"featured_media":0,"comment_status":"open","ping_status":"open","sticky":false,"template":"","format":"standard","meta":{"jetpack_post_was_ever_published":false,"_jetpack_newsletter_access":"","_jetpack_dont_email_post_to_subs":false,"_jetpack_newsletter_tier_id":0,"_jetpack_memberships_contains_paywalled_content":false,"_jetpack_memberships_contains_paid_content":false,"footnotes":"","jetpack_publicize_message":"","jetpack_publicize_feature_enabled":true,"jetpack_social_post_already_shared":false,"jetpack_social_options":{"image_generator_settings":{"template":"highway","default_image_id":0,"font":"","enabled":false},"version":2}},"categories":[1],"tags":[],"class_list":["post-328","post","type-post","status-publish","format-standard","hentry","category-allgemein"],"jetpack_publicize_connections":[],"jetpack_featured_media_url":"","jetpack_sharing_enabled":true,"jetpack_shortlink":"https:\/\/wp.me\/p6Znca-5i","jetpack-related-posts":[{"id":310,"url":"https:\/\/stichelstube.capricorna.de\/wordpress\/2006\/08\/18\/meine-kleine-bernina-zicke\/","url_meta":{"origin":328,"position":0},"title":"Meine kleine Bernina-Zicke&#8230;","author":"Kerstin","date":"18. August 2006","format":false,"excerpt":"... hat mich in den letzten Tagen halb zur Verzweiflung getrieben!Nachdem ich ja bei meinem letzten T-Shirt schon Probleme mit Fehlstichen hatte, habe ich vor dem n\u00e4chsten Projekt den Stoff getestet - ein rutschiger Polyester-Jersey. Und wieder gab es Fehlstiche am laufenden Band!Beim letzten Mal hatte ich durch anderes Garn\u2026","rel":"","context":"In &quot;Allgemein&quot;","block_context":{"text":"Allgemein","link":"https:\/\/stichelstube.capricorna.de\/wordpress\/category\/allgemein\/"},"img":{"alt_text":"","src":"","width":0,"height":0},"classes":[]},{"id":259,"url":"https:\/\/stichelstube.capricorna.de\/wordpress\/2006\/03\/12\/259\/","url_meta":{"origin":328,"position":1},"title":"So ein Mist... meine Bernina\u2026","author":"Kerstin","date":"12. M\u00e4rz 2006","format":false,"excerpt":"So ein Mist... meine Bernina ist eine kleine Zicke. Hab gerade versucht, die richtige Einstellung f\u00fcr einen Viskose-Jersey zu finden, und der linke Nadelfaden, wo ich das Billig-Garn drin hatte, machte st\u00e4ndig Probleme. Ich hab verschiedene Nadelarten und -gr\u00f6\u00dfen ausprobiert, mit verschieden schlechten Ergebnissen. Dann hab ich das teurere Ovi-Garn\u2026","rel":"","context":"In &quot;Allgemein&quot;","block_context":{"text":"Allgemein","link":"https:\/\/stichelstube.capricorna.de\/wordpress\/category\/allgemein\/"},"img":{"alt_text":"","src":"","width":0,"height":0},"classes":[]},{"id":297,"url":"https:\/\/stichelstube.capricorna.de\/wordpress\/2006\/06\/25\/grundausstattung\/","url_meta":{"origin":328,"position":2},"title":"Grundausstattung","author":"Kerstin","date":"25. Juni 2006","format":false,"excerpt":"Gestern ist meine Bestellung von Peggy Morgenstern angekommen *freu*Zun\u00e4chst einmal ein Reverswinkel aus Alu, mit dem ich rechte Winkel in einem gr\u00f6\u00dferem Ma\u00dfstab als mit dem Geodreick zeichnen kann; er ist 60 x 24 cm. F\u00fcr die ganz langen Strecken - Hosenbeine und sowas - ein Meter-Ma\u00dfstab aus Kunststoff. Zum\u2026","rel":"","context":"In &quot;Allgemein&quot;","block_context":{"text":"Allgemein","link":"https:\/\/stichelstube.capricorna.de\/wordpress\/category\/allgemein\/"},"img":{"alt_text":"","src":"","width":0,"height":0},"classes":[]},{"id":315,"url":"https:\/\/stichelstube.capricorna.de\/wordpress\/2006\/10\/07\/achterbahn\/","url_meta":{"origin":328,"position":3},"title":"Achterbahn&#8230;","author":"Kerstin","date":"7. Oktober 2006","format":false,"excerpt":"Heute war es wieder ein abwechslungsreicher Tag...Gestern telefonierte ich mit meiner Mutter und sie sagte mir, dass meine Nichte wohl noch ein paar mehr Krabbelhosen gebrauchen k\u00f6nnte. Also dachte ich, mache ich zu dem Stofftier noch ein Geschenk. Heute morgen habe ich mir schnell ein passendes Schnittmuster aus meiner kleinen\u2026","rel":"","context":"In &quot;Allgemein&quot;","block_context":{"text":"Allgemein","link":"https:\/\/stichelstube.capricorna.de\/wordpress\/category\/allgemein\/"},"img":{"alt_text":"","src":"","width":0,"height":0},"classes":[]},{"id":451,"url":"https:\/\/stichelstube.capricorna.de\/wordpress\/2008\/10\/23\/eingerostet\/","url_meta":{"origin":328,"position":4},"title":"Eingerostet&#8230;","author":"Kerstin","date":"23. Oktober 2008","format":false,"excerpt":"... bin ich wohl w\u00e4hrend meiner \u00fcber dreimonatigen N\u00e4hpause. Mein N\u00e4hzimmer habe ich inzwischen wieder; am letzten Wochenende habe ich mein neues Zimmerchen bezogen und meine N\u00e4hmaschine und meine Ovi aus ihren Transportverpackungen geholt und frisch eingef\u00e4delt. *freu* Ein wenig habe ich auch versucht, zu n\u00e4hen, aber ich mache derzeit\u2026","rel":"","context":"In &quot;Allgemein&quot;","block_context":{"text":"Allgemein","link":"https:\/\/stichelstube.capricorna.de\/wordpress\/category\/allgemein\/"},"img":{"alt_text":"","src":"","width":0,"height":0},"classes":[]},{"id":330,"url":"https:\/\/stichelstube.capricorna.de\/wordpress\/2007\/02\/18\/lockchen-lammfromm\/","url_meta":{"origin":328,"position":5},"title":"L\u00f6ckchen, lammfromm","author":"Kerstin","date":"18. Februar 2007","format":false,"excerpt":"Am 20. Januar hatte ich ja meine kleine Ovi-Zicke zum H\u00e4ndler gebracht, weil die linke Nadel st\u00e4ndig Stiche ausliess. Bereits drei Tage sp\u00e4ter erhielt ich einen Anruf, dass ich sie wieder abholen k\u00f6nnte *freu*Der Nadelschutz hatte sich verstellt, wurde mir gesagt, und die Reparatur ging auf Garantie, also kostenfrei *doppelfreu*Zu\u2026","rel":"","context":"In &quot;Allgemein&quot;","block_context":{"text":"Allgemein","link":"https:\/\/stichelstube.capricorna.de\/wordpress\/category\/allgemein\/"},"img":{"alt_text":"","src":"","width":0,"height":0},"classes":[]}],"_links":{"self":[{"href":"https:\/\/stichelstube.capricorna.de\/wordpress\/wp-json\/wp\/v2\/posts\/328","targetHints":{"allow":["GET"]}}],"collection":[{"href":"https:\/\/stichelstube.capricorna.de\/wordpress\/wp-json\/wp\/v2\/posts"}],"about":[{"href":"https:\/\/stichelstube.capricorna.de\/wordpress\/wp-json\/wp\/v2\/types\/post"}],"author":[{"embeddable":true,"href":"https:\/\/stichelstube.capricorna.de\/wordpress\/wp-json\/wp\/v2\/users\/2"}],"replies":[{"embeddable":true,"href":"https:\/\/stichelstube.capricorna.de\/wordpress\/wp-json\/wp\/v2\/comments?post=328"}],"version-history":[{"count":0,"href":"https:\/\/stichelstube.capricorna.de\/wordpress\/wp-json\/wp\/v2\/posts\/328\/revisions"}],"wp:attachment":[{"href":"https:\/\/stichelstube.capricorna.de\/wordpress\/wp-json\/wp\/v2\/media?parent=328"}],"wp:term":[{"taxonomy":"category","embeddable":true,"href":"https:\/\/stichelstube.capricorna.de\/wordpress\/wp-json\/wp\/v2\/categories?post=328"},{"taxonomy":"post_tag","embeddable":true,"href":"https:\/\/stichelstube.capricorna.de\/wordpress\/wp-json\/wp\/v2\/tags?post=328"}],"curies":[{"name":"wp","href":"https:\/\/api.w.org\/{rel}","templated":true}]}}