{"id":330,"date":"2007-02-18T15:50:00","date_gmt":"2007-02-18T14:50:00","guid":{"rendered":"http:\/\/stichelstube.capricorna.de\/wordpress\/2007\/02\/18\/lockchen-lammfromm\/"},"modified":"2007-02-18T15:50:00","modified_gmt":"2007-02-18T14:50:00","slug":"lockchen-lammfromm","status":"publish","type":"post","link":"https:\/\/stichelstube.capricorna.de\/wordpress\/2007\/02\/18\/lockchen-lammfromm\/","title":{"rendered":"L\u00f6ckchen, lammfromm"},"content":{"rendered":"<p>Am <a href=\"http:\/\/stichelstube.blogspot.com\/2007\/01\/locken-los.html\" target=\"_blank\">20. Januar<\/a> hatte ich ja meine kleine Ovi-Zicke zum H\u00e4ndler gebracht, weil die linke Nadel st\u00e4ndig Stiche ausliess. Bereits drei Tage sp\u00e4ter erhielt ich einen Anruf, dass ich sie wieder abholen k\u00f6nnte *freu*<\/p>\n<p>Der Nadelschutz hatte sich verstellt, wurde mir gesagt, und die Reparatur ging auf Garantie, also kostenfrei *doppelfreu*<\/p>\n<p>Zu Hause habe ich dann noch einige Tage Anlaufzeit gebraucht, ehe ich mich wieder dran traute&#8230; Aber, es klappte alles ganz wunderbar. \ud83d\ude42<\/p>\n<p>Ich habe mich dann direkt daran gemacht, einige Ufos abzuarbeiten, n\u00e4mlich die T-Shirts, die hier schon seit Oktober letzten Jahres unfertig herumgelegen haben. Bis auf eines habe ich alle fertig. Mit der Ovi habe ich den Saum mit dem Blindstichfu\u00df gemacht; das klappte sehr gut. Dann musste ich noch die \u00c4rmel s\u00e4umen bzw. die Armausschnitte mit Schr\u00e4gband einfassen und den Halsausschnitt einfassen. So langsam w\u00e4chst mein T-Shirt- und Top-Stapel im Schrank wieder, nachdem er nach meiner letzten Ausmist-Aktion ja arg geschrumpft war. \ud83d\ude42<\/p>\n<p>Morgen habe ich einen Tag Urlaub &#8211; Rosenmontag. F\u00fcr mich w\u00e4re das ein ganz normaler Arbeitstag, aber da die Firma, in der ich eingesetzt bin, an dem Tag gr\u00f6sstenteils geschlossen ist und der Zugweg praktisch direkt um das Geb\u00e4ude herumf\u00fchrt, macht es keinen Sinn, sich in das Get\u00fcmmel der Innenstadt zu st\u00fcrzen und dann praktisch alleine im B\u00fcro herum zu sitzen. Also ein Tag &#8222;Zwangsurlaub&#8220; f\u00fcr mich.<\/p>\n<p>Das lange Wochenende nutze ich sehr produktiv. Gestern habe ich meine Festplatte gr\u00fcndlich aufger\u00e4umt, und jetzt wieder ausreichend Speicherplatz zur Verf\u00fcgung. Es sammelt sich doch einiges an, wenn man soviel im Internet herumkrost wie ich. \ud83d\ude09<\/p>\n<p>Und den heutigen Tag verbringe ich mit Flick- und \u00c4nderungsarbeiten *seufz*. Bei meiner neuen Outdoor-Jacke war der Aufh\u00e4nger abgerissen, den habe ich wieder angen\u00e4ht &#8211; nach Wochen&#8230;<\/p>\n<p>Dann k\u00fcrze ich gerade eine Jeans nach dieser <a href=\"http:\/\/hobbyschneiderin.net\/portal\/showthread.php?t=1008\" target=\"_blank\">sch\u00f6nen Anleitung<\/a>, bei der der originale stone-washed-Saum beibehalten wird. Klappt sehr gut \ud83d\ude42<\/p>\n<p>Ausserdem stehen noch zwei \u00c4rmelb\u00fcndchen zum Ums\u00e4umen an; der Pullover wandert dann allerdings in die Kleidersammlung f\u00fcr <a href=\"http:\/\/www.oxfam.de\/\" target=\"_blank\">Oxfam<\/a>, obwohl es ein selbstgen\u00e4hter ist &#8211; aber die Farben sind nicht mehr &#8222;meine&#8220;, also weg damit.<\/p>\n<p>Und dann w\u00fcrde ich gerne bei einer \u00e4lteren gekauften Bluse den Saum k\u00fcrzen und im R\u00fccken zwei L\u00e4ngsabn\u00e4her einarbeiten, weil der Stil etwas zu l\u00e4ssig ist f\u00fcr die heutige Optik und meinen Geschmack. Mal gucken, ob das was wird, oder ob sie danach auch in die Kleidersammlung kommt.<\/p>\n<p>Also noch einiges vor heute, und ich geh\u00f6re nicht zu den schnellsten N\u00e4herinnen.<\/p>\n<p>Und morgen &#8211; also, morgen, wird dann wieder was Neues in Angriff genommen, sozusagen als Belohnung. \ud83d\ude42<\/p>\n<p>Neue Hosen stehen immer noch auf meiner Dringlichkeits-Liste ganz oben. Letztens hatte ich einen sch\u00f6nen Schnitt ausprobiert, aber das Ergebnis gefiel mir gar nicht. Zum Teil liegt es am Stoff, zum Teil am Schnitt. Darum werde ich als n\u00e4chstes vermutlich eine Hose nach meinem bew\u00e4hrten Ma\u00dfschnitt machen; da wei\u00df ich wenigstens, dass sie sitzt. Oder doch noch einen Versuch mit einem anderen neuen Schnitt starten; da bin ich noch etwas unschl\u00fcssig. Neue Sachen machen einfach mehr Spa\u00df. \ud83d\ude09<\/p>\n","protected":false},"excerpt":{"rendered":"<p>Am 20. Januar hatte ich ja meine kleine Ovi-Zicke zum H\u00e4ndler gebracht, weil die linke Nadel st\u00e4ndig Stiche ausliess. Bereits drei Tage sp\u00e4ter erhielt ich einen Anruf, dass ich sie wieder abholen k\u00f6nnte *freu* Der Nadelschutz hatte sich verstellt, wurde mir gesagt, und die Reparatur ging auf Garantie, also kostenfrei *doppelfreu* Zu Hause habe ich &hellip; <a href=\"https:\/\/stichelstube.capricorna.de\/wordpress\/2007\/02\/18\/lockchen-lammfromm\/\" class=\"more-link\"><span class=\"screen-reader-text\">\u201eL\u00f6ckchen, lammfromm\u201c <\/span>weiterlesen<\/a><\/p>\n","protected":false},"author":2,"featured_media":0,"comment_status":"open","ping_status":"open","sticky":false,"template":"","format":"standard","meta":{"jetpack_post_was_ever_published":false,"_jetpack_newsletter_access":"","_jetpack_dont_email_post_to_subs":false,"_jetpack_newsletter_tier_id":0,"_jetpack_memberships_contains_paywalled_content":false,"_jetpack_memberships_contains_paid_content":false,"footnotes":"","jetpack_publicize_message":"","jetpack_publicize_feature_enabled":true,"jetpack_social_post_already_shared":false,"jetpack_social_options":{"image_generator_settings":{"template":"highway","default_image_id":0,"font":"","enabled":false},"version":2}},"categories":[1],"tags":[],"class_list":["post-330","post","type-post","status-publish","format-standard","hentry","category-allgemein"],"jetpack_publicize_connections":[],"jetpack_featured_media_url":"","jetpack_sharing_enabled":true,"jetpack_shortlink":"https:\/\/wp.me\/p6Znca-5k","jetpack-related-posts":[{"id":315,"url":"https:\/\/stichelstube.capricorna.de\/wordpress\/2006\/10\/07\/achterbahn\/","url_meta":{"origin":330,"position":0},"title":"Achterbahn&#8230;","author":"Kerstin","date":"7. Oktober 2006","format":false,"excerpt":"Heute war es wieder ein abwechslungsreicher Tag...Gestern telefonierte ich mit meiner Mutter und sie sagte mir, dass meine Nichte wohl noch ein paar mehr Krabbelhosen gebrauchen k\u00f6nnte. Also dachte ich, mache ich zu dem Stofftier noch ein Geschenk. Heute morgen habe ich mir schnell ein passendes Schnittmuster aus meiner kleinen\u2026","rel":"","context":"In &quot;Allgemein&quot;","block_context":{"text":"Allgemein","link":"https:\/\/stichelstube.capricorna.de\/wordpress\/category\/allgemein\/"},"img":{"alt_text":"","src":"","width":0,"height":0},"classes":[]},{"id":813,"url":"https:\/\/stichelstube.capricorna.de\/wordpress\/2011\/05\/20\/gluckstreffer-oder-dauerlosung\/","url_meta":{"origin":330,"position":1},"title":"Gl\u00fcckstreffer oder Dauerl\u00f6sung?","author":"Kerstin","date":"20. Mai 2011","format":false,"excerpt":"Endlich mal wieder ein fertiges Kleidungsst\u00fcck; ich habe gef\u00fchlt seit Monaten nichts mehr zum Anziehen gen\u00e4ht. Aber meine Stoffberge wachsen mir jetzt so langsam \u00fcber den Kopf, so dass wieder mal dringend Abbau angesagt ist. Au\u00dferdem hab ich vor zwei Wochen einen gro\u00dfen Sack Klamotten aus meinem Kleiderschrank aussortiert und\u2026","rel":"","context":"In &quot;Fertig&quot;","block_context":{"text":"Fertig","link":"https:\/\/stichelstube.capricorna.de\/wordpress\/category\/fertig\/"},"img":{"alt_text":"","src":"https:\/\/i0.wp.com\/www.capricorna.de\/naehen\/pics_fertig\/shirt_swringel.jpg?resize=350%2C200","width":350,"height":200},"classes":[]},{"id":309,"url":"https:\/\/stichelstube.capricorna.de\/wordpress\/2006\/08\/08\/schreibfaul\/","url_meta":{"origin":330,"position":2},"title":"Schreibfaul&#8230;","author":"Kerstin","date":"8. August 2006","format":false,"excerpt":"... war ich in den letzten zwei Wochen, aber nicht n\u00e4hfaul.Ich habe heldenhaft mit einem T-Shirt gek\u00e4mpft, das partout nicht so wollte, wie ich. Das heisst, eigentlich hat zuerst die Ovi angefangen, Probleme zu machen. Das billige ebay-Garn hat mir im linken Nadelfaden wieder mal reichliche Stich-Aussetzer produziert. Beim n\u00e4chsten\u2026","rel":"","context":"In &quot;Allgemein&quot;","block_context":{"text":"Allgemein","link":"https:\/\/stichelstube.capricorna.de\/wordpress\/category\/allgemein\/"},"img":{"alt_text":"","src":"","width":0,"height":0},"classes":[]},{"id":742,"url":"https:\/\/stichelstube.capricorna.de\/wordpress\/2010\/10\/21\/warum-kleidung-mit-lochern\/","url_meta":{"origin":330,"position":3},"title":"Warum Kleidung mit L\u00f6chern&#8230;","author":"Kerstin","date":"21. Oktober 2010","format":false,"excerpt":"... w\u00e4rmender sein kann als solche ohne L\u00f6cher! :D P\u00fcnktlich zum Herbst erscheinen die Strick-Tipps in den Frauenzeitschriften, und die einzige, die ich lese, die \"Brigitte\", macht da keine Ausnahme. Die letzte Strick-Beilage hatte verschiedenste Projekte zu bieten, vom Schal bis zum Zopf-Pullover - wer vieles bringt, wird manchen etwas\u2026","rel":"","context":"In &quot;Allgemein&quot;","block_context":{"text":"Allgemein","link":"https:\/\/stichelstube.capricorna.de\/wordpress\/category\/allgemein\/"},"img":{"alt_text":"","src":"https:\/\/i0.wp.com\/www.capricorna.de\/naehen\/blogpics\/stulpe_grau_1.jpg?resize=350%2C200","width":350,"height":200},"classes":[]},{"id":1232,"url":"https:\/\/stichelstube.capricorna.de\/wordpress\/2015\/10\/11\/schlicht-und-schnell\/","url_meta":{"origin":330,"position":4},"title":"Schlicht und schnell","author":"Kerstin","date":"11. Oktober 2015","format":false,"excerpt":"Ein schnelles Erfolgserlebnis f\u00fcr Zwischendurch: Ein zweites Schlafshirt nach dem bereits bew\u00e4hrten Schnitt # 113 aus der Burda Dezember 2008 (damals, als sie noch Burda Modemagazin hie\u00df). Der Stoff, ein bedruckter Viskose-Jersey der d\u00fcnneren Sorte, ist jetzt auch schon gut vier Jahre abgehangen und nun endlich verarbeitet. Damit z\u00e4hlt dieses\u2026","rel":"","context":"In &quot;Fertig&quot;","block_context":{"text":"Fertig","link":"https:\/\/stichelstube.capricorna.de\/wordpress\/category\/fertig\/"},"img":{"alt_text":"","src":"https:\/\/i0.wp.com\/www.capricorna.de\/naehen\/pics_fertig\/20151011_schlafshirt.jpg?resize=350%2C200","width":350,"height":200},"classes":[]},{"id":281,"url":"https:\/\/stichelstube.capricorna.de\/wordpress\/2006\/04\/29\/mein-erster-freier-abend\/","url_meta":{"origin":330,"position":5},"title":"Mein erster freier Abend&#8230;","author":"Kerstin","date":"29. April 2006","format":false,"excerpt":"... seit einer Woche ;-)Gestern ist das Kleid fertig geworden, an dem ich jeden Abend der letzten Woche gesessen hatte. Und heute habe ich dann das J\u00e4ckchen gemacht: Heute morgen vor dem Fr\u00fchst\u00fcck das Schnittmuster auskopiert und den Stoff ausgeschnitten, nach dem Fr\u00fchst\u00fcck gen\u00e4ht.Dank Ovi gingen die paar kurzen N\u00e4hte\u2026","rel":"","context":"In &quot;Allgemein&quot;","block_context":{"text":"Allgemein","link":"https:\/\/stichelstube.capricorna.de\/wordpress\/category\/allgemein\/"},"img":{"alt_text":"","src":"","width":0,"height":0},"classes":[]}],"_links":{"self":[{"href":"https:\/\/stichelstube.capricorna.de\/wordpress\/wp-json\/wp\/v2\/posts\/330","targetHints":{"allow":["GET"]}}],"collection":[{"href":"https:\/\/stichelstube.capricorna.de\/wordpress\/wp-json\/wp\/v2\/posts"}],"about":[{"href":"https:\/\/stichelstube.capricorna.de\/wordpress\/wp-json\/wp\/v2\/types\/post"}],"author":[{"embeddable":true,"href":"https:\/\/stichelstube.capricorna.de\/wordpress\/wp-json\/wp\/v2\/users\/2"}],"replies":[{"embeddable":true,"href":"https:\/\/stichelstube.capricorna.de\/wordpress\/wp-json\/wp\/v2\/comments?post=330"}],"version-history":[{"count":0,"href":"https:\/\/stichelstube.capricorna.de\/wordpress\/wp-json\/wp\/v2\/posts\/330\/revisions"}],"wp:attachment":[{"href":"https:\/\/stichelstube.capricorna.de\/wordpress\/wp-json\/wp\/v2\/media?parent=330"}],"wp:term":[{"taxonomy":"category","embeddable":true,"href":"https:\/\/stichelstube.capricorna.de\/wordpress\/wp-json\/wp\/v2\/categories?post=330"},{"taxonomy":"post_tag","embeddable":true,"href":"https:\/\/stichelstube.capricorna.de\/wordpress\/wp-json\/wp\/v2\/tags?post=330"}],"curies":[{"name":"wp","href":"https:\/\/api.w.org\/{rel}","templated":true}]}}