{"id":331,"date":"2007-02-23T23:19:00","date_gmt":"2007-02-23T22:19:00","guid":{"rendered":"http:\/\/stichelstube.capricorna.de\/wordpress\/2007\/02\/23\/hose-in-sicht\/"},"modified":"2007-02-23T23:19:00","modified_gmt":"2007-02-23T22:19:00","slug":"hose-in-sicht","status":"publish","type":"post","link":"https:\/\/stichelstube.capricorna.de\/wordpress\/2007\/02\/23\/hose-in-sicht\/","title":{"rendered":"Hose in Sicht?!"},"content":{"rendered":"<p>In den letzten Wochen hatte ich beim N\u00e4hen nicht so viel Gl\u00fcck &#8211; bei einem T-Shirt aus Cloqu\u00e9 ist die Halseinfassung nicht so sch\u00f6n geworden und wartet auf das Trennmesser, bei meiner ersten Schnittvision-Hose waren die Oberschenkel viel zu eng und der Stoff sowieso der falsche f\u00fcr den Schnitt, und die Walkborte f\u00fcr die Franzius-Jacke ist zu dick, und wird wahrscheinlich durch Falzgummi ersetzt. Lief alles nicht so besonders gut.<\/p>\n<p>Aber jetzt ist Hoffnung in Sicht. Aus der <a href=\"http:\/\/www.schnittvision.de\/v2\/\" target=\"_blank\">Schnittvision Vol. 2-Kollektion<\/a> habe ich einen neuen Hosenschnitt probiert. Da es diesmal auch eine Option f\u00fcr &#8222;starke Oberschenkel&#8220; \ud83d\ude09 gibt, wollte ich den Hosen noch eine Chance geben. Und siehe da, es klappt *freu*<\/p>\n<p>Die Hose ist bis auf den Bund und die S\u00e4ume schon fast fertig. In der hinteren Mitte musste ich zwar 3,5 cm wegnehmen, aber das war bei meinem starken Hohlkreuz zu erwarten. Der Rest sieht wirklich gut aus. Zum Testen habe ich einen Poly-Baumwoll-Stoff genommen, der sich etwas k\u00fcnstlich anf\u00fchlt und auch so aussieht, aber es ist noch okay.<\/p>\n<p>Es geht um diese Hose hier, mit der interessanten Nahtf\u00fchrung:<br \/><a href=\"https:\/\/i0.wp.com\/bp0.blogger.com\/_PVjYqTnaavs\/Rd9qhfF2KpI\/AAAAAAAAAAY\/UhjohnElagI\/s1600-h\/sv_hose.jpg\"><img data-recalc-dims=\"1\" decoding=\"async\" style=\"display:block; margin:0px auto 10px; text-align:center;cursor:pointer; cursor:hand;\" src=\"https:\/\/i0.wp.com\/bp0.blogger.com\/_PVjYqTnaavs\/Rd9qhfF2KpI\/AAAAAAAAAAY\/UhjohnElagI\/s400\/sv_hose.jpg?w=840\" border=\"0\" alt=\"\"id=\"BLOGGER_PHOTO_ID_5034860031937751698\" \/><\/a><\/p>\n<p>Die r\u00fcckw\u00e4rtige Passe zieht sich nach vorne und wird zum Taschenbeutel. In meinem jetzigen Stoff, ein schwarzes, leicht gl\u00e4nzendes Gewebe mit feinen Quer-Rillen, f\u00e4llt das kaum auf. Ich kann mir die Hose f\u00fcr den Sommer auch gut in einem Leinen-Stoff vorstellen, und wenn man die Passen-Naht dann noch durch Ziersteppung in Kontrastfarbe betont, wird das bestimmt ein Hingucker. Das wird bestimmt nicht meine letzte Version dieser Hose \ud83d\ude42<\/p>\n<p>Au\u00dferdem habe ich ein wenig Post erhalten, und zwar unter anderem einen 80 cm langen Rei\u00dfverschluss, der f\u00fcr meine halbfertige Fahrradtasche bestimmt ist, sowie ein McCalls-Schnittmuster mit einer interessanten Wickelbluse. Mein Freund hat schon angek\u00fcndigt, dass er am Wochenende etwas an Arbeit zu erledigen hat, darum werde ich vermutlich viel Zeit zum N\u00e4hen haben \ud83d\ude09<\/p>\n","protected":false},"excerpt":{"rendered":"<p>In den letzten Wochen hatte ich beim N\u00e4hen nicht so viel Gl\u00fcck &#8211; bei einem T-Shirt aus Cloqu\u00e9 ist die Halseinfassung nicht so sch\u00f6n geworden und wartet auf das Trennmesser, bei meiner ersten Schnittvision-Hose waren die Oberschenkel viel zu eng und der Stoff sowieso der falsche f\u00fcr den Schnitt, und die Walkborte f\u00fcr die Franzius-Jacke &hellip; <a href=\"https:\/\/stichelstube.capricorna.de\/wordpress\/2007\/02\/23\/hose-in-sicht\/\" class=\"more-link\"><span class=\"screen-reader-text\">\u201eHose in Sicht?!\u201c <\/span>weiterlesen<\/a><\/p>\n","protected":false},"author":2,"featured_media":0,"comment_status":"open","ping_status":"open","sticky":false,"template":"","format":"standard","meta":{"jetpack_post_was_ever_published":false,"_jetpack_newsletter_access":"","_jetpack_dont_email_post_to_subs":false,"_jetpack_newsletter_tier_id":0,"_jetpack_memberships_contains_paywalled_content":false,"_jetpack_memberships_contains_paid_content":false,"footnotes":"","jetpack_publicize_message":"","jetpack_publicize_feature_enabled":true,"jetpack_social_post_already_shared":false,"jetpack_social_options":{"image_generator_settings":{"template":"highway","default_image_id":0,"font":"","enabled":false},"version":2}},"categories":[1],"tags":[],"class_list":["post-331","post","type-post","status-publish","format-standard","hentry","category-allgemein"],"jetpack_publicize_connections":[],"jetpack_featured_media_url":"","jetpack_sharing_enabled":true,"jetpack_shortlink":"https:\/\/wp.me\/p6Znca-5l","jetpack-related-posts":[{"id":335,"url":"https:\/\/stichelstube.capricorna.de\/wordpress\/2007\/03\/13\/hosen-probleme-und-losungen\/","url_meta":{"origin":331,"position":0},"title":"Hosen-Probleme und L\u00f6sungen","author":"Kerstin","date":"13. M\u00e4rz 2007","format":false,"excerpt":"Nachdem ich meine Schnittvision-Hose fast fertig habe, habe ich mich heute nochmal intensiv mit der R\u00fcckansicht besch\u00e4ftigt. Da ist immer noch zuviel Stoff... Ich habe nochmal viel abgen\u00e4ht, aber je besser es dort sitzt, desto mehr f\u00e4llt auf, dass die Oberschenkel hinten zu weit sind. Insgesamt sieht es einfach bl\u00f6d\u2026","rel":"","context":"In &quot;Allgemein&quot;","block_context":{"text":"Allgemein","link":"https:\/\/stichelstube.capricorna.de\/wordpress\/category\/allgemein\/"},"img":{"alt_text":"","src":"","width":0,"height":0},"classes":[]},{"id":595,"url":"https:\/\/stichelstube.capricorna.de\/wordpress\/2009\/06\/29\/ufo-tag\/","url_meta":{"origin":331,"position":1},"title":"Ufo-Tag","author":"Kerstin","date":"29. Juni 2009","format":false,"excerpt":"Angeregt durch einen Beitrag im HS-Forum und genervt von meinem vollgestellten N\u00e4hzimmer, starte ich wieder mal einen neuen Versuch, mich durch meine Ufos zu k\u00e4mpfen. Mein blog-Archiv verr\u00e4t mir, dass meine letzte Ufo-Aktion schlappe zwei Jahre her ist. Und kaum sind Hochzeit, Jobsuche, Umzug und Einleben in der neuen Stadt\u2026","rel":"","context":"In &quot;Ufo&quot;","block_context":{"text":"Ufo","link":"https:\/\/stichelstube.capricorna.de\/wordpress\/category\/ufo\/"},"img":{"alt_text":"Ufo - Franzius-Jacke","src":"https:\/\/i0.wp.com\/www.capricorna.de\/naehen\/blogpics\/Ufo_06_2009_1.jpg?resize=350%2C200","width":350,"height":200},"classes":[]},{"id":328,"url":"https:\/\/stichelstube.capricorna.de\/wordpress\/2007\/01\/20\/locken-los\/","url_meta":{"origin":331,"position":2},"title":"Locken-los","author":"Kerstin","date":"20. Januar 2007","format":false,"excerpt":"Heute habe ich es endlich geschafft, meine Ovi zum H\u00e4ndler zu bringen. Beim letzten N\u00e4h-Versuch vor ein paar Tagen hat die linke Nadel wieder nur Fehlstiche produziert. Ich habe wieder einige Sachen ausprobiert, neue Nadel, neues Garn, unterschiedliche Stiche - immer neu eingef\u00e4delt nat\u00fcrlich - auf unterschiedlichem Stoff, aber jedes\u2026","rel":"","context":"In &quot;Allgemein&quot;","block_context":{"text":"Allgemein","link":"https:\/\/stichelstube.capricorna.de\/wordpress\/category\/allgemein\/"},"img":{"alt_text":"","src":"","width":0,"height":0},"classes":[]},{"id":132,"url":"https:\/\/stichelstube.capricorna.de\/wordpress\/2004\/08\/03\/132\/","url_meta":{"origin":331,"position":3},"title":"Jetzt habe ich mir gerade\u2026","author":"Kerstin","date":"3. August 2004","format":false,"excerpt":"Jetzt habe ich mir gerade zwei ganz preiswerte Probestoffe gekauft. Einen, um den GP-Rockschnitt auszuprobieren, und mit dem anderen will ich noch mal einen Versuch machen, die Hose ohne Seitenn\u00e4hte zu machen. Hoffentlich schaffe ich es diesmal, die Teile richtig zuzuschneiden ;-) Au\u00dferdem habe ich in den Gesch\u00e4ften nach einer\u2026","rel":"","context":"In &quot;Allgemein&quot;","block_context":{"text":"Allgemein","link":"https:\/\/stichelstube.capricorna.de\/wordpress\/category\/allgemein\/"},"img":{"alt_text":"","src":"","width":0,"height":0},"classes":[]},{"id":323,"url":"https:\/\/stichelstube.capricorna.de\/wordpress\/2006\/12\/06\/platzchen\/","url_meta":{"origin":331,"position":4},"title":"Pl\u00e4tzchen!","author":"Kerstin","date":"6. Dezember 2006","format":false,"excerpt":"Seit der Fertigstellung meiner Kombi habe ich wirklich noch keine Lust zum N\u00e4hen gehabt. Daf\u00fcr habe ich mich, wie versprochen, beim Pl\u00e4tzchen backen ausgetobt. Und kurz vor knapp hatte ich letzte Woche noch einen Adventskranz gebastelt.Die letzten zwei Tage und heute habe ich jeden Abend in der K\u00fcche verbracht. Los\u2026","rel":"","context":"In &quot;Allgemein&quot;","block_context":{"text":"Allgemein","link":"https:\/\/stichelstube.capricorna.de\/wordpress\/category\/allgemein\/"},"img":{"alt_text":"","src":"","width":0,"height":0},"classes":[]},{"id":373,"url":"https:\/\/stichelstube.capricorna.de\/wordpress\/2008\/03\/10\/vogue-7608-einstieg-und-ausstieg-2\/","url_meta":{"origin":331,"position":5},"title":"Vogue 7608 &#8211; Einstieg und Ausstieg","author":"Kerstin","date":"10. M\u00e4rz 2008","format":false,"excerpt":"Wie Marion in ihrem Blog bereits geschrieben hatte, wollten wir - unser N\u00e4hkr\u00e4nzchen - uns gemeinsam am Motivationsmonat Jeans beteiligen. Und wir wollten alle nach dem gleichen Schnitt n\u00e4hen, Vogue 7608, ein sehr bekannter Jeans-Schnitt von Sandra Betzina. Ich hatte mir diesen Schnitt bereits vor l\u00e4ngerer Zeit gekauft, und auch\u2026","rel":"","context":"In &quot;Motivationsmonat Jeans&quot;","block_context":{"text":"Motivationsmonat Jeans","link":"https:\/\/stichelstube.capricorna.de\/wordpress\/category\/motivationsmonat-jeans\/"},"img":{"alt_text":"Probemodell Vogue hinten","src":"https:\/\/i0.wp.com\/www.capricorna.de\/naehen\/blogpics\/vogue_7608_back.jpg?resize=350%2C200","width":350,"height":200},"classes":[]}],"_links":{"self":[{"href":"https:\/\/stichelstube.capricorna.de\/wordpress\/wp-json\/wp\/v2\/posts\/331","targetHints":{"allow":["GET"]}}],"collection":[{"href":"https:\/\/stichelstube.capricorna.de\/wordpress\/wp-json\/wp\/v2\/posts"}],"about":[{"href":"https:\/\/stichelstube.capricorna.de\/wordpress\/wp-json\/wp\/v2\/types\/post"}],"author":[{"embeddable":true,"href":"https:\/\/stichelstube.capricorna.de\/wordpress\/wp-json\/wp\/v2\/users\/2"}],"replies":[{"embeddable":true,"href":"https:\/\/stichelstube.capricorna.de\/wordpress\/wp-json\/wp\/v2\/comments?post=331"}],"version-history":[{"count":0,"href":"https:\/\/stichelstube.capricorna.de\/wordpress\/wp-json\/wp\/v2\/posts\/331\/revisions"}],"wp:attachment":[{"href":"https:\/\/stichelstube.capricorna.de\/wordpress\/wp-json\/wp\/v2\/media?parent=331"}],"wp:term":[{"taxonomy":"category","embeddable":true,"href":"https:\/\/stichelstube.capricorna.de\/wordpress\/wp-json\/wp\/v2\/categories?post=331"},{"taxonomy":"post_tag","embeddable":true,"href":"https:\/\/stichelstube.capricorna.de\/wordpress\/wp-json\/wp\/v2\/tags?post=331"}],"curies":[{"name":"wp","href":"https:\/\/api.w.org\/{rel}","templated":true}]}}