{"id":332,"date":"2007-02-28T20:02:00","date_gmt":"2007-02-28T19:02:00","guid":{"rendered":"http:\/\/stichelstube.capricorna.de\/wordpress\/2007\/02\/28\/mit-den-augen-klauen-und-photosession\/"},"modified":"2007-02-28T20:02:00","modified_gmt":"2007-02-28T19:02:00","slug":"mit-den-augen-klauen-und-photosession","status":"publish","type":"post","link":"https:\/\/stichelstube.capricorna.de\/wordpress\/2007\/02\/28\/mit-den-augen-klauen-und-photosession\/","title":{"rendered":"Mit den Augen klauen und Photosession"},"content":{"rendered":"<p>Gestern Abend hatte ich eine sch\u00f6ne Verabredung mit Aud; wir haben zuerst beim China-Mann etwas gegessen, und danach einen ausf\u00fchrlichen Schaufensterbummel rund um die Ehrenstra\u00dfe gemacht. Gut, dass die Gesch\u00e4fte gr\u00f6\u00dftenteils schon geschlossen hatten, sonst k\u00f6nnte man dort die ganze Nacht verbringen. Es gibt dort so viele nette, kleine L\u00e4den mit ausgefallener Mode, dass man best\u00e4ndig mit den Augen klauen kann. Oder eher muss, denn mein Geldbeutel gibt solche Eskapaden leider nicht her. Besonders die Kenzo-Kollektionen in einem Laden hatten es mir angetan; da k\u00f6nnte ich gerade das ganze Schaufenster leer kaufen.<\/p>\n<p>Und mir f\u00e4llt dann immer auf, wie langweilig meine eigenen Klamotten sind&#8230; Ich bin viel zu einfallslos, und leider viel zu typisch deutsch in der Mode &#8211; alles muss immer praktisch sein, ausgefallener Firlefanz ist nicht meins. Auf der einen Seite w\u00e4re ich gerne mode-mutiger, auf der anderen Seite frage ich mich, ob nicht eher ein ganz klares, puristisches Design f\u00fcr mich die L\u00f6sung w\u00e4re. Oder ob ich mich \u00fcberhaupt zwischen diesen Extremen entscheiden muss&#8230;<\/p>\n<p>Naja, es wird besser. Seit meiner Farbberatung ziehe ich erstmals seit Jahren wieder richtige &#8222;bunte&#8220; Farben an, nicht mehr die gedeckten Erdfarben, und f\u00fchle mich sehr gut darin. Und letztes Jahr habe ich ebenfalls zum ersten Mal seit ewig langer Zeit einen Rock im Alltagsleben getragen, nicht nur bei einem &#8222;Anlass&#8220;. Beides kommt f\u00fcr mich fast einer Revolution gleich *g*<\/p>\n<p>Also, es geht aufw\u00e4rts. Und dieses Jahr wird noch besser \ud83d\ude42<\/p>\n<p>Eben habe ich mal die ganzen Shirts und anderen Oberteile fotografiert, die ich in den letzten Monaten fertig gestellt habe. Ist doch wieder einiges zusammen gekommen. Die Bilder findet ihr auf meiner Homepage, auf der Seite <a href=\"http:\/\/www.capricorna.de\/naehen\/naehen_fertig_oberteile.html\" target=\"_blank\">capricorna.de &#8211; Fertige Oberteile<\/a><\/p>\n<p>Hier schon mal ein kleiner Vorgeschmack:<\/p>\n<p>Schnittquelle China-Shirt in petrolfarbenem Viskose-Jersey:<br \/><img data-recalc-dims=\"1\" decoding=\"async\" src=\"https:\/\/i0.wp.com\/www.capricorna.de\/naehen\/pics_fertig\/schnittquelle_petrol.jpg?w=840\" border=\"0\" alt=\"\"\/><\/p>\n<p>Und hier eine Mixtur aus den Schnitten Jalie 2212 und New Look 6415, in einem Stoff, der vor den Augen flimmert \ud83d\ude09<br \/><img data-recalc-dims=\"1\" decoding=\"async\" src=\"https:\/\/i0.wp.com\/www.capricorna.de\/naehen\/pics_fertig\/raglan_flimmer.jpg?w=840\" border=\"0\" alt=\"\"\/><\/p>\n<p>Ansonsten macht mir mein aktuelles Hosen-Projekt immer noch etwas zu schaffen. Ich denke, der Sitz ist jetzt ganz in Ordnung; nicht perfekt, aber eigentlich auch nicht schlimmer als meine gekauften Hosen. Wahrscheinlich f\u00e4llt es eh wieder keinem auf au\u00dfer mir&#8230; \ud83d\ude09<\/p>\n","protected":false},"excerpt":{"rendered":"<p>Gestern Abend hatte ich eine sch\u00f6ne Verabredung mit Aud; wir haben zuerst beim China-Mann etwas gegessen, und danach einen ausf\u00fchrlichen Schaufensterbummel rund um die Ehrenstra\u00dfe gemacht. Gut, dass die Gesch\u00e4fte gr\u00f6\u00dftenteils schon geschlossen hatten, sonst k\u00f6nnte man dort die ganze Nacht verbringen. Es gibt dort so viele nette, kleine L\u00e4den mit ausgefallener Mode, dass man &hellip; <a href=\"https:\/\/stichelstube.capricorna.de\/wordpress\/2007\/02\/28\/mit-den-augen-klauen-und-photosession\/\" class=\"more-link\"><span class=\"screen-reader-text\">\u201eMit den Augen klauen und Photosession\u201c <\/span>weiterlesen<\/a><\/p>\n","protected":false},"author":2,"featured_media":0,"comment_status":"open","ping_status":"open","sticky":false,"template":"","format":"standard","meta":{"jetpack_post_was_ever_published":false,"_jetpack_newsletter_access":"","_jetpack_dont_email_post_to_subs":false,"_jetpack_newsletter_tier_id":0,"_jetpack_memberships_contains_paywalled_content":false,"_jetpack_memberships_contains_paid_content":false,"footnotes":"","jetpack_publicize_message":"","jetpack_publicize_feature_enabled":true,"jetpack_social_post_already_shared":false,"jetpack_social_options":{"image_generator_settings":{"template":"highway","default_image_id":0,"font":"","enabled":false},"version":2}},"categories":[1],"tags":[],"class_list":["post-332","post","type-post","status-publish","format-standard","hentry","category-allgemein"],"jetpack_publicize_connections":[],"jetpack_featured_media_url":"","jetpack_sharing_enabled":true,"jetpack_shortlink":"https:\/\/wp.me\/p6Znca-5m","jetpack-related-posts":[{"id":1252,"url":"https:\/\/stichelstube.capricorna.de\/wordpress\/2016\/01\/30\/inspiration-en-gros\/","url_meta":{"origin":332,"position":0},"title":"Inspiration en gros","author":"Kerstin","date":"30. Januar 2016","format":false,"excerpt":"Wenn ich mich nicht eigens dazu verabredet h\u00e4tte, h\u00e4tte ich bei dem Regenwetter und einer recht kurzen Nacht heute Morgen vermutlich nicht so gerne das kuschelige Bett verlassen. Aber die Aussicht auf nette Gesellschaft bei einem einmaligen Ereignis hat mir das Aufstehen dann doch sehr leicht gemacht. An diesem Wochenende\u2026","rel":"","context":"In &quot;Die Stichelstube unterwegs&quot;","block_context":{"text":"Die Stichelstube unterwegs","link":"https:\/\/stichelstube.capricorna.de\/wordpress\/category\/veranstaltungen\/"},"img":{"alt_text":"","src":"https:\/\/i0.wp.com\/www.capricorna.de\/naehen\/blogpics\/20160130_kostuemverkauf_9.jpg?resize=350%2C200","width":350,"height":200,"srcset":"https:\/\/i0.wp.com\/www.capricorna.de\/naehen\/blogpics\/20160130_kostuemverkauf_9.jpg?resize=350%2C200 1x, https:\/\/i0.wp.com\/www.capricorna.de\/naehen\/blogpics\/20160130_kostuemverkauf_9.jpg?resize=525%2C300 1.5x"},"classes":[]},{"id":228,"url":"https:\/\/stichelstube.capricorna.de\/wordpress\/2005\/10\/02\/228\/","url_meta":{"origin":332,"position":1},"title":"Der Urlaub ist schon wieder\u2026","author":"Kerstin","date":"2. Oktober 2005","format":false,"excerpt":"Der Urlaub ist schon wieder vorbei, und er war einfach wunderbar! Zwei Wochen in England, von Jugendherberge zu Jugendherberge. Wir haben fast das ganze Land gesehen, vom Hadrians-Wall an der schottischen Grenze, den wundersch\u00f6nen Lake District, ein bisschen was von Dartmoor und Exmoor, das aufregende Cornwall, und jede Menge historische\u2026","rel":"","context":"In &quot;Allgemein&quot;","block_context":{"text":"Allgemein","link":"https:\/\/stichelstube.capricorna.de\/wordpress\/category\/allgemein\/"},"img":{"alt_text":"","src":"","width":0,"height":0},"classes":[]},{"id":421,"url":"https:\/\/stichelstube.capricorna.de\/wordpress\/2008\/09\/14\/nadel-faden-osnabruck-2008\/","url_meta":{"origin":332,"position":2},"title":"Nadel &#038; Faden Osnabr\u00fcck 2008","author":"Kerstin","date":"14. September 2008","format":false,"excerpt":"Nachdem ich die letzten Wochen und Monate nur den Umzug im Kopf hatte, habe ich mir heute einen Tag f\u00fcr mein Hobby genommen, und bin nach Osnabr\u00fcck gefahren. In der Friedensstadt, die k\u00fcrzlich eine sehr coole Werbekampagne mit dem Slogan \"Herrlich ehrlich\" gefahren hat, fand dieses Wochenende die Handarbeitsmesse- und\u2026","rel":"","context":"In &quot;Die Stichelstube unterwegs&quot;","block_context":{"text":"Die Stichelstube unterwegs","link":"https:\/\/stichelstube.capricorna.de\/wordpress\/category\/veranstaltungen\/"},"img":{"alt_text":"","src":"https:\/\/i0.wp.com\/www.capricorna.de\/naehen\/blogpics\/osnabrueck_schloss.jpg?resize=350%2C200","width":350,"height":200},"classes":[]},{"id":1456,"url":"https:\/\/stichelstube.capricorna.de\/wordpress\/2017\/10\/22\/sehnsucht-nach-dem-sommer\/","url_meta":{"origin":332,"position":3},"title":"Sehnsucht nach dem Sommer","author":"Kerstin","date":"22. Oktober 2017","format":false,"excerpt":"Der Sommer in Hamburg ist dieses Jahr ja gr\u00f6\u00dftenteils ausgefallen (wieder mal). Trotzdem stelle ich an den wenigen warmen Tagen immer wieder fest, dass mir f\u00fcr sommerliche Temperaturen die richtige (b\u00fcrotaugliche) Kleidung fehlt. Leichte Blusenstoffe habe ich hier sogar einige auf Halde liegen, aber einen sch\u00f6nen Schnitt zu finden, der\u2026","rel":"","context":"In &quot;Fertig&quot;","block_context":{"text":"Fertig","link":"https:\/\/stichelstube.capricorna.de\/wordpress\/category\/fertig\/"},"img":{"alt_text":"","src":"https:\/\/i0.wp.com\/www.capricorna.de\/naehen\/pics_fertig\/20171022_shirtbluse_tuerkis.jpg?resize=350%2C200","width":350,"height":200},"classes":[]},{"id":146,"url":"https:\/\/stichelstube.capricorna.de\/wordpress\/2004\/08\/26\/146\/","url_meta":{"origin":332,"position":4},"title":"Gestern war ich in der\u2026","author":"Kerstin","date":"26. August 2004","format":false,"excerpt":"Gestern war ich in der Stadt und wollte eigentlich im Kaufhof mal wieder nach einer Hose oder Jeans gucken. Dann habe ich mal bei \"Zero\" vorbeigeschaut, und bin bei einem rosafarbenen Polo-Shirt und einer braunen Strickjacke beinahe schwach geworden... Ich w\u00e4re fr\u00fcher nie auf die Idee gekommen, rosa anzuziehen, aber\u2026","rel":"","context":"In &quot;Allgemein&quot;","block_context":{"text":"Allgemein","link":"https:\/\/stichelstube.capricorna.de\/wordpress\/category\/allgemein\/"},"img":{"alt_text":"","src":"","width":0,"height":0},"classes":[]},{"id":446,"url":"https:\/\/stichelstube.capricorna.de\/wordpress\/2008\/10\/06\/im-land-wo-die-zitronen-wachsen\/","url_meta":{"origin":332,"position":5},"title":"Im Land, wo die Zitronen wachsen&#8230;","author":"Kerstin","date":"6. Oktober 2008","format":false,"excerpt":"... waren wir am Wochenende: Nein, nicht in Italien, sondern in - England! In einem Hof des Victoria & Albert-Museum in London stehen jede Menge Zitronenb\u00e4ume, und die Fr\u00fcchte sehen nicht so aus, als ob sie von Hand dort befestigt wurden ;) Im V&A hat mich nat\u00fcrlich die Abteilung Mode\u2026","rel":"","context":"In &quot;Die Stichelstube unterwegs&quot;","block_context":{"text":"Die Stichelstube unterwegs","link":"https:\/\/stichelstube.capricorna.de\/wordpress\/category\/veranstaltungen\/"},"img":{"alt_text":"","src":"https:\/\/i0.wp.com\/www.capricorna.de\/naehen\/blogpics\/vanda_1.jpg?resize=350%2C200","width":350,"height":200},"classes":[]}],"_links":{"self":[{"href":"https:\/\/stichelstube.capricorna.de\/wordpress\/wp-json\/wp\/v2\/posts\/332","targetHints":{"allow":["GET"]}}],"collection":[{"href":"https:\/\/stichelstube.capricorna.de\/wordpress\/wp-json\/wp\/v2\/posts"}],"about":[{"href":"https:\/\/stichelstube.capricorna.de\/wordpress\/wp-json\/wp\/v2\/types\/post"}],"author":[{"embeddable":true,"href":"https:\/\/stichelstube.capricorna.de\/wordpress\/wp-json\/wp\/v2\/users\/2"}],"replies":[{"embeddable":true,"href":"https:\/\/stichelstube.capricorna.de\/wordpress\/wp-json\/wp\/v2\/comments?post=332"}],"version-history":[{"count":0,"href":"https:\/\/stichelstube.capricorna.de\/wordpress\/wp-json\/wp\/v2\/posts\/332\/revisions"}],"wp:attachment":[{"href":"https:\/\/stichelstube.capricorna.de\/wordpress\/wp-json\/wp\/v2\/media?parent=332"}],"wp:term":[{"taxonomy":"category","embeddable":true,"href":"https:\/\/stichelstube.capricorna.de\/wordpress\/wp-json\/wp\/v2\/categories?post=332"},{"taxonomy":"post_tag","embeddable":true,"href":"https:\/\/stichelstube.capricorna.de\/wordpress\/wp-json\/wp\/v2\/tags?post=332"}],"curies":[{"name":"wp","href":"https:\/\/api.w.org\/{rel}","templated":true}]}}