{"id":402,"date":"2008-06-27T16:54:19","date_gmt":"2008-06-27T15:54:19","guid":{"rendered":"http:\/\/stichelstube.capricorna.de\/wordpress\/?p=402"},"modified":"2008-06-27T16:54:19","modified_gmt":"2008-06-27T15:54:19","slug":"kleine-raume-kleines-kleid","status":"publish","type":"post","link":"https:\/\/stichelstube.capricorna.de\/wordpress\/2008\/06\/27\/kleine-raume-kleines-kleid\/","title":{"rendered":"Kleine R\u00e4ume, kleines Kleid"},"content":{"rendered":"<p>Derzeit und in den n\u00e4chsten Wochen leben wir r\u00e4umlich etwas begrenzt auf anderthalb Zimmern, und der gr\u00f6\u00dfte Teil unserer Sachen befindet sich bereits in Umzugskartons. Der begrenzte Raum und die begrenzten Mittel zwingen mich zu sorgf\u00e4ltigerer Planung, und vor allem dazu, nach dem Arbeiten immer alles sofort wegzur\u00e4umen. Eine ungewohnte Situation f\u00fcr mich, nach den Jahren des Luxus, mit der ich bislang aber sehr gut zurecht komme. Ich hoffe, diese Lage h\u00e4lt mich auch davon ab, <a title=\"Abk\u00fcrzungsverzeichnis\" href=\"http:\/\/www.hobbyschneiderin.net\/portal\/showthread.php?t=36289\" target=\"_blank\">Ufos<\/a> zu produzieren, wie dies in den letzten Monaten wieder viel zu oft passiert ist. Wie ich gerade heute in einem sehr sch\u00f6nen <a title=\"zeit.de - Selbstdisziplin 27\" href=\"http:\/\/www.zeit.de\/2008\/27\/Selbstdisziplin-27\" target=\"_blank\">Artikel \u00fcber den inneren Schweinehund<\/a> gelesen habe, besteht Disziplin ja oft genug nur aus vier W\u00e4nden und viel Zeit&#8230; \ud83d\ude09<\/p>\n<p>Mein Kleid n\u00e4hert sich jedenfalls der Vollendung; Belege sind festgen\u00e4ht, Saum umgen\u00e4ht, jetzt muss ich nur noch die Tr\u00e4ger auf die richtige L\u00e4nge k\u00fcrzen, dann ist mein Sommerkleidchen fertig. Mal sehen, ob ich das im frischen Hamburg je tragen kann \ud83d\ude09<\/p>\n<p>Au\u00dferdem habe ich ein Shirt zugeschnitten, und zwar ein r\u00fcckenfreies nach <a title=\"Burda 7830\" href=\"http:\/\/www.burdafashion.com\/de\/Schnitte\/Hauptkollektion\/7830_Kleid_Shirt\/1270778-1128998-1391990-1585879.html\" target=\"_blank\">Burda 7830<\/a>. Ich brauche es f\u00fcr einen bestimmten Anlass, und dieses WE, wenn ich kurzfristig Zugang zu meiner Ovi habe, muss ich es zusammen n\u00e4hen, weil das vermutlich die letzte Gelegenheit sein wird. Eventuell kommt noch ein Rockteil dran. Dr\u00fcckt mir die Daumen!<\/p>\n","protected":false},"excerpt":{"rendered":"<p>Derzeit und in den n\u00e4chsten Wochen leben wir r\u00e4umlich etwas begrenzt auf anderthalb Zimmern, und der gr\u00f6\u00dfte Teil unserer Sachen befindet sich bereits in Umzugskartons. Der begrenzte Raum und die begrenzten Mittel zwingen mich zu sorgf\u00e4ltigerer Planung, und vor allem dazu, nach dem Arbeiten immer alles sofort wegzur\u00e4umen. Eine ungewohnte Situation f\u00fcr mich, nach den &hellip; <a href=\"https:\/\/stichelstube.capricorna.de\/wordpress\/2008\/06\/27\/kleine-raume-kleines-kleid\/\" class=\"more-link\"><span class=\"screen-reader-text\">\u201eKleine R\u00e4ume, kleines Kleid\u201c <\/span>weiterlesen<\/a><\/p>\n","protected":false},"author":2,"featured_media":0,"comment_status":"open","ping_status":"open","sticky":false,"template":"","format":"standard","meta":{"jetpack_post_was_ever_published":false,"_jetpack_newsletter_access":"","_jetpack_dont_email_post_to_subs":false,"_jetpack_newsletter_tier_id":0,"_jetpack_memberships_contains_paywalled_content":false,"_jetpack_memberships_contains_paid_content":false,"footnotes":"","jetpack_publicize_message":"","jetpack_publicize_feature_enabled":true,"jetpack_social_post_already_shared":false,"jetpack_social_options":{"image_generator_settings":{"template":"highway","default_image_id":0,"font":"","enabled":false},"version":2}},"categories":[1],"tags":[],"class_list":["post-402","post","type-post","status-publish","format-standard","hentry","category-allgemein"],"jetpack_publicize_connections":[],"jetpack_featured_media_url":"","jetpack_sharing_enabled":true,"jetpack_shortlink":"https:\/\/wp.me\/p6Znca-6u","jetpack-related-posts":[{"id":1305,"url":"https:\/\/stichelstube.capricorna.de\/wordpress\/2016\/08\/07\/fruehjahrsputz\/","url_meta":{"origin":402,"position":0},"title":"Fr\u00fchjahrsputz im Nicht-Sommer","author":"Kerstin","date":"7. August 2016","format":false,"excerpt":"Ich habe seit Mai, oh Wunder, einige sch\u00f6ne Teile fertig gen\u00e4ht, \u00fcber die ich noch gar nicht geschrieben habe, aber das kommt sp\u00e4ter. Jetzt gerade will ich \u00fcber Ausmisten schreiben. Das ist ein Thema, das mich immer wieder umtreibt. Ich war oder bin eine gro\u00dfe Sammlerin; gottseidank beschr\u00e4nkte sich das\u2026","rel":"","context":"In &quot;Allgemein&quot;","block_context":{"text":"Allgemein","link":"https:\/\/stichelstube.capricorna.de\/wordpress\/category\/allgemein\/"},"img":{"alt_text":"","src":"","width":0,"height":0},"classes":[]},{"id":1156,"url":"https:\/\/stichelstube.capricorna.de\/wordpress\/2014\/09\/25\/primaballerina-taeschchen\/","url_meta":{"origin":402,"position":1},"title":"Primaballerina-T\u00e4schchen","author":"Kerstin","date":"25. September 2014","format":false,"excerpt":"Man soll es nicht glauben, aber dieser kleine Kulturbeutel hat mich einige Nerven gekostet. Oben im Bild seht ihr vorne das \"Original\"; ein Give-away einer nicht n\u00e4her genannten Bekleidungsmarke. Diese kleine Tasche habe ich nun schon einige Monate als Kulturbeutel im Gebrauch. Die Gr\u00f6\u00dfe reichte so gerade eben aus, aber\u2026","rel":"","context":"In &quot;Fertig&quot;","block_context":{"text":"Fertig","link":"https:\/\/stichelstube.capricorna.de\/wordpress\/category\/fertig\/"},"img":{"alt_text":"","src":"https:\/\/i0.wp.com\/www.capricorna.de\/naehen\/blogpics\/20140917_kulturbeutelchen_3.jpg?resize=350%2C200","width":350,"height":200},"classes":[]},{"id":514,"url":"https:\/\/stichelstube.capricorna.de\/wordpress\/2009\/02\/26\/schnell-vernaht\/","url_meta":{"origin":402,"position":2},"title":"Schnell vern\u00e4ht&#8230;","author":"Kerstin","date":"26. Februar 2009","format":false,"excerpt":"... habe ich ausnahmsweise auch mal einen \u00a0Stoff, n\u00e4mlich die Gardine f\u00fcr mein Arbeitszimmer. Den Stoff hatte ich letzten Samstag erst gekauft, bei einem Besuch im Hammer Heimtex, der g\u00fcnstigerweise sehr nah liegt. Ich war noch nie in einem Markt dieser Kette, und war positiv \u00fcberrascht von der gro\u00dfen Auswahl\u2026","rel":"","context":"In &quot;Allgemein&quot;","block_context":{"text":"Allgemein","link":"https:\/\/stichelstube.capricorna.de\/wordpress\/category\/allgemein\/"},"img":{"alt_text":"","src":"https:\/\/i0.wp.com\/www.capricorna.de\/naehen\/blogpics\/gardine_az.jpg?resize=350%2C200","width":350,"height":200},"classes":[]},{"id":1252,"url":"https:\/\/stichelstube.capricorna.de\/wordpress\/2016\/01\/30\/inspiration-en-gros\/","url_meta":{"origin":402,"position":3},"title":"Inspiration en gros","author":"Kerstin","date":"30. Januar 2016","format":false,"excerpt":"Wenn ich mich nicht eigens dazu verabredet h\u00e4tte, h\u00e4tte ich bei dem Regenwetter und einer recht kurzen Nacht heute Morgen vermutlich nicht so gerne das kuschelige Bett verlassen. Aber die Aussicht auf nette Gesellschaft bei einem einmaligen Ereignis hat mir das Aufstehen dann doch sehr leicht gemacht. An diesem Wochenende\u2026","rel":"","context":"In &quot;Die Stichelstube unterwegs&quot;","block_context":{"text":"Die Stichelstube unterwegs","link":"https:\/\/stichelstube.capricorna.de\/wordpress\/category\/veranstaltungen\/"},"img":{"alt_text":"","src":"https:\/\/i0.wp.com\/www.capricorna.de\/naehen\/blogpics\/20160130_kostuemverkauf_9.jpg?resize=350%2C200","width":350,"height":200,"srcset":"https:\/\/i0.wp.com\/www.capricorna.de\/naehen\/blogpics\/20160130_kostuemverkauf_9.jpg?resize=350%2C200 1x, https:\/\/i0.wp.com\/www.capricorna.de\/naehen\/blogpics\/20160130_kostuemverkauf_9.jpg?resize=525%2C300 1.5x"},"classes":[]},{"id":369,"url":"https:\/\/stichelstube.capricorna.de\/wordpress\/2008\/02\/25\/ein-schooooner-tag\/","url_meta":{"origin":402,"position":4},"title":"Ein sch\u00f6\u00f6\u00f6\u00f6ner Tag&#8230;","author":"Kerstin","date":"25. Februar 2008","format":false,"excerpt":"...war der letzte Samstag. Zusammen mit meinem N\u00e4hkr\u00e4nzchen haben wir eine Tour nach Aachen gemacht, um zwei S\u00fcchte zu befriedigen. Zuerst ging es zu Lindt & Spr\u00fcngli :mrgreen: Wer h\u00e4tte gedacht, dass es auch einen Schokoladen-Fabrikverkauf gibt? Der Verkaufsraum hat zwar den Charme einer eilig eingerichteten Aldi-Filiale, aber die Unmengen\u2026","rel":"","context":"In &quot;Allgemein&quot;","block_context":{"text":"Allgemein","link":"https:\/\/stichelstube.capricorna.de\/wordpress\/category\/allgemein\/"},"img":{"alt_text":"Goldhase","src":"https:\/\/i0.wp.com\/www.capricorna.de\/naehen\/blogpics\/lindt_goldhase.jpg?resize=350%2C200","width":350,"height":200},"classes":[]},{"id":1332,"url":"https:\/\/stichelstube.capricorna.de\/wordpress\/2016\/10\/22\/aufgeraeumt\/","url_meta":{"origin":402,"position":5},"title":"Aufger\u00e4umt!","author":"Kerstin","date":"22. Oktober 2016","format":false,"excerpt":"Seit ich vor einiger Zeit festgestellt habe, dass einige Stoffe aus meiner Sammlung an den Bruchkanten ausbleichen, hatte ich mir vorgenommen, eine andere L\u00f6sung f\u00fcr die Aufbewahrung zu finden. Vor drei Wochen habe ich mich dann dazu entschlossen, mein Ivar-Regal mit einem Schrank mit T\u00fcren zu erweitern. Ich hatte mich\u2026","rel":"","context":"In &quot;Allgemein&quot;","block_context":{"text":"Allgemein","link":"https:\/\/stichelstube.capricorna.de\/wordpress\/category\/allgemein\/"},"img":{"alt_text":"","src":"https:\/\/i0.wp.com\/www.capricorna.de\/naehen\/blogpics\/20161014_stoffregal_3.jpg?resize=350%2C200","width":350,"height":200},"classes":[]}],"_links":{"self":[{"href":"https:\/\/stichelstube.capricorna.de\/wordpress\/wp-json\/wp\/v2\/posts\/402","targetHints":{"allow":["GET"]}}],"collection":[{"href":"https:\/\/stichelstube.capricorna.de\/wordpress\/wp-json\/wp\/v2\/posts"}],"about":[{"href":"https:\/\/stichelstube.capricorna.de\/wordpress\/wp-json\/wp\/v2\/types\/post"}],"author":[{"embeddable":true,"href":"https:\/\/stichelstube.capricorna.de\/wordpress\/wp-json\/wp\/v2\/users\/2"}],"replies":[{"embeddable":true,"href":"https:\/\/stichelstube.capricorna.de\/wordpress\/wp-json\/wp\/v2\/comments?post=402"}],"version-history":[{"count":0,"href":"https:\/\/stichelstube.capricorna.de\/wordpress\/wp-json\/wp\/v2\/posts\/402\/revisions"}],"wp:attachment":[{"href":"https:\/\/stichelstube.capricorna.de\/wordpress\/wp-json\/wp\/v2\/media?parent=402"}],"wp:term":[{"taxonomy":"category","embeddable":true,"href":"https:\/\/stichelstube.capricorna.de\/wordpress\/wp-json\/wp\/v2\/categories?post=402"},{"taxonomy":"post_tag","embeddable":true,"href":"https:\/\/stichelstube.capricorna.de\/wordpress\/wp-json\/wp\/v2\/tags?post=402"}],"curies":[{"name":"wp","href":"https:\/\/api.w.org\/{rel}","templated":true}]}}