{"id":403,"date":"2008-06-28T12:33:11","date_gmt":"2008-06-28T11:33:11","guid":{"rendered":"http:\/\/stichelstube.capricorna.de\/wordpress\/?p=403"},"modified":"2008-06-28T12:33:11","modified_gmt":"2008-06-28T11:33:11","slug":"wertstoffe","status":"publish","type":"post","link":"https:\/\/stichelstube.capricorna.de\/wordpress\/2008\/06\/28\/wertstoffe\/","title":{"rendered":"Wertstoffe"},"content":{"rendered":"<p>Gerade erst in der <em>brand eins<\/em> gelesen, dass der <a title=\"brandeins.de - Vom Biotop zum Weltmarkt\" href=\"http:\/\/www.brandeins.de\/home\/inhalt_detail.asp?id=2703\" target=\"_blank\">Schrottpreis auf einem Rekordhoch<\/a> liegt. Heute auf dem Weg zur M\u00fcllverbrennungsanlage kam ich dann hautnah in Ber\u00fchrung mit den Auswirkungen: Neben der Auto-Warteschlange, die sich hier mittags immer bildet, liefen mehrere Personen offensichtlich ausl\u00e4ndischer Herkunft entlang, schauten interessiert in jedes Auto, und klopften ab und zu an die Scheiben. Nicht jeder reagierte darauf. Als ich an der Reihe war, wusste ich zuerst nicht, was genau der Mann mit seinen Worten und Gesten ausdr\u00fcckte, bis mir klar wurde: Mein altes B\u00fcgeleisen. Ist kaputt, sagte ich. Egal. Auch meine verrostete Gu\u00dfeisenpfanne wurde erbeten. Jetzt verstand ich, und bot der kleinen Gruppe auch noch eine alte Bestecksammlung an, die dankbar entgegen genommen wurde, sowie zwei Lautsprecherboxen. Ja, bei dem derzeitigen Preis f\u00fcr Altmetall lohnt sich so eine Sammlung. Doppelverdienende Kinderlose wie wir schmei\u00dfen diesen Wohlstandsm\u00fcll gedankenlos weg, dabei k\u00f6nnen andere Leute sich damit noch etwas Geld verdienen. Und ich vermisse es nicht; bin ja froh, dass jemand damit noch was besseres anfangen kann, als es zu verbrennen. Da ich gerade von einer Spende an <a title=\"Oxfam.de - Kampf gegen Hunger und Armut\" href=\"http:\/\/www.oxfam.de\/\" target=\"_blank\">Oxfam<\/a> kam, war ich sowieso in Geberlaune.<\/p>\n<p>Ketzerischer Gedanke: Wenn die Sammler mit gek\u00e4mmten Haaren und sauberer Kleidung auftr\u00e4ten, w\u00fcrden bestimmt noch mehr Menschen die Autoscheibe runterkurben, wenn es klopft&#8230;<\/p>\n","protected":false},"excerpt":{"rendered":"<p>Gerade erst in der brand eins gelesen, dass der Schrottpreis auf einem Rekordhoch liegt. Heute auf dem Weg zur M\u00fcllverbrennungsanlage kam ich dann hautnah in Ber\u00fchrung mit den Auswirkungen: Neben der Auto-Warteschlange, die sich hier mittags immer bildet, liefen mehrere Personen offensichtlich ausl\u00e4ndischer Herkunft entlang, schauten interessiert in jedes Auto, und klopften ab und zu &hellip; <a href=\"https:\/\/stichelstube.capricorna.de\/wordpress\/2008\/06\/28\/wertstoffe\/\" class=\"more-link\"><span class=\"screen-reader-text\">\u201eWertstoffe\u201c <\/span>weiterlesen<\/a><\/p>\n","protected":false},"author":2,"featured_media":0,"comment_status":"open","ping_status":"open","sticky":false,"template":"","format":"standard","meta":{"jetpack_post_was_ever_published":false,"_jetpack_newsletter_access":"","_jetpack_dont_email_post_to_subs":false,"_jetpack_newsletter_tier_id":0,"_jetpack_memberships_contains_paywalled_content":false,"_jetpack_memberships_contains_paid_content":false,"footnotes":"","jetpack_publicize_message":"","jetpack_publicize_feature_enabled":true,"jetpack_social_post_already_shared":false,"jetpack_social_options":{"image_generator_settings":{"template":"highway","default_image_id":0,"font":"","enabled":false},"version":2}},"categories":[9],"tags":[],"class_list":["post-403","post","type-post","status-publish","format-standard","hentry","category-alltagsnotizien"],"jetpack_publicize_connections":[],"jetpack_featured_media_url":"","jetpack_sharing_enabled":true,"jetpack_shortlink":"https:\/\/wp.me\/p6Znca-6v","jetpack-related-posts":[{"id":11,"url":"https:\/\/stichelstube.capricorna.de\/wordpress\/2003\/04\/29\/11\/","url_meta":{"origin":403,"position":0},"title":"Heute sind die Stoffe von\u2026","author":"Kerstin","date":"29. April 2003","format":false,"excerpt":"Heute sind die Stoffe von Nietzel gekommen - *freu* Sie sehen noch sch\u00f6ner aus als auf den kleinen Probel\u00e4ppchen erkennbar war; besonders der Batik-Leinen ist einfach traumhaft. So was hab ich noch in keinem Gesch\u00e4ft gesehen! Und der Seersucker ist total s\u00fc\u00df. Heute habe ich den Fehler gemacht, mit meiner\u2026","rel":"","context":"In &quot;Allgemein&quot;","block_context":{"text":"Allgemein","link":"https:\/\/stichelstube.capricorna.de\/wordpress\/category\/allgemein\/"},"img":{"alt_text":"","src":"","width":0,"height":0},"classes":[]},{"id":351,"url":"https:\/\/stichelstube.capricorna.de\/wordpress\/2007\/08\/02\/verkaufer-die-nichts-verkaufen-wollen\/","url_meta":{"origin":403,"position":1},"title":"Verk\u00e4ufer, die nichts verkaufen wollen","author":"Kerstin","date":"2. August 2007","format":false,"excerpt":"Heute war ich im Stoffladen auf der Suche nach einem Bolero-Stoff. Mein Brautkleid ist schulterfrei, und ich f\u00fcrchtete, dass mir das im Laufe des Tages zu kalt werden w\u00fcrde, zumal es ja Oktober sein wird.Da es unm\u00f6glich ist, genau den passenden Hellblau-Ton zu finden, hatte ich \u00fcberlegt, eine Kontrastfarbe zu\u2026","rel":"","context":"In &quot;Allgemein&quot;","block_context":{"text":"Allgemein","link":"https:\/\/stichelstube.capricorna.de\/wordpress\/category\/allgemein\/"},"img":{"alt_text":"","src":"","width":0,"height":0},"classes":[]},{"id":300,"url":"https:\/\/stichelstube.capricorna.de\/wordpress\/2006\/07\/03\/kurzurlaub\/","url_meta":{"origin":403,"position":2},"title":"Kurzurlaub","author":"Kerstin","date":"3. Juli 2006","format":false,"excerpt":"Jetzt ist das Wochenende an der belgischen See auch schon wieder vorbei! Am Freitag Abend sind wir mit dem Auto nach Oostduinkerken gefahren, und gestern Nachmittag wieder zur\u00fcck. Den Samstag habe ich, wie oben zu sehen ist, am Strand verbracht, wo ich mir nat\u00fcrlich prompt einen kleinen Sonnenbrand auf den\u2026","rel":"","context":"In &quot;Allgemein&quot;","block_context":{"text":"Allgemein","link":"https:\/\/stichelstube.capricorna.de\/wordpress\/category\/allgemein\/"},"img":{"alt_text":"","src":"","width":0,"height":0},"classes":[]},{"id":230,"url":"https:\/\/stichelstube.capricorna.de\/wordpress\/2005\/10\/19\/230\/","url_meta":{"origin":403,"position":3},"title":"Jetzt kann ich ja endlich\u2026","author":"Kerstin","date":"19. Oktober 2005","format":false,"excerpt":"Jetzt kann ich ja endlich verraten, an welchem Geschenk ich in der letzten Woche gearbeitet habe - das hier war es:Am letzten Wochenende hatte in Aachen n\u00e4mlich der 2. Kongre\u00df der Hobbyschneider\/innen stattgefunden, und als \u00dcberraschung sollte den Veranstaltern, Anne und Peter, zum Schlu\u00df ein Dankesbuch \u00fcberreicht werden, in dem\u2026","rel":"","context":"In &quot;Allgemein&quot;","block_context":{"text":"Allgemein","link":"https:\/\/stichelstube.capricorna.de\/wordpress\/category\/allgemein\/"},"img":{"alt_text":"","src":"","width":0,"height":0},"classes":[]},{"id":1110,"url":"https:\/\/stichelstube.capricorna.de\/wordpress\/2014\/06\/16\/gammeliges-in-schweden\/","url_meta":{"origin":403,"position":4},"title":"Gammeliges in Schweden","author":"Kerstin","date":"16. Juni 2014","format":false,"excerpt":"Kurz vor Mittsommer inmitten von Schweden, nahe dem zweitgr\u00f6\u00dften See, dem V\u00e4ttern. W\u00e4hrend \u00fcber 19.000 Fahrradverr\u00fcckte, darunter auch mein Mann, 300 Kilometer am St\u00fcck fahren, habe ich mich nach einer angemessenen Besch\u00e4ftigung f\u00fcr Strohwitwen umgesehen. Zuerst hatte ich geplant, das Husqvarna-Museum ebendort zu besuchen, aber das w\u00e4re von unserem St\u00fctzpunkt\u2026","rel":"","context":"In &quot;Die Stichelstube unterwegs&quot;","block_context":{"text":"Die Stichelstube unterwegs","link":"https:\/\/stichelstube.capricorna.de\/wordpress\/category\/veranstaltungen\/"},"img":{"alt_text":"","src":"https:\/\/i0.wp.com\/www.capricorna.de\/naehen\/blogpics\/20140614_schweden_001.jpg?resize=350%2C200","width":350,"height":200},"classes":[]},{"id":30,"url":"https:\/\/stichelstube.capricorna.de\/wordpress\/2003\/08\/27\/30\/","url_meta":{"origin":403,"position":5},"title":"Da der Sommer nun endg\u00fcltig\u2026","author":"Kerstin","date":"27. August 2003","format":false,"excerpt":"Da der Sommer nun endg\u00fcltig vorbei zu sein scheint, habe ich mir statt der kurzen Hose lieber noch eine weitere Tasche vorgenommen. Meine Eltern hatten - oder haben noch? - eine gro\u00dfe, gr\u00fcne Tasche aus festem Stoff, die meistens bei Urlaubsfahrten als \"Schuhtasche\" verwendet wurde. An diese Tasche musste ich\u2026","rel":"","context":"In &quot;Allgemein&quot;","block_context":{"text":"Allgemein","link":"https:\/\/stichelstube.capricorna.de\/wordpress\/category\/allgemein\/"},"img":{"alt_text":"","src":"","width":0,"height":0},"classes":[]}],"_links":{"self":[{"href":"https:\/\/stichelstube.capricorna.de\/wordpress\/wp-json\/wp\/v2\/posts\/403","targetHints":{"allow":["GET"]}}],"collection":[{"href":"https:\/\/stichelstube.capricorna.de\/wordpress\/wp-json\/wp\/v2\/posts"}],"about":[{"href":"https:\/\/stichelstube.capricorna.de\/wordpress\/wp-json\/wp\/v2\/types\/post"}],"author":[{"embeddable":true,"href":"https:\/\/stichelstube.capricorna.de\/wordpress\/wp-json\/wp\/v2\/users\/2"}],"replies":[{"embeddable":true,"href":"https:\/\/stichelstube.capricorna.de\/wordpress\/wp-json\/wp\/v2\/comments?post=403"}],"version-history":[{"count":0,"href":"https:\/\/stichelstube.capricorna.de\/wordpress\/wp-json\/wp\/v2\/posts\/403\/revisions"}],"wp:attachment":[{"href":"https:\/\/stichelstube.capricorna.de\/wordpress\/wp-json\/wp\/v2\/media?parent=403"}],"wp:term":[{"taxonomy":"category","embeddable":true,"href":"https:\/\/stichelstube.capricorna.de\/wordpress\/wp-json\/wp\/v2\/categories?post=403"},{"taxonomy":"post_tag","embeddable":true,"href":"https:\/\/stichelstube.capricorna.de\/wordpress\/wp-json\/wp\/v2\/tags?post=403"}],"curies":[{"name":"wp","href":"https:\/\/api.w.org\/{rel}","templated":true}]}}