{"id":412,"date":"2008-08-10T13:07:25","date_gmt":"2008-08-10T12:07:25","guid":{"rendered":"http:\/\/stichelstube.capricorna.de\/wordpress\/?p=412"},"modified":"2008-08-20T17:17:44","modified_gmt":"2008-08-20T16:17:44","slug":"schoner-wohnen","status":"publish","type":"post","link":"https:\/\/stichelstube.capricorna.de\/wordpress\/2008\/08\/10\/schoner-wohnen\/","title":{"rendered":"Sch\u00f6ner wohnen"},"content":{"rendered":"<p>Gestern war Mal-Tag bei uns; wir haben Wohnzimmer und Flur angestrichen. Die W\u00e4nde erstrahlen nun wieder in unserem beliebten Gelb &#8222;Provence 10&#8220; von Caparol. \ud83d\ude00<\/p>\n<p>Um alle T\u00fcren, Fenster, Schalter und Heizk\u00f6rper haben wir einen breiten Streifen mit Kreppband abgeklebt, so dass alles einen wei\u00dfen Rahmen hat. Das Ergebnis gef\u00e4llt uns ausgesprochen gut! Hier ist mal ein Beispielbild:<\/p>\n<p><img data-recalc-dims=\"1\" loading=\"lazy\" decoding=\"async\" class=\"alignnone\" title=\"W\u00e4nde\" src=\"https:\/\/i0.wp.com\/www.capricorna.de\/naehen\/blogpics\/anstrich.jpg?resize=263%2C400\" alt=\"\" width=\"263\" height=\"400\" \/><\/p>\n<p>Als n\u00e4chstes kommt vermutlich der Bodenbelag dran. Ich halte euch auf dem Laufenden \ud83d\ude00<\/p>\n","protected":false},"excerpt":{"rendered":"<p>Gestern war Mal-Tag bei uns; wir haben Wohnzimmer und Flur angestrichen. Die W\u00e4nde erstrahlen nun wieder in unserem beliebten Gelb &#8222;Provence 10&#8220; von Caparol. \ud83d\ude00 Um alle T\u00fcren, Fenster, Schalter und Heizk\u00f6rper haben wir einen breiten Streifen mit Kreppband abgeklebt, so dass alles einen wei\u00dfen Rahmen hat. Das Ergebnis gef\u00e4llt uns ausgesprochen gut! Hier ist &hellip; <a href=\"https:\/\/stichelstube.capricorna.de\/wordpress\/2008\/08\/10\/schoner-wohnen\/\" class=\"more-link\"><span class=\"screen-reader-text\">\u201eSch\u00f6ner wohnen\u201c <\/span>weiterlesen<\/a><\/p>\n","protected":false},"author":2,"featured_media":0,"comment_status":"open","ping_status":"open","sticky":false,"template":"","format":"standard","meta":{"jetpack_post_was_ever_published":false,"_jetpack_newsletter_access":"","_jetpack_dont_email_post_to_subs":false,"_jetpack_newsletter_tier_id":0,"_jetpack_memberships_contains_paywalled_content":false,"_jetpack_memberships_contains_paid_content":false,"footnotes":"","jetpack_publicize_message":"","jetpack_publicize_feature_enabled":true,"jetpack_social_post_already_shared":false,"jetpack_social_options":{"image_generator_settings":{"template":"highway","default_image_id":0,"font":"","enabled":false},"version":2}},"categories":[1],"tags":[],"class_list":["post-412","post","type-post","status-publish","format-standard","hentry","category-allgemein"],"jetpack_publicize_connections":[],"jetpack_featured_media_url":"","jetpack_sharing_enabled":true,"jetpack_shortlink":"https:\/\/wp.me\/p6Znca-6E","jetpack-related-posts":[{"id":545,"url":"https:\/\/stichelstube.capricorna.de\/wordpress\/2009\/04\/19\/neue-mitbewohnerin\/","url_meta":{"origin":412,"position":0},"title":"Neue Mitbewohnerin!","author":"Kerstin","date":"19. April 2009","format":false,"excerpt":"Ich hab\u00b4s getan! *kreisch* :D Um die Cover bin ich innerlich schon l\u00e4nger herumgeschlichen, und neulich hat mich der Haben-Wollen-Virus mal wieder besonders heftig gepackt. Und da ein gut sortierter H\u00e4ndler einen ausgesprochenen Kampfpreis angeboten hat, konnte ich mich nicht mehr beherrschen und habe zugegriffen. Meine erste neue Maschine, die\u2026","rel":"","context":"In &quot;Allgemein&quot;","block_context":{"text":"Allgemein","link":"https:\/\/stichelstube.capricorna.de\/wordpress\/category\/allgemein\/"},"img":{"alt_text":"","src":"https:\/\/i0.wp.com\/www.capricorna.de\/naehen\/blogpics\/janome_1.jpg?resize=350%2C200","width":350,"height":200},"classes":[]},{"id":269,"url":"https:\/\/stichelstube.capricorna.de\/wordpress\/2017\/05\/06\/naehtugenden\/","url_meta":{"origin":412,"position":1},"title":"N\u00e4htugenden","author":"Kerstin","date":"6. Mai 2017","format":false,"excerpt":"Heute wird\u00b4s mal ein bisschen philosophisch... Man kann, sofern man das m\u00f6chte, aus allen Dingen Nutzen ziehen und etwas daran lernen. Auch das N\u00e4hen kann einem einige Dinge vermitteln, die ich mal als Tugenden bezeichnen will. Spontan fallen mir ein: - Geduld. Wer schon einmal eine schwarze Dreifach-Naht in schwarzem\u2026","rel":"","context":"In &quot;Allgemein&quot;","block_context":{"text":"Allgemein","link":"https:\/\/stichelstube.capricorna.de\/wordpress\/category\/allgemein\/"},"img":{"alt_text":"","src":"https:\/\/i0.wp.com\/stichelstube.capricorna.de\/wordpress\/wp-content\/2017\/05\/patience_2_bonnie-kittle-160599.jpg?resize=350%2C200","width":350,"height":200,"srcset":"https:\/\/i0.wp.com\/stichelstube.capricorna.de\/wordpress\/wp-content\/2017\/05\/patience_2_bonnie-kittle-160599.jpg?resize=350%2C200 1x, https:\/\/i0.wp.com\/stichelstube.capricorna.de\/wordpress\/wp-content\/2017\/05\/patience_2_bonnie-kittle-160599.jpg?resize=525%2C300 1.5x"},"classes":[]},{"id":421,"url":"https:\/\/stichelstube.capricorna.de\/wordpress\/2008\/09\/14\/nadel-faden-osnabruck-2008\/","url_meta":{"origin":412,"position":2},"title":"Nadel &#038; Faden Osnabr\u00fcck 2008","author":"Kerstin","date":"14. September 2008","format":false,"excerpt":"Nachdem ich die letzten Wochen und Monate nur den Umzug im Kopf hatte, habe ich mir heute einen Tag f\u00fcr mein Hobby genommen, und bin nach Osnabr\u00fcck gefahren. In der Friedensstadt, die k\u00fcrzlich eine sehr coole Werbekampagne mit dem Slogan \"Herrlich ehrlich\" gefahren hat, fand dieses Wochenende die Handarbeitsmesse- und\u2026","rel":"","context":"In &quot;Die Stichelstube unterwegs&quot;","block_context":{"text":"Die Stichelstube unterwegs","link":"https:\/\/stichelstube.capricorna.de\/wordpress\/category\/veranstaltungen\/"},"img":{"alt_text":"","src":"https:\/\/i0.wp.com\/www.capricorna.de\/naehen\/blogpics\/osnabrueck_schloss.jpg?resize=350%2C200","width":350,"height":200},"classes":[]},{"id":249,"url":"https:\/\/stichelstube.capricorna.de\/wordpress\/2006\/01\/25\/249\/","url_meta":{"origin":412,"position":3},"title":"Mein neues Spielzeug :-DLetzten Samstag\u2026","author":"Kerstin","date":"25. Januar 2006","format":false,"excerpt":"Mein neues Spielzeug :-DLetzten Samstag hatten wir endlich Zeit, nach Leverkusen zu fahren, zum N\u00e4hzentrum K\u00fchler. Ich kannte diesen Laden noch gar nicht, und war angenehm \u00fcberrascht von der sch\u00f6nen Atmosph\u00e4re, der gro\u00dfen Auswahl an Stoffen, Zubeh\u00f6r und N\u00e4hmaschinen und den vielen freundlichen MitarbeiterInnen.Die letzten Tage hatte ich ausf\u00fchrlich im\u2026","rel":"","context":"In &quot;Allgemein&quot;","block_context":{"text":"Allgemein","link":"https:\/\/stichelstube.capricorna.de\/wordpress\/category\/allgemein\/"},"img":{"alt_text":"","src":"","width":0,"height":0},"classes":[]},{"id":592,"url":"https:\/\/stichelstube.capricorna.de\/wordpress\/2009\/06\/19\/heile-heile-pfaffle\/","url_meta":{"origin":412,"position":4},"title":"Heile, heile Pf\u00e4ffle&#8230;","author":"Kerstin","date":"19. Juni 2009","format":false,"excerpt":"Vor ein paar Wochen zickte meine N\u00e4hmaschine auf einmal rum und brachte keinen vern\u00fcnftigen Zickzackstich mehr zustande. Da sowieso wieder mal eine Inspektion anstand, brachte ich sie zum H\u00e4ndler, und nach kaum drei Wochen ungeduldigen Nichtstuns hatte ich sie dann endlich wieder zur\u00fcck. Gottseidank war nichts wirklich kaputt, und mit\u2026","rel":"","context":"In &quot;Allgemein&quot;","block_context":{"text":"Allgemein","link":"https:\/\/stichelstube.capricorna.de\/wordpress\/category\/allgemein\/"},"img":{"alt_text":"","src":"https:\/\/i0.wp.com\/www.capricorna.de\/naehen\/blogpics\/knappkantig.jpg?resize=350%2C200","width":350,"height":200},"classes":[]},{"id":588,"url":"https:\/\/stichelstube.capricorna.de\/wordpress\/2009\/06\/14\/blick-ins-boudoir\/","url_meta":{"origin":412,"position":5},"title":"Blick ins Boudoir","author":"Kerstin","date":"14. Juni 2009","format":false,"excerpt":"... oder Schlafzimmer auf neudeutsch. :D Heute haben wir unserem Schlafzimmer etwas Farbe verpasst; ein Plan, den wir schon l\u00e4nger ins Auge gefasst hatten, aber wann hat man schon mal Zeit? Aber jetzt! Abgeklebt hatte ich schon vor ein paar Monaten - wie gesagt... - und da die M\u00f6bel schon\u2026","rel":"","context":"In &quot;Alltagsnotizien&quot;","block_context":{"text":"Alltagsnotizien","link":"https:\/\/stichelstube.capricorna.de\/wordpress\/category\/alltagsnotizien\/"},"img":{"alt_text":"","src":"https:\/\/i0.wp.com\/www.capricorna.de\/diverses\/farben_sz_1.jpg?resize=350%2C200","width":350,"height":200},"classes":[]}],"_links":{"self":[{"href":"https:\/\/stichelstube.capricorna.de\/wordpress\/wp-json\/wp\/v2\/posts\/412","targetHints":{"allow":["GET"]}}],"collection":[{"href":"https:\/\/stichelstube.capricorna.de\/wordpress\/wp-json\/wp\/v2\/posts"}],"about":[{"href":"https:\/\/stichelstube.capricorna.de\/wordpress\/wp-json\/wp\/v2\/types\/post"}],"author":[{"embeddable":true,"href":"https:\/\/stichelstube.capricorna.de\/wordpress\/wp-json\/wp\/v2\/users\/2"}],"replies":[{"embeddable":true,"href":"https:\/\/stichelstube.capricorna.de\/wordpress\/wp-json\/wp\/v2\/comments?post=412"}],"version-history":[{"count":2,"href":"https:\/\/stichelstube.capricorna.de\/wordpress\/wp-json\/wp\/v2\/posts\/412\/revisions"}],"predecessor-version":[{"id":416,"href":"https:\/\/stichelstube.capricorna.de\/wordpress\/wp-json\/wp\/v2\/posts\/412\/revisions\/416"}],"wp:attachment":[{"href":"https:\/\/stichelstube.capricorna.de\/wordpress\/wp-json\/wp\/v2\/media?parent=412"}],"wp:term":[{"taxonomy":"category","embeddable":true,"href":"https:\/\/stichelstube.capricorna.de\/wordpress\/wp-json\/wp\/v2\/categories?post=412"},{"taxonomy":"post_tag","embeddable":true,"href":"https:\/\/stichelstube.capricorna.de\/wordpress\/wp-json\/wp\/v2\/tags?post=412"}],"curies":[{"name":"wp","href":"https:\/\/api.w.org\/{rel}","templated":true}]}}