{"id":522,"date":"2009-03-01T19:43:38","date_gmt":"2009-03-01T18:43:38","guid":{"rendered":"http:\/\/stichelstube.capricorna.de\/wordpress\/?p=522"},"modified":"2009-03-01T19:49:21","modified_gmt":"2009-03-01T18:49:21","slug":"noch%c2%b4n-test","status":"publish","type":"post","link":"https:\/\/stichelstube.capricorna.de\/wordpress\/2009\/03\/01\/noch%c2%b4n-test\/","title":{"rendered":"Noch\u00b4n Test"},"content":{"rendered":"<p>Mal wieder so konzentriert l\u00e4ngere Zeit am St\u00fcck zu n\u00e4hen macht wirklich Spa\u00df! \ud83d\ude42<\/p>\n<p>Heute habe ich gut drei Stunden damit verbracht, die Probebluse zuzuschneiden, zu markieren &#8211; so viele Linien im Vorderteil! &#8211; und zu n\u00e4hen. Hier ist sie, wobei es in echt wirklich noch besser aussieht:<\/p>\n<p><img data-recalc-dims=\"1\" loading=\"lazy\" decoding=\"async\" class=\"aligncenter\" title=\"Bluse BuMo 3\/2009 Nr. 106\" src=\"https:\/\/i0.wp.com\/www.capricorna.de\/naehen\/blogpics\/bluse_test_106.jpg?resize=180%2C350\" alt=\"\" width=\"180\" height=\"350\" \/><\/p>\n<p>Mein G\u00f6Ga hat sie ganz ohne zu fragen auch spontan als &#8222;s\u00fc\u00df&#8220; bewertet und die gute Pa\u00dfform bewundert. Wunderbarerweise sitzt sie sogar im R\u00fccken sehr gut, nur mit den vorgesehenen Abn\u00e4hern, ohne weitere \u00c4nderungen f\u00fcr mein Hohlkreuz.<\/p>\n<p>Mir gefallen an dieser Bluse der Kragen und die \u00c4rmelumschl\u00e4ge, die sie trotz der legeren L\u00e4nge und der romantisch angehauchten Raffung im Ausschnitt sehr b\u00fcrotauglich machen. Au\u00dferdem sind es 3\/4-\u00c4rmel, was mir sehr entgegenkommt, da ich grunds\u00e4tzlich alle \u00c4rmel, ob Pullover oder Bluse, ein St\u00fcck hochschiebe oder aufkrempele. Ich mag einfach keine langen \u00c4rmel; ich wei\u00df nicht warum. Sogar, wenn mir kalt ist, und ich die \u00c4rmel erst lang trage, schiebe ich sie nach kurzer Zeit automatisch wieder hoch. Verr\u00fcckt, oder?<\/p>\n<p>Gekauft! W\u00fcrde ich im Laden sagen, aber das N\u00e4hen des &#8222;echten&#8220; Teils steht mir ja jetzt immer noch bevor. Ich \u00fcberlege, ob ich meinen <a title=\"Blusenstoff\" href=\"http:\/\/www.capricorna.de\/naehen\/pics_stoff\/blusenstoff_gestreift.jpg\" target=\"_blank\">gestreiften Cerutti-Blusenstoff<\/a> daf\u00fcr verwende, obwohl mir diese wei\u00dfe Escada-Seide nicht aus dem Kopf geht, die ich vorgestern bei Mahler gesehen habe&#8230; Aber ich will ja meinen Stoffberg so langsam mal abbauen, also werde ich wohl <a title=\"Use what you have\" href=\"http:\/\/www.hobbyschneiderin.net\/portal\/forumdisplay.php?f=153\" target=\"_blank\">UWYH<\/a> machen, und der Cerruti ist so sch\u00f6n fr\u00fchlings-frisch. \ud83d\ude42<\/p>\n<p>In der H\u00fcfte werde ich wohl \u00a0noch ein wenig weiter zuschneiden, da ist die 40 doch noch einen Tick zu eng. Und die Tailleneinkurvung muss ich zwei Zentimeter nach unten verlegen, weil ich insgesamt zwar vier Zentimeter kleiner bin als die Burda-Ma\u00dftabelle vorsieht, aber leider fehlen mir diese vier cm nur in den Beinen, und mein Oberk\u00f6rper ist proportional gesehen daher zwei cm zu lang. Schon witzig, diese k\u00f6rperlichen Eigenheiten.<\/p>\n","protected":false},"excerpt":{"rendered":"<p>Mal wieder so konzentriert l\u00e4ngere Zeit am St\u00fcck zu n\u00e4hen macht wirklich Spa\u00df! \ud83d\ude42 Heute habe ich gut drei Stunden damit verbracht, die Probebluse zuzuschneiden, zu markieren &#8211; so viele Linien im Vorderteil! &#8211; und zu n\u00e4hen. Hier ist sie, wobei es in echt wirklich noch besser aussieht: Mein G\u00f6Ga hat sie ganz ohne zu &hellip; <a href=\"https:\/\/stichelstube.capricorna.de\/wordpress\/2009\/03\/01\/noch%c2%b4n-test\/\" class=\"more-link\"><span class=\"screen-reader-text\">\u201eNoch\u00b4n Test\u201c <\/span>weiterlesen<\/a><\/p>\n","protected":false},"author":2,"featured_media":0,"comment_status":"open","ping_status":"open","sticky":false,"template":"","format":"standard","meta":{"jetpack_post_was_ever_published":false,"_jetpack_newsletter_access":"","_jetpack_dont_email_post_to_subs":false,"_jetpack_newsletter_tier_id":0,"_jetpack_memberships_contains_paywalled_content":false,"_jetpack_memberships_contains_paid_content":false,"footnotes":"","jetpack_publicize_message":"","jetpack_publicize_feature_enabled":true,"jetpack_social_post_already_shared":false,"jetpack_social_options":{"image_generator_settings":{"template":"highway","default_image_id":0,"font":"","enabled":false},"version":2}},"categories":[1],"tags":[],"class_list":["post-522","post","type-post","status-publish","format-standard","hentry","category-allgemein"],"jetpack_publicize_connections":[],"jetpack_featured_media_url":"","jetpack_sharing_enabled":true,"jetpack_shortlink":"https:\/\/wp.me\/p6Znca-8q","jetpack-related-posts":[{"id":283,"url":"https:\/\/stichelstube.capricorna.de\/wordpress\/2006\/05\/01\/sommerblusen-test\/","url_meta":{"origin":522,"position":0},"title":"Sommerblusen-Test","author":"Kerstin","date":"1. Mai 2006","format":false,"excerpt":"Das n\u00e4chste Projekt ist bereits in Angriff genommen: Eine Sommerbluse.Einen sehr \u00e4hnlichen Schnitt hatte ich k\u00fcrzlich - als Kaufkleidung - an einer Kollegin gesehen. Ich habe die Schnittmuster-Hersteller abgegrast, und bin schliesslich bei Butterick f\u00fcndig geworden, Modell 4549. Mit 9 Euro war der Einzelschnitt noch halbwegs bezahlbar; schliesslich sind darin\u2026","rel":"","context":"In &quot;Allgemein&quot;","block_context":{"text":"Allgemein","link":"https:\/\/stichelstube.capricorna.de\/wordpress\/category\/allgemein\/"},"img":{"alt_text":"","src":"","width":0,"height":0},"classes":[]},{"id":8,"url":"https:\/\/stichelstube.capricorna.de\/wordpress\/2003\/04\/23\/8\/","url_meta":{"origin":522,"position":1},"title":"Die braune Bluse nimmt langsam\u2026","author":"Kerstin","date":"23. April 2003","format":false,"excerpt":"Die braune Bluse nimmt langsam Gestalt an. Ich habe den Saum fertig - ja, der Saum wird vor den \u00c4rmeln gen\u00e4ht - und ein \u00c4rmel ist eingesetzt, und langsam gef\u00e4llt sie mir doch ganz gut. Ich hatte in den letzten Tagen Bef\u00fcrchtungen, dass die Farbe etwas zu gedeckt f\u00fcr meinen\u2026","rel":"","context":"In &quot;Allgemein&quot;","block_context":{"text":"Allgemein","link":"https:\/\/stichelstube.capricorna.de\/wordpress\/category\/allgemein\/"},"img":{"alt_text":"","src":"","width":0,"height":0},"classes":[]},{"id":492,"url":"https:\/\/stichelstube.capricorna.de\/wordpress\/2009\/01\/17\/recycling-fahig\/","url_meta":{"origin":522,"position":2},"title":"Recycling-f\u00e4hig?","author":"Kerstin","date":"17. Januar 2009","format":false,"excerpt":"Seit einiger Zeit schneide ich bei den Hemden, die mein G\u00f6Ga aussortiert, immer die Kn\u00f6pfe ab. Die sch\u00f6nen, kleinen, neutralen Perlmutt-Kn\u00f6pfe sind die perfekten Blusen- und Hemden-Kn\u00f6pfe, und neu gekauft sind sie nicht preiswert. Vor kurzem habe ich mir dann auch mal seine Kragen angeschaut, und wie die verarbeitet sind.\u2026","rel":"","context":"In &quot;Allgemein&quot;","block_context":{"text":"Allgemein","link":"https:\/\/stichelstube.capricorna.de\/wordpress\/category\/allgemein\/"},"img":{"alt_text":"","src":"https:\/\/i0.wp.com\/www.capricorna.de\/naehen\/blogpics\/kragenstaebchen.jpg?resize=350%2C200","width":350,"height":200},"classes":[]},{"id":665,"url":"https:\/\/stichelstube.capricorna.de\/wordpress\/2010\/01\/11\/keine-sommerbluse\/","url_meta":{"origin":522,"position":3},"title":"Keine Sommerbluse","author":"Kerstin","date":"11. Januar 2010","format":false,"excerpt":"Angeregt durch Isebills sch\u00f6nen Beitrag \"Hochsommermode - JETZT!\" dachte ich mir, n\u00e4h doch mal ein Sommerbl\u00fcschen. In einer Bumo vom letzten vorletzten Jahr war so ein s\u00fc\u00dfes Schnittmuster drin, das ich mir damals sogar schon rauskopiert hatte. Mit viel M\u00fche habe ich aus einem Stoffrest gerade so zuschneiden k\u00f6nnen, und\u2026","rel":"","context":"In &quot;Allgemein&quot;","block_context":{"text":"Allgemein","link":"https:\/\/stichelstube.capricorna.de\/wordpress\/category\/allgemein\/"},"img":{"alt_text":"","src":"https:\/\/i0.wp.com\/www.capricorna.de\/naehen\/blogpics\/bumo_2_2008_101_1.jpg?resize=350%2C200","width":350,"height":200},"classes":[]},{"id":4,"url":"https:\/\/stichelstube.capricorna.de\/wordpress\/2003\/04\/03\/4\/","url_meta":{"origin":522,"position":4},"title":"Das Projekt Bluse habe ich\u2026","author":"Kerstin","date":"3. April 2003","format":false,"excerpt":"Das Projekt Bluse habe ich erstmal auf Eis gelegt zugunsten eines Kopfkissens f\u00fcr den Schaukelstuhl. Ich hatte eine Papier-Schablone erstellt, und war gestern soweit, dass sie halbfertig war. Ein etwa drei Zentimeter dickes Kissen mit Schaumstoff-Lagen gef\u00e4llt. Bei der \"Anprobe\" stellte ich dann fest, dass durch den dicken Schaumstoff das\u2026","rel":"","context":"In &quot;Allgemein&quot;","block_context":{"text":"Allgemein","link":"https:\/\/stichelstube.capricorna.de\/wordpress\/category\/allgemein\/"},"img":{"alt_text":"","src":"","width":0,"height":0},"classes":[]},{"id":15,"url":"https:\/\/stichelstube.capricorna.de\/wordpress\/2003\/06\/05\/15\/","url_meta":{"origin":522,"position":5},"title":"Nachtrag vom 02. Juni, weil\u2026","author":"Kerstin","date":"5. Juni 2003","format":false,"excerpt":"Nachtrag vom 02. Juni, weil ich Blogger da nicht erreichen konnte: Ja, das T-Shirt ist fast fertig. Ich habe Vorderteil und R\u00fcckenteil vertauscht, weil ich gemerkt habe, dass das R\u00fcckenteil den etwas tieferen Ausschnitt hat. Am Vorderteil war er mir zu hoch, zu nah am Hals oder eher an der\u2026","rel":"","context":"In &quot;Allgemein&quot;","block_context":{"text":"Allgemein","link":"https:\/\/stichelstube.capricorna.de\/wordpress\/category\/allgemein\/"},"img":{"alt_text":"","src":"","width":0,"height":0},"classes":[]}],"_links":{"self":[{"href":"https:\/\/stichelstube.capricorna.de\/wordpress\/wp-json\/wp\/v2\/posts\/522","targetHints":{"allow":["GET"]}}],"collection":[{"href":"https:\/\/stichelstube.capricorna.de\/wordpress\/wp-json\/wp\/v2\/posts"}],"about":[{"href":"https:\/\/stichelstube.capricorna.de\/wordpress\/wp-json\/wp\/v2\/types\/post"}],"author":[{"embeddable":true,"href":"https:\/\/stichelstube.capricorna.de\/wordpress\/wp-json\/wp\/v2\/users\/2"}],"replies":[{"embeddable":true,"href":"https:\/\/stichelstube.capricorna.de\/wordpress\/wp-json\/wp\/v2\/comments?post=522"}],"version-history":[{"count":3,"href":"https:\/\/stichelstube.capricorna.de\/wordpress\/wp-json\/wp\/v2\/posts\/522\/revisions"}],"predecessor-version":[{"id":524,"href":"https:\/\/stichelstube.capricorna.de\/wordpress\/wp-json\/wp\/v2\/posts\/522\/revisions\/524"}],"wp:attachment":[{"href":"https:\/\/stichelstube.capricorna.de\/wordpress\/wp-json\/wp\/v2\/media?parent=522"}],"wp:term":[{"taxonomy":"category","embeddable":true,"href":"https:\/\/stichelstube.capricorna.de\/wordpress\/wp-json\/wp\/v2\/categories?post=522"},{"taxonomy":"post_tag","embeddable":true,"href":"https:\/\/stichelstube.capricorna.de\/wordpress\/wp-json\/wp\/v2\/tags?post=522"}],"curies":[{"name":"wp","href":"https:\/\/api.w.org\/{rel}","templated":true}]}}