{"id":532,"date":"2009-03-31T16:56:42","date_gmt":"2009-03-31T15:56:42","guid":{"rendered":"http:\/\/stichelstube.capricorna.de\/wordpress\/?p=532"},"modified":"2009-03-31T17:04:55","modified_gmt":"2009-03-31T16:04:55","slug":"mehr-ideen-als-zeit","status":"publish","type":"post","link":"https:\/\/stichelstube.capricorna.de\/wordpress\/2009\/03\/31\/mehr-ideen-als-zeit\/","title":{"rendered":"Mehr Ideen als Zeit&#8230;"},"content":{"rendered":"<p>&#8230; hab ich wieder mal. *st\u00f6hn*<\/p>\n<p>Auf dem Elbnadel-N\u00e4htreff habe ich \u00fcberall sehr h\u00fcbsche Taschen gesehen und habe dann erfahren, dass es sich dabei um <a title=\"Gretelies\" href=\"http:\/\/gretelies.blogspot.com\/2008\/03\/zum-mitmachen-da-so-viele-danach.html\" target=\"_blank\">Gretelies<\/a>&#8218; Tasche handelt, die im Forum grad sehr beliebt ist. Sie sieht auch wirklich sehr praktisch aus, und mit\u00a0 den richtigen Stoffen total s\u00fc\u00df! Da ich vorwiegend mit Stofftaschen einkaufen gehe, um Plastikt\u00fcten zu vermeiden, h\u00e4tte ich daf\u00fcr schon Verwendung.<\/p>\n<p>Dann fiel mir gestern ein, dass eine Handy-Ladestation auch eine ganz tolle Idee w\u00e4re und habe erstmal dazu im Forum recherchiert und habe <a href=\"http:\/\/www.hobbyschneiderin.net\/portal\/showthread.php?t=92775\" target=\"_blank\">zwei<\/a> <a href=\"http:\/\/www.hobbyschneiderin.net\/portal\/showthread.php?t=78442\" target=\"_blank\">nette<\/a> Beispiele gefunden, an denen ich mich orientieren will.<\/p>\n<p>Und dann habe ich mir noch die neue <a title=\"Ottobre Design\" href=\"http:\/\/www.ottobredesign.com\/\" target=\"_blank\">Ottobre<\/a> geg\u00f6nnt, weil da ein ganz interessanter Mantel drin ist. Aber angefixt hat mich dann die <a title=\"Ottobre Download Pea Pod Leinenhandtasche\" href=\"http:\/\/www.ottobredesign.com\/fi\/kaavat\/pdf\/pea_pod_purse_2-09.pdf\" target=\"_blank\">Pea Pod Leinenhandtasche<\/a>, die total s\u00fc\u00df ist! Meine derzeitige Lieblings-Stoffhandtasche hat keinen Rei\u00dfverschluss, und so eine geschlossene Tasche w\u00e4re mir in der Gro\u00dfstadt oft deutlich lieber. Sie hat viele praktische kleine F\u00e4cher innen und au\u00dfen, und ist insgesamt sogar gro\u00df genug f\u00fcr meinen kleinen\u00a0 EeePC. \ud83d\ude00 Da habe ich mir gestern direkt das Schnittmuster ausgedruckt und abkopiert, und bei der Gelegenheit Taschenboden und Tasche so verbreitert, dass die Tupperdose f\u00fcr mein M\u00fcsli-Fr\u00fchst\u00fcck auch noch hineinpasst. Auf der Suche nach der perfekten Handtasche&#8230;<\/p>\n<p>Tja, wieder mal mehr Ideen als Zeit. Mal sehen, ob und wann ich davon etwas umsetze. Erstmal muss ich in meinem N\u00e4hzimmer klar Schiff machen; da hat sich n\u00e4mlich in den letzten Wochen einiges an Zeugs angesammelt, das da gar nicht hingeh\u00f6rt, f\u00fcr das wir aber noch keinen anderen Platz gefunden haben. Im Moment kann ich dort kaum den Boden sehen, aber seht selbst:<\/p>\n<p><img data-recalc-dims=\"1\" loading=\"lazy\" decoding=\"async\" class=\"aligncenter\" title=\"Chaos im N\u00e4hzimmer 1\" src=\"https:\/\/i0.wp.com\/www.capricorna.de\/naehen\/blogpics\/chaos_az_1.jpg?resize=263%2C350\" alt=\"\" width=\"263\" height=\"350\" \/><\/p>\n<p>Und hier:<\/p>\n<p><img data-recalc-dims=\"1\" loading=\"lazy\" decoding=\"async\" class=\"aligncenter\" title=\"Chaos im N\u00e4hzimmer 2\" src=\"https:\/\/i0.wp.com\/www.capricorna.de\/naehen\/blogpics\/chaos_az_2.jpg?resize=300%2C225\" alt=\"\" width=\"300\" height=\"225\" \/><\/p>\n<p>Deswegen habe ich auch in den letzten\u00a0 Wochen wieder so wenig getan, denn das Zimmer ist derzeit so ungem\u00fctlich, dass ich es lieber nicht betrete. Um den Kram loszuwerden, muss ich allerdings erstmal in der Abstellkammer etwas Platz schaffen, und was sowas bedeutet, d\u00fcrfte ja jedem klar sein&#8230; :rolleyes: Daher habe ich meinen freien Tag heute mit einer Fahrt zum Recyclinghof und einem OBI-Besuch vers\u00fc\u00dft, um alten Kram loszuwerden und zwei neue K\u00e4sten f\u00fcr Kleinzeugs zu kaufen. Au\u00dferdem habe ich mich gleich mit Abdeck-Folie zum Schnittmuster kopieren eingedeckt. Der OBI ist etwas weiter weg, und s\u00e4mtliche anderen Baum\u00e4rkte in der N\u00e4he haben nur ganz komische graue Folie, die noch dazu teils entsetzlich stinkt. Nur bei OBI habe ich bislang die sch\u00f6ne klare Abdeckfolie ohne Ger\u00fcche gefunden, in extra stark, damit die Schnittmuster lange halten. \ud83d\ude42<\/p>\n<p>Und jetzt werde ich mich wohl mal in das Chaos st\u00fcrzen. Wenn ihr in drei Tagen nichts von mir h\u00f6rt, k\u00f6nnt ihr den Suchtrupp schicken. \ud83d\ude00<\/p>\n","protected":false},"excerpt":{"rendered":"<p>&#8230; hab ich wieder mal. *st\u00f6hn* Auf dem Elbnadel-N\u00e4htreff habe ich \u00fcberall sehr h\u00fcbsche Taschen gesehen und habe dann erfahren, dass es sich dabei um Gretelies&#8218; Tasche handelt, die im Forum grad sehr beliebt ist. Sie sieht auch wirklich sehr praktisch aus, und mit\u00a0 den richtigen Stoffen total s\u00fc\u00df! Da ich vorwiegend mit Stofftaschen einkaufen &hellip; <a href=\"https:\/\/stichelstube.capricorna.de\/wordpress\/2009\/03\/31\/mehr-ideen-als-zeit\/\" class=\"more-link\"><span class=\"screen-reader-text\">\u201eMehr Ideen als Zeit&#8230;\u201c <\/span>weiterlesen<\/a><\/p>\n","protected":false},"author":2,"featured_media":0,"comment_status":"open","ping_status":"open","sticky":false,"template":"","format":"standard","meta":{"jetpack_post_was_ever_published":false,"_jetpack_newsletter_access":"","_jetpack_dont_email_post_to_subs":false,"_jetpack_newsletter_tier_id":0,"_jetpack_memberships_contains_paywalled_content":false,"_jetpack_memberships_contains_paid_content":false,"footnotes":"","jetpack_publicize_message":"","jetpack_publicize_feature_enabled":true,"jetpack_social_post_already_shared":false,"jetpack_social_options":{"image_generator_settings":{"template":"highway","default_image_id":0,"font":"","enabled":false},"version":2}},"categories":[1],"tags":[],"class_list":["post-532","post","type-post","status-publish","format-standard","hentry","category-allgemein"],"jetpack_publicize_connections":[],"jetpack_featured_media_url":"","jetpack_sharing_enabled":true,"jetpack_shortlink":"https:\/\/wp.me\/p6Znca-8A","jetpack-related-posts":[{"id":877,"url":"https:\/\/stichelstube.capricorna.de\/wordpress\/2011\/11\/14\/ziemlich-flotter-cordrock\/","url_meta":{"origin":532,"position":0},"title":"Ziemlich flotter Cordrock","author":"Kerstin","date":"14. November 2011","format":false,"excerpt":"Im Hobbyschneiderin-Forum sind diesen Monat R\u00f6cke das Motivationsthema. Und da wir seit kurzem einen Tanzkurs besuchen, und ich \u00fcberhaupt seit Jahren darauf hoffe, doch mal \u00fcber Nacht zur begeisterten Rocktr\u00e4gerin zu \u00a0mutieren, war das ein guter Anlass, in dieser Richtung t\u00e4tig zu werden. Auf der Suche nach Inspirationen bl\u00e4tterte ich\u2026","rel":"","context":"In &quot;Fertig&quot;","block_context":{"text":"Fertig","link":"https:\/\/stichelstube.capricorna.de\/wordpress\/category\/fertig\/"},"img":{"alt_text":"","src":"https:\/\/i0.wp.com\/www.capricorna.de\/naehen\/pics_fertig\/20111113_cordrock_2.jpg?resize=350%2C200","width":350,"height":200},"classes":[]},{"id":2107,"url":"https:\/\/stichelstube.capricorna.de\/wordpress\/2021\/12\/25\/weihnachts-ufos-gelandet\/","url_meta":{"origin":532,"position":1},"title":"Weihnachts-Ufos gelandet","author":"Kerstin","date":"25. Dezember 2021","format":false,"excerpt":"Kurz vor Toresschluss habe ich noch zwei Ufos landen k\u00f6nnen und zwei Recycling-Taschen fertiggestellt. Links f\u00fcr Glas, rechts f\u00fcr Altpapier. Meine private Buchf\u00fchrung verr\u00e4t mir, dass ich den Stoff, Wachstuch mit Retro-Apfel-Motiv, vor ziemlich genau zwei Jahren gekauft habe. Und seit etwa anderthalb Jahren standen eine halbfertige und eine zugeschnittene\u2026","rel":"","context":"In &quot;Fertig&quot;","block_context":{"text":"Fertig","link":"https:\/\/stichelstube.capricorna.de\/wordpress\/category\/fertig\/"},"img":{"alt_text":"","src":"https:\/\/i0.wp.com\/stichelstube.capricorna.de\/wordpress\/wp-content\/2021\/12\/B6BBD768-F8DE-4F62-AE32-E7CC717BE3A1.jpeg?resize=350%2C200&ssl=1","width":350,"height":200,"srcset":"https:\/\/i0.wp.com\/stichelstube.capricorna.de\/wordpress\/wp-content\/2021\/12\/B6BBD768-F8DE-4F62-AE32-E7CC717BE3A1.jpeg?resize=350%2C200&ssl=1 1x, https:\/\/i0.wp.com\/stichelstube.capricorna.de\/wordpress\/wp-content\/2021\/12\/B6BBD768-F8DE-4F62-AE32-E7CC717BE3A1.jpeg?resize=525%2C300&ssl=1 1.5x, https:\/\/i0.wp.com\/stichelstube.capricorna.de\/wordpress\/wp-content\/2021\/12\/B6BBD768-F8DE-4F62-AE32-E7CC717BE3A1.jpeg?resize=700%2C400&ssl=1 2x, https:\/\/i0.wp.com\/stichelstube.capricorna.de\/wordpress\/wp-content\/2021\/12\/B6BBD768-F8DE-4F62-AE32-E7CC717BE3A1.jpeg?resize=1050%2C600&ssl=1 3x"},"classes":[]},{"id":31,"url":"https:\/\/stichelstube.capricorna.de\/wordpress\/2003\/09\/10\/31\/","url_meta":{"origin":532,"position":2},"title":"Bei der Tasche steckt doch\u2026","author":"Kerstin","date":"10. September 2003","format":false,"excerpt":"Bei der Tasche steckt doch mehr Denkarbeit dahinter als ich dachte. Ich hatte den Boden mit fester Schabrackeneinlage verst\u00e4rkt, und danach an die vier Seitenteile gen\u00e4ht. Die Einlage ist allerdings so fest, dass sich die Tasche nun nicht mehr so einfach weiterverarbeiten l\u00e4sst. Also habe ich die Einlage wieder rausgezupft,\u2026","rel":"","context":"In &quot;Allgemein&quot;","block_context":{"text":"Allgemein","link":"https:\/\/stichelstube.capricorna.de\/wordpress\/category\/allgemein\/"},"img":{"alt_text":"","src":"","width":0,"height":0},"classes":[]},{"id":2835,"url":"https:\/\/stichelstube.capricorna.de\/wordpress\/2025\/01\/10\/ich-hab-den-beutel-schoen\/","url_meta":{"origin":532,"position":3},"title":"Ich hab den Beutel sch\u00f6n!","author":"Kerstin","date":"10. Januar 2025","format":false,"excerpt":"Eine aufwendige, aber sehr schicke kleine Tasche f\u00fcr Strickzeug oder anderes Kleinzeug.","rel":"","context":"In &quot;Fertig&quot;","block_context":{"text":"Fertig","link":"https:\/\/stichelstube.capricorna.de\/wordpress\/category\/fertig\/"},"img":{"alt_text":"","src":"","width":0,"height":0},"classes":[]},{"id":1172,"url":"https:\/\/stichelstube.capricorna.de\/wordpress\/2014\/12\/29\/kleine-geschenke\/","url_meta":{"origin":532,"position":4},"title":"Kleine Geschenke&#8230;","author":"Kerstin","date":"29. Dezember 2014","format":false,"excerpt":".. erhalten die Freundschaft, sagt man. Was machen dann eigentlich gro\u00dfe Geschenke? ;) Eine liebe Freundin war letztes Jahr begeistert von meiner rot-wei\u00df-karierten Fahrradk\u00f6rbchen-Tasche. Auf Nachfrage, was genau ihr daran so gut gefiel, nannte sie zum einen Farbe und Muster und zweitens die Gr\u00f6\u00dfe. Ah, Idee! Schon ewig habe ich\u2026","rel":"","context":"In &quot;Fertig&quot;","block_context":{"text":"Fertig","link":"https:\/\/stichelstube.capricorna.de\/wordpress\/category\/fertig\/"},"img":{"alt_text":"","src":"https:\/\/i0.wp.com\/www.capricorna.de\/naehen\/pics_fertig\/20141210_hobo_3.jpg?resize=350%2C200","width":350,"height":200},"classes":[]},{"id":138,"url":"https:\/\/stichelstube.capricorna.de\/wordpress\/2004\/08\/13\/138\/","url_meta":{"origin":532,"position":5},"title":"Ich habe mich f\u00fcr die\u2026","author":"Kerstin","date":"13. August 2004","format":false,"excerpt":"Ich habe mich f\u00fcr die Tasche jetzt f\u00fcr braungoldenen Organza mit aufgesetzten Blumen und dazu passende Dupion-Seide entschieden. Ich hoffe, diese Farbe passt zu beiden Kleidern. Zu dem Orange passt es auf jeden Fall, und das Rot ist sehr dunkel, und auch etwas changierend, \u00e4hnlich wie der Organza. Die Verk\u00e4uferin\u2026","rel":"","context":"In &quot;Allgemein&quot;","block_context":{"text":"Allgemein","link":"https:\/\/stichelstube.capricorna.de\/wordpress\/category\/allgemein\/"},"img":{"alt_text":"","src":"","width":0,"height":0},"classes":[]}],"_links":{"self":[{"href":"https:\/\/stichelstube.capricorna.de\/wordpress\/wp-json\/wp\/v2\/posts\/532","targetHints":{"allow":["GET"]}}],"collection":[{"href":"https:\/\/stichelstube.capricorna.de\/wordpress\/wp-json\/wp\/v2\/posts"}],"about":[{"href":"https:\/\/stichelstube.capricorna.de\/wordpress\/wp-json\/wp\/v2\/types\/post"}],"author":[{"embeddable":true,"href":"https:\/\/stichelstube.capricorna.de\/wordpress\/wp-json\/wp\/v2\/users\/2"}],"replies":[{"embeddable":true,"href":"https:\/\/stichelstube.capricorna.de\/wordpress\/wp-json\/wp\/v2\/comments?post=532"}],"version-history":[{"count":3,"href":"https:\/\/stichelstube.capricorna.de\/wordpress\/wp-json\/wp\/v2\/posts\/532\/revisions"}],"predecessor-version":[{"id":534,"href":"https:\/\/stichelstube.capricorna.de\/wordpress\/wp-json\/wp\/v2\/posts\/532\/revisions\/534"}],"wp:attachment":[{"href":"https:\/\/stichelstube.capricorna.de\/wordpress\/wp-json\/wp\/v2\/media?parent=532"}],"wp:term":[{"taxonomy":"category","embeddable":true,"href":"https:\/\/stichelstube.capricorna.de\/wordpress\/wp-json\/wp\/v2\/categories?post=532"},{"taxonomy":"post_tag","embeddable":true,"href":"https:\/\/stichelstube.capricorna.de\/wordpress\/wp-json\/wp\/v2\/tags?post=532"}],"curies":[{"name":"wp","href":"https:\/\/api.w.org\/{rel}","templated":true}]}}