{"id":578,"date":"2009-05-18T21:26:43","date_gmt":"2009-05-18T20:26:43","guid":{"rendered":"http:\/\/stichelstube.capricorna.de\/wordpress\/?p=578"},"modified":"2009-05-18T21:26:43","modified_gmt":"2009-05-18T20:26:43","slug":"ich-bin-wieder-15","status":"publish","type":"post","link":"https:\/\/stichelstube.capricorna.de\/wordpress\/2009\/05\/18\/ich-bin-wieder-15\/","title":{"rendered":"Ich bin wieder 15&#8230;"},"content":{"rendered":"<p>&#8230; mit diesem Shirt! \ud83d\ude00<\/p>\n<p><img data-recalc-dims=\"1\" loading=\"lazy\" decoding=\"async\" class=\"aligncenter\" title=\"80er Jahre-T-Shirt\" src=\"https:\/\/i0.wp.com\/www.capricorna.de\/naehen\/pics_fertig\/80ershirt.jpg?resize=304%2C350\" alt=\"\" width=\"304\" height=\"350\" \/><\/p>\n<p>Schon vor drei Jahren &#8211; *huch* ich dachte, den h\u00e4tte ich erst letztes Jahr gekauft! &#8211; hat mich dieser Stoff mit Graffiti-Aufdruck angesprungen, der ein wenig *h\u00fcstel* nach 80er Jahren aussieht. Und da musste nat\u00fcrlich ein 80er Jahre-Schnitt dazu. Kein originaler, denn in S\u00e4cken will ich heute auch nicht mehr herumlaufen. Aber in der <a title=\"Burda 06\/08 # 117\" href=\"http:\/\/www.burdafashion.com\/de\/Magazine\/Archiv_burda_Modemagazin\/117_Shirt\/1270777-1463237-1623441-1623450-1624703.html\" target=\"_blank\">Burda vom Juli 2008<\/a> fand sich ein interessanter Shirt-Schnitt mit der richtigen Optik.<\/p>\n<p>Gestern zugeschnitten, gestern gen\u00e4ht &#8211; nein, nicht heute getragen, denn zum einen bin ich ja noch etwas erk\u00e4ltet, zum anderen l\u00e4sst die Hitzewelle hier noch etwas auf sich warten. Aber wenn sie kommt&#8230; \ud83d\ude09<\/p>\n<p>Der Schnitt besteht nur aus zwei Teilen und dem B\u00fcndchen. Eigentlich geh\u00f6ren dann noch Belege f\u00fcr den Ausschnitt dazu &#8211; der \u00fcbrigens hinten genauso aussieht wie vorne &#8211; aber ich habe es mir schnell und einfach gemacht: Ich habe nur die Nahtzugaben des Ausschnitts nach innen geklappt, unten eine kleine &#8222;Lasche&#8220; geschnitten, und mit der Cover dr\u00fcbergesteppt. Habe ich schon mal erw\u00e4hnt, dass ich das Teil liebe? \ud83d\ude00<\/p>\n<p>Der Ausschnitt ist zwar jetzt nicht spitz, aber das ist ja nicht schlimm. Wie bei Burda \u00fcblich, habe ich den Ausschnitt au\u00dferdem ca. 4 cm nach oben verlegt, weil man sonst bis dorthinaus h\u00e4tte gucken k\u00f6nnen. Und b\u00fcrotauglich soll auch dieses Shirt trotzdem sein. \ud83d\ude09<\/p>\n<p>Nach dem Zusammenn\u00e4hen &#8211; f\u00fcr die Anprobe war ich nat\u00fcrlich auch zu faul&#8230; &#8211; fand ich das Shirt allerdings viel zu lang. Bei meiner &#8222;Gr\u00f6\u00dfe&#8220; stehen mir einfach keine Sachen, die bis zur H\u00fcfte reichen; da sehe ich drin aus, als ob ich die Kleidung meiner nicht vorhandenen gro\u00dfen Schwester auftragen w\u00fcrde. Also erstmal den Bund mit dem Rollschneider wieder abgetrennt und beherzt das Shirt um 8,5 cm gek\u00fcrzt. Dann fiel mir ein, doch mal eine<a title=\"shirtschnitt an Hohlkreuz anpassen # 3\" href=\"http:\/\/www.hobbyschneiderin.net\/portal\/showpost.php?p=1035051&amp;postcount=3\" target=\"_blank\"> noch nicht getestete \u00c4nderung gegen Hohlkreuz<\/a> auszuprobieren, weil sich das Shirt im R\u00fccken doch viel zu sehr gebauscht hat. Also auch die Seitenn\u00e4hte sorgf\u00e4ltig aufgetrennt *st\u00f6hn* und dann nur das R\u00fcckenteil in der Taille auf jeder Seite 2,5 cm eingekurvt, auslaufend zu den Endpunkten am unteren \u00c4rmelausschnitt und Saumkante. Dann wieder an das Vorderteil gen\u00e4ht. Und vom Hinterteil musste ich dann noch etwas mehr wegschneiden, weil es durch die gebogene Naht ja &#8222;l\u00e4nger&#8220; wird als das Vorderteil. Bund wieder dran und &#8211; perfekt! Diese Hohlkreuz-\u00c4nderung ist genial! Und die L\u00e4nge sieht auch besser aus. \ud83d\ude42<\/p>\n<p>Heute die letzten F\u00e4den und die beiden &#8222;Laschen&#8220; in den Spitzen vorne angen\u00e4ht, und fertig ist das Teil. Hach, sch\u00f6n, so ein schnelles Erfolgserlebnis. \ud83d\ude42<\/p>\n<p>Und wieder ein Stoff weniger. *freu* Neulich habe ich gesehen, dass der Boden meiner untersten Stoffkommodenschublade sich an einer Ecke etwas gel\u00f6st hat &#8211; ist wohl etwas zu viel Stoff drin&#8230; *fl\u00f6t* Gut, das ist nur ein Ikea-M\u00f6bel, aber ich sollte wirklich mal etwas entschlossener die Berge hier abbauen&#8230; \ud83d\ude09<\/p>\n","protected":false},"excerpt":{"rendered":"<p>&#8230; mit diesem Shirt! \ud83d\ude00 Schon vor drei Jahren &#8211; *huch* ich dachte, den h\u00e4tte ich erst letztes Jahr gekauft! &#8211; hat mich dieser Stoff mit Graffiti-Aufdruck angesprungen, der ein wenig *h\u00fcstel* nach 80er Jahren aussieht. Und da musste nat\u00fcrlich ein 80er Jahre-Schnitt dazu. Kein originaler, denn in S\u00e4cken will ich heute auch nicht mehr &hellip; <a href=\"https:\/\/stichelstube.capricorna.de\/wordpress\/2009\/05\/18\/ich-bin-wieder-15\/\" class=\"more-link\"><span class=\"screen-reader-text\">\u201eIch bin wieder 15&#8230;\u201c <\/span>weiterlesen<\/a><\/p>\n","protected":false},"author":2,"featured_media":0,"comment_status":"open","ping_status":"open","sticky":false,"template":"","format":"standard","meta":{"jetpack_post_was_ever_published":false,"_jetpack_newsletter_access":"","_jetpack_dont_email_post_to_subs":false,"_jetpack_newsletter_tier_id":0,"_jetpack_memberships_contains_paywalled_content":false,"_jetpack_memberships_contains_paid_content":false,"footnotes":"","jetpack_publicize_message":"","jetpack_publicize_feature_enabled":true,"jetpack_social_post_already_shared":false,"jetpack_social_options":{"image_generator_settings":{"template":"highway","default_image_id":0,"font":"","enabled":false},"version":2}},"categories":[5],"tags":[],"class_list":["post-578","post","type-post","status-publish","format-standard","hentry","category-fertig"],"jetpack_publicize_connections":[],"jetpack_featured_media_url":"","jetpack_sharing_enabled":true,"jetpack_shortlink":"https:\/\/wp.me\/p6Znca-9k","jetpack-related-posts":[{"id":717,"url":"https:\/\/stichelstube.capricorna.de\/wordpress\/2010\/06\/16\/sommerblumen-shirt\/","url_meta":{"origin":578,"position":0},"title":"Sommerblumen-Shirt","author":"Kerstin","date":"16. Juni 2010","format":false,"excerpt":"Bei dem leidlich sch\u00f6nen Wetter der letzten Tage und Wochen habe ich jetzt endlich Lust auf sommerliche Kleidung bekommen. Was ich in meinem Schrank schmerzlich vermisse, sind h\u00fcbsche sommerliche T-Shirts. Also habe ich mich gestern kurzfristig dazu entschlossen, meinen aller-aller-sch\u00f6nsten Jersey zuzuschneiden, um den ich schon seit einem Jahr herumschleiche.\u2026","rel":"","context":"In &quot;Fertig&quot;","block_context":{"text":"Fertig","link":"https:\/\/stichelstube.capricorna.de\/wordpress\/category\/fertig\/"},"img":{"alt_text":"","src":"https:\/\/i0.wp.com\/www.capricorna.de\/naehen\/pics_fertig\/jini_shirt_1.jpg?resize=350%2C200","width":350,"height":200},"classes":[]},{"id":202,"url":"https:\/\/stichelstube.capricorna.de\/wordpress\/2005\/04\/25\/202\/","url_meta":{"origin":578,"position":1},"title":"Meine restliche \"Beute\" von Samstag,\u2026","author":"Kerstin","date":"25. April 2005","format":false,"excerpt":"Meine restliche \"Beute\" von Samstag, diverse Kurzwaren. Einige selbst gekauft, die meisten als Zugabe, weil ich soviel Geld da gelassen habe... :-DHeute bin ich wieder knapp an einem Ufo vorbeigeschrammt: Ich hatte gestern ein T-Shirt zugeschnitten und gr\u00f6sstenteils auch schon gen\u00e4ht. Den Schnitt hatte ich zusammengebastelt aus einem Teil \"New\u2026","rel":"","context":"In &quot;Allgemein&quot;","block_context":{"text":"Allgemein","link":"https:\/\/stichelstube.capricorna.de\/wordpress\/category\/allgemein\/"},"img":{"alt_text":"","src":"","width":0,"height":0},"classes":[]},{"id":455,"url":"https:\/\/stichelstube.capricorna.de\/wordpress\/2010\/01\/13\/und-noch-was-sommerliches\/","url_meta":{"origin":578,"position":2},"title":"Und noch was sommerliches&#8230;","author":"Kerstin","date":"13. Januar 2010","format":false,"excerpt":"Nicht, dass ich mich von einem Fehlschlag so leicht entmutigen lasse... Wo ich schon mal dabei bin, Schnittmuster zu testen, die mir gefallen, mache ich auch gleich weiter. Beziehungsweise ich krame meine Test-Ufos vom letzten Jahr hervor: Eine Art Tunika, aus der Juli-Burda von 2008, Modell 108. Leider auf der\u2026","rel":"","context":"In &quot;Allgemein&quot;","block_context":{"text":"Allgemein","link":"https:\/\/stichelstube.capricorna.de\/wordpress\/category\/allgemein\/"},"img":{"alt_text":"","src":"https:\/\/i0.wp.com\/www.capricorna.de\/naehen\/blogpics\/bumo_108_0708_vorher.jpg?resize=350%2C200","width":350,"height":200},"classes":[]},{"id":108,"url":"https:\/\/stichelstube.capricorna.de\/wordpress\/2004\/06\/10\/108\/","url_meta":{"origin":578,"position":3},"title":"Jetzt war ich ganz sch\u00f6n\u2026","author":"Kerstin","date":"10. Juni 2004","format":false,"excerpt":"Jetzt war ich ganz sch\u00f6n lange n\u00e4hfaul. :-) Am Montag habe ich vor dem N\u00e4hkurs, der wieder angefangen hat, noch schnell ein T-Shirt zugeschnitten, nach meinem Lieblingsschnitt. Im Kurs habe ich dann leider die Schultern unterschiedlich \u00fcbereinander gelegt, und in der Folge einen \u00c4rmel an das falsche Armloch gen\u00e4ht. Nur\u2026","rel":"","context":"In &quot;Allgemein&quot;","block_context":{"text":"Allgemein","link":"https:\/\/stichelstube.capricorna.de\/wordpress\/category\/allgemein\/"},"img":{"alt_text":"","src":"","width":0,"height":0},"classes":[]},{"id":665,"url":"https:\/\/stichelstube.capricorna.de\/wordpress\/2010\/01\/11\/keine-sommerbluse\/","url_meta":{"origin":578,"position":4},"title":"Keine Sommerbluse","author":"Kerstin","date":"11. Januar 2010","format":false,"excerpt":"Angeregt durch Isebills sch\u00f6nen Beitrag \"Hochsommermode - JETZT!\" dachte ich mir, n\u00e4h doch mal ein Sommerbl\u00fcschen. In einer Bumo vom letzten vorletzten Jahr war so ein s\u00fc\u00dfes Schnittmuster drin, das ich mir damals sogar schon rauskopiert hatte. Mit viel M\u00fche habe ich aus einem Stoffrest gerade so zuschneiden k\u00f6nnen, und\u2026","rel":"","context":"In &quot;Allgemein&quot;","block_context":{"text":"Allgemein","link":"https:\/\/stichelstube.capricorna.de\/wordpress\/category\/allgemein\/"},"img":{"alt_text":"","src":"https:\/\/i0.wp.com\/www.capricorna.de\/naehen\/blogpics\/bumo_2_2008_101_1.jpg?resize=350%2C200","width":350,"height":200},"classes":[]},{"id":330,"url":"https:\/\/stichelstube.capricorna.de\/wordpress\/2007\/02\/18\/lockchen-lammfromm\/","url_meta":{"origin":578,"position":5},"title":"L\u00f6ckchen, lammfromm","author":"Kerstin","date":"18. Februar 2007","format":false,"excerpt":"Am 20. Januar hatte ich ja meine kleine Ovi-Zicke zum H\u00e4ndler gebracht, weil die linke Nadel st\u00e4ndig Stiche ausliess. Bereits drei Tage sp\u00e4ter erhielt ich einen Anruf, dass ich sie wieder abholen k\u00f6nnte *freu*Der Nadelschutz hatte sich verstellt, wurde mir gesagt, und die Reparatur ging auf Garantie, also kostenfrei *doppelfreu*Zu\u2026","rel":"","context":"In &quot;Allgemein&quot;","block_context":{"text":"Allgemein","link":"https:\/\/stichelstube.capricorna.de\/wordpress\/category\/allgemein\/"},"img":{"alt_text":"","src":"","width":0,"height":0},"classes":[]}],"_links":{"self":[{"href":"https:\/\/stichelstube.capricorna.de\/wordpress\/wp-json\/wp\/v2\/posts\/578","targetHints":{"allow":["GET"]}}],"collection":[{"href":"https:\/\/stichelstube.capricorna.de\/wordpress\/wp-json\/wp\/v2\/posts"}],"about":[{"href":"https:\/\/stichelstube.capricorna.de\/wordpress\/wp-json\/wp\/v2\/types\/post"}],"author":[{"embeddable":true,"href":"https:\/\/stichelstube.capricorna.de\/wordpress\/wp-json\/wp\/v2\/users\/2"}],"replies":[{"embeddable":true,"href":"https:\/\/stichelstube.capricorna.de\/wordpress\/wp-json\/wp\/v2\/comments?post=578"}],"version-history":[{"count":1,"href":"https:\/\/stichelstube.capricorna.de\/wordpress\/wp-json\/wp\/v2\/posts\/578\/revisions"}],"predecessor-version":[{"id":579,"href":"https:\/\/stichelstube.capricorna.de\/wordpress\/wp-json\/wp\/v2\/posts\/578\/revisions\/579"}],"wp:attachment":[{"href":"https:\/\/stichelstube.capricorna.de\/wordpress\/wp-json\/wp\/v2\/media?parent=578"}],"wp:term":[{"taxonomy":"category","embeddable":true,"href":"https:\/\/stichelstube.capricorna.de\/wordpress\/wp-json\/wp\/v2\/categories?post=578"},{"taxonomy":"post_tag","embeddable":true,"href":"https:\/\/stichelstube.capricorna.de\/wordpress\/wp-json\/wp\/v2\/tags?post=578"}],"curies":[{"name":"wp","href":"https:\/\/api.w.org\/{rel}","templated":true}]}}