{"id":583,"date":"2009-05-22T16:43:29","date_gmt":"2009-05-22T14:43:29","guid":{"rendered":"http:\/\/stichelstube.capricorna.de\/wordpress\/?p=583"},"modified":"2009-05-22T16:43:29","modified_gmt":"2009-05-22T14:43:29","slug":"freitags-projekt","status":"publish","type":"post","link":"https:\/\/stichelstube.capricorna.de\/wordpress\/2009\/05\/22\/freitags-projekt\/","title":{"rendered":"Freitags-Projekt"},"content":{"rendered":"<p><img data-recalc-dims=\"1\" loading=\"lazy\" decoding=\"async\" class=\"aligncenter\" title=\"Ladestation\" src=\"https:\/\/i0.wp.com\/www.capricorna.de\/naehen\/pics_fertig\/ladestation_blau.jpg?resize=350%2C350\" alt=\"\" width=\"350\" height=\"350\" \/><\/p>\n<p>Nichts spektakul\u00e4res, nur etwas sehr n\u00fctzliches: Eine Handy-Ladetasche. Nicht \u00fcberall hat man unter der Steckdose auch einen geeigneten Platz zur sicheren Ablage des Handys, und als ich das erste Mal diese s\u00fc\u00dfen Ladestationen gesehen habe, war mir klar, so etwas brauchen wir. Sch\u00f6nes, schnelles Projekt, auch gut als Geschenk geeignet; sogar f\u00fcr M\u00e4nner, die sonst ja eher nicht zur Zielgruppe der N\u00e4hgeschenke geh\u00f6ren. \ud83d\ude09<\/p>\n<p>Die R\u00fcckseite der Stecker-Aussparung habe ich mit einem kleinen St\u00fcck Filz gedoppelt, auf das ich vorher au\u00dferdem \u00a0noch Schabracken-Einlage geb\u00fcgelt habe.<\/p>\n<p>Die \u00d6ffnungen in Einlage und Filz werden sauberer, wenn man sie vor dem B\u00fcgeln und N\u00e4hen ausschneidet und die Teile dann sorgf\u00e4ltig aufeinander setzt: Erst die Schabracken-Einlage auf das kleine St\u00fcck b\u00fcgeln, das wird dann von hinten mit der Einlage nach unten zeigend auf das gr\u00f6\u00dfere Teil aufgen\u00e4ht. Dann noch die \u00d6ffnung von innen vers\u00e4ubern.<\/p>\n<p>Der untere Teil ist einfach umgeklappt und an den Seiten zusammen vers\u00e4ubert, oben mit einem Riegel gegen Ausrei\u00dfen gesichert.<\/p>\n<p>Mein Filz, ca. 4 mm dick, war ehemals ein Tischset, von dem wir aber nur ein einziges Exemplar hatten. Sorry, Schwiegermama, aber in dieser Form haben wir daf\u00fcr mehr Verwendung. Ich hoffe, daf\u00fcr hast du Verst\u00e4ndnis&#8230; \ud83d\ude00<\/p>\n<p>&#8222;Unser&#8220; Bl\u00e4\u00dfhuhn hat inzwischen \u00fcbrigens f\u00fcnf K\u00fcken. Mit ihren roten Wuschelk\u00f6pfchen und den wei\u00dfen Schnabelspitzen sehen sie total s\u00fc\u00df aus. Leider sind unsere Tele-Objektive etwas zu schwach f\u00fcr die Entfernung, also m\u00fcsst ihr mir das einfach so glauben. \ud83d\ude42<\/p>\n","protected":false},"excerpt":{"rendered":"<p>Nichts spektakul\u00e4res, nur etwas sehr n\u00fctzliches: Eine Handy-Ladetasche. Nicht \u00fcberall hat man unter der Steckdose auch einen geeigneten Platz zur sicheren Ablage des Handys, und als ich das erste Mal diese s\u00fc\u00dfen Ladestationen gesehen habe, war mir klar, so etwas brauchen wir. Sch\u00f6nes, schnelles Projekt, auch gut als Geschenk geeignet; sogar f\u00fcr M\u00e4nner, die sonst &hellip; <a href=\"https:\/\/stichelstube.capricorna.de\/wordpress\/2009\/05\/22\/freitags-projekt\/\" class=\"more-link\"><span class=\"screen-reader-text\">\u201eFreitags-Projekt\u201c <\/span>weiterlesen<\/a><\/p>\n","protected":false},"author":2,"featured_media":0,"comment_status":"open","ping_status":"open","sticky":false,"template":"","format":"standard","meta":{"jetpack_post_was_ever_published":false,"_jetpack_newsletter_access":"","_jetpack_dont_email_post_to_subs":false,"_jetpack_newsletter_tier_id":0,"_jetpack_memberships_contains_paywalled_content":false,"_jetpack_memberships_contains_paid_content":false,"footnotes":"","jetpack_publicize_message":"","jetpack_publicize_feature_enabled":true,"jetpack_social_post_already_shared":false,"jetpack_social_options":{"image_generator_settings":{"template":"highway","default_image_id":0,"font":"","enabled":false},"version":2}},"categories":[1],"tags":[],"class_list":["post-583","post","type-post","status-publish","format-standard","hentry","category-allgemein"],"jetpack_publicize_connections":[],"jetpack_featured_media_url":"","jetpack_sharing_enabled":true,"jetpack_shortlink":"https:\/\/wp.me\/p6Znca-9p","jetpack-related-posts":[{"id":1840,"url":"https:\/\/stichelstube.capricorna.de\/wordpress\/2021\/01\/09\/das-faengt-ja-gut-an\/","url_meta":{"origin":583,"position":0},"title":"Das f\u00e4ngt ja gut an!","author":"Kerstin","date":"9. Januar 2021","format":false,"excerpt":"Nanu, gerade mal eine gute Woche rum, und schon ein fertiges Projekt?! Tja, wenn einen das N\u00e4h-Virus mal wieder bei\u00dft, muss schnell gehandelt werden. Ich hatte schon l\u00e4nger dar\u00fcber nachgedacht, mir einen oder mehrere kleine, transport-f\u00e4hige Projektbeutel f\u00fcr das Stricken zu n\u00e4hen. Bislang verwende ich f\u00fcr kleine Projekte oft Ziploc-Beutel,\u2026","rel":"","context":"In &quot;Fertig&quot;","block_context":{"text":"Fertig","link":"https:\/\/stichelstube.capricorna.de\/wordpress\/category\/fertig\/"},"img":{"alt_text":"","src":"","width":0,"height":0},"classes":[]},{"id":1036,"url":"https:\/\/stichelstube.capricorna.de\/wordpress\/2013\/10\/14\/kuscheliger-energietraeger\/","url_meta":{"origin":583,"position":1},"title":"Kuscheliger Energietr\u00e4ger","author":"Kerstin","date":"14. Oktober 2013","format":false,"excerpt":"Endlich geht es weiter mit dem n\u00e4chsten Teil von \"Making Things Wearable\". Diesmal bauen wir einen weiteren Batteriehalter, heute aus Filz, und statt leitendem Garn wird leitendes Gewebe verwendet, um die Energie der Batterie aus der Halterung heraus zu f\u00fchren. Wir brauchen dazu je ein kleines St\u00fcck Filz, das leitende\u2026","rel":"","context":"In &quot;Making Things Wearable&quot;","block_context":{"text":"Making Things Wearable","link":"https:\/\/stichelstube.capricorna.de\/wordpress\/category\/making-things-wearable\/"},"img":{"alt_text":"","src":"https:\/\/i0.wp.com\/www.capricorna.de\/naehen\/blogpics\/mtw\/mtw_1_2a_1.jpg?resize=350%2C200","width":350,"height":200},"classes":[]},{"id":492,"url":"https:\/\/stichelstube.capricorna.de\/wordpress\/2009\/01\/17\/recycling-fahig\/","url_meta":{"origin":583,"position":2},"title":"Recycling-f\u00e4hig?","author":"Kerstin","date":"17. Januar 2009","format":false,"excerpt":"Seit einiger Zeit schneide ich bei den Hemden, die mein G\u00f6Ga aussortiert, immer die Kn\u00f6pfe ab. Die sch\u00f6nen, kleinen, neutralen Perlmutt-Kn\u00f6pfe sind die perfekten Blusen- und Hemden-Kn\u00f6pfe, und neu gekauft sind sie nicht preiswert. Vor kurzem habe ich mir dann auch mal seine Kragen angeschaut, und wie die verarbeitet sind.\u2026","rel":"","context":"In &quot;Allgemein&quot;","block_context":{"text":"Allgemein","link":"https:\/\/stichelstube.capricorna.de\/wordpress\/category\/allgemein\/"},"img":{"alt_text":"","src":"https:\/\/i0.wp.com\/www.capricorna.de\/naehen\/blogpics\/kragenstaebchen.jpg?resize=350%2C200","width":350,"height":200},"classes":[]},{"id":265,"url":"https:\/\/stichelstube.capricorna.de\/wordpress\/2006\/03\/31\/der-erste-entwurf\/","url_meta":{"origin":583,"position":3},"title":"Der erste Entwurf","author":"Kerstin","date":"31. M\u00e4rz 2006","format":false,"excerpt":"Hier der erste Entwurf des Kleides. Ich bin so froh, dass ich mich f\u00fcr ein Probeteil entschieden habe, denn hier werden jede Menge Sachen gemacht, die man nicht jeden Tag unter der Nadel hat.Es f\u00e4ngt an mit den winzigen Falten in dem Organza, der sich so \u00fcberhaupt gar nicht mit\u2026","rel":"","context":"In &quot;Allgemein&quot;","block_context":{"text":"Allgemein","link":"https:\/\/stichelstube.capricorna.de\/wordpress\/category\/allgemein\/"},"img":{"alt_text":"","src":"","width":0,"height":0},"classes":[]},{"id":562,"url":"https:\/\/stichelstube.capricorna.de\/wordpress\/2009\/05\/01\/auf-grose-fahrt\/","url_meta":{"origin":583,"position":4},"title":"Auf gro\u00dfe Fahrt&#8230;","author":"Kerstin","date":"1. Mai 2009","format":false,"excerpt":"... kann dieses Geschenk demn\u00e4chst gehen, und zwar im doppelten Sinn. Vor einiger Zeit gab mir meine Mutter ein Picknickbesteck, f\u00fcr das sie gerne eine Picknickrolle haben wollte. Ich hatte zwar eine Vorstellung, wie ich das umsetzen wollte, und hatte auch schon begonnen, Stoff daf\u00fcr zuzuschneiden, aber so recht gefiel\u2026","rel":"","context":"In &quot;Allgemein&quot;","block_context":{"text":"Allgemein","link":"https:\/\/stichelstube.capricorna.de\/wordpress\/category\/allgemein\/"},"img":{"alt_text":"","src":"https:\/\/i0.wp.com\/www.capricorna.de\/naehen\/blogpics\/picknickrolle3.jpg?resize=350%2C200","width":350,"height":200},"classes":[]},{"id":946,"url":"https:\/\/stichelstube.capricorna.de\/wordpress\/2012\/10\/06\/kann-man-schon-was-sehen\/","url_meta":{"origin":583,"position":5},"title":"Kann man schon was sehen?!","author":"Kerstin","date":"6. Oktober 2012","format":false,"excerpt":"Ein Langzeitprojekt n\u00e4hert sich ganz langsam seiner Vollendung - mein Handtaschen-Klon ist schon ganz gut als solcher erkennbar. Als kleine Erinnerung hier der Anfang, aus dem Juni - da habe ich den Schnitt abgenommen. F\u00fcr den Au\u00dfenstoff habe ich mich f\u00fcr einen lose gewebten Tweed (?) entschieden. Das war nicht\u2026","rel":"","context":"In &quot;Accessoires&quot;","block_context":{"text":"Accessoires","link":"https:\/\/stichelstube.capricorna.de\/wordpress\/category\/accessoires\/"},"img":{"alt_text":"","src":"https:\/\/i0.wp.com\/www.capricorna.de\/naehen\/blogpics\/20121006_tasche__1.jpg?resize=350%2C200","width":350,"height":200},"classes":[]}],"_links":{"self":[{"href":"https:\/\/stichelstube.capricorna.de\/wordpress\/wp-json\/wp\/v2\/posts\/583","targetHints":{"allow":["GET"]}}],"collection":[{"href":"https:\/\/stichelstube.capricorna.de\/wordpress\/wp-json\/wp\/v2\/posts"}],"about":[{"href":"https:\/\/stichelstube.capricorna.de\/wordpress\/wp-json\/wp\/v2\/types\/post"}],"author":[{"embeddable":true,"href":"https:\/\/stichelstube.capricorna.de\/wordpress\/wp-json\/wp\/v2\/users\/2"}],"replies":[{"embeddable":true,"href":"https:\/\/stichelstube.capricorna.de\/wordpress\/wp-json\/wp\/v2\/comments?post=583"}],"version-history":[{"count":2,"href":"https:\/\/stichelstube.capricorna.de\/wordpress\/wp-json\/wp\/v2\/posts\/583\/revisions"}],"predecessor-version":[{"id":585,"href":"https:\/\/stichelstube.capricorna.de\/wordpress\/wp-json\/wp\/v2\/posts\/583\/revisions\/585"}],"wp:attachment":[{"href":"https:\/\/stichelstube.capricorna.de\/wordpress\/wp-json\/wp\/v2\/media?parent=583"}],"wp:term":[{"taxonomy":"category","embeddable":true,"href":"https:\/\/stichelstube.capricorna.de\/wordpress\/wp-json\/wp\/v2\/categories?post=583"},{"taxonomy":"post_tag","embeddable":true,"href":"https:\/\/stichelstube.capricorna.de\/wordpress\/wp-json\/wp\/v2\/tags?post=583"}],"curies":[{"name":"wp","href":"https:\/\/api.w.org\/{rel}","templated":true}]}}