{"id":588,"date":"2009-06-14T22:30:59","date_gmt":"2009-06-14T20:30:59","guid":{"rendered":"http:\/\/stichelstube.capricorna.de\/wordpress\/?p=588"},"modified":"2009-06-15T21:31:35","modified_gmt":"2009-06-15T19:31:35","slug":"blick-ins-boudoir","status":"publish","type":"post","link":"https:\/\/stichelstube.capricorna.de\/wordpress\/2009\/06\/14\/blick-ins-boudoir\/","title":{"rendered":"Blick ins Boudoir"},"content":{"rendered":"<p>&#8230; oder Schlafzimmer auf neudeutsch. \ud83d\ude00<\/p>\n<p><img data-recalc-dims=\"1\" loading=\"lazy\" decoding=\"async\" class=\"aligncenter\" title=\"Neue Farben\" src=\"https:\/\/i0.wp.com\/www.capricorna.de\/diverses\/farben_sz_1.jpg?resize=306%2C400\" alt=\"\" width=\"306\" height=\"400\" \/><\/p>\n<p>Heute haben wir unserem Schlafzimmer etwas Farbe verpasst; ein Plan, den wir schon l\u00e4nger ins Auge gefasst hatten, aber wann hat man schon mal Zeit? Aber jetzt!<\/p>\n<p>Abgeklebt hatte ich schon vor ein paar Monaten &#8211; wie gesagt&#8230; &#8211; und da die M\u00f6bel schon stehen, haben wir kurzerhand die Wand mit dem Schrank dran weggelassen. \ud83d\ude09<\/p>\n<p>Und die Wand, wo das Bett dran steht, sollte auch nicht komplett gestrichen werden, sondern nur ein gro\u00dfes farbiges Rechteck \u00fcber dem Bett erhalten. Unsere Raumfarbe ist immer ein warmes Gelb &#8211; Caparol &#8222;Provence 10&#8220; um genau zu sein &#8211; und als Kontrastfarbe haben wir &#8222;Coppa 0&#8220; genommen; das ist ein dunkles Rotbraun, ziemlich genau was man als <a href=\"http:\/\/de.wikipedia.org\/wiki\/Umbra_(Farbe)\">Umbra<\/a> bezeichnet.<\/p>\n<p><a title=\"Sch\u00f6ner wohnen\" href=\"http:\/\/stichelstube.capricorna.de\/wordpress\/2008\/08\/10\/schoner-wohnen\/\" target=\"_blank\">Wie immer<\/a> haben wir um T\u00fcren, Fenster und Schalter einen wei\u00dfen Rahmen in der Breite eines Klebebandes gelassen, und auch um die Heizk\u00f6rper herum bleibt es frei. Das sieht nett aus und spart Arbeit. \ud83d\ude00<\/p>\n<p>Rechts von der Schlafzimmert\u00fcr hatte sich mein S\u00fc\u00dfer beim Streichen letztes Jahr verewigt und einen H\u00e4nde-Abdruck gemacht. Nur seine Daumen hat er vorher vergessen anzumalen, das sieht ziemlich witzig aus. Deswegen habe ich das nicht \u00fcberstrichen, sondern einen Rahmen darum gezogen und es als Bild integriert. \ud83d\ude00<\/p>\n<p>Irgendwann machen wir bestimmt auch mal einen vern\u00fcnftigen Bodenbelag rein, aber wie gesagt, der Schrank und alles steht ja schon, da macht das immer soviel M\u00fche&#8230; \ud83d\ude09<\/p>\n","protected":false},"excerpt":{"rendered":"<p>&#8230; oder Schlafzimmer auf neudeutsch. \ud83d\ude00 Heute haben wir unserem Schlafzimmer etwas Farbe verpasst; ein Plan, den wir schon l\u00e4nger ins Auge gefasst hatten, aber wann hat man schon mal Zeit? Aber jetzt! Abgeklebt hatte ich schon vor ein paar Monaten &#8211; wie gesagt&#8230; &#8211; und da die M\u00f6bel schon stehen, haben wir kurzerhand die &hellip; <a href=\"https:\/\/stichelstube.capricorna.de\/wordpress\/2009\/06\/14\/blick-ins-boudoir\/\" class=\"more-link\"><span class=\"screen-reader-text\">\u201eBlick ins Boudoir\u201c <\/span>weiterlesen<\/a><\/p>\n","protected":false},"author":2,"featured_media":0,"comment_status":"open","ping_status":"open","sticky":false,"template":"","format":"standard","meta":{"jetpack_post_was_ever_published":false,"_jetpack_newsletter_access":"","_jetpack_dont_email_post_to_subs":false,"_jetpack_newsletter_tier_id":0,"_jetpack_memberships_contains_paywalled_content":false,"_jetpack_memberships_contains_paid_content":false,"footnotes":"","jetpack_publicize_message":"","jetpack_publicize_feature_enabled":true,"jetpack_social_post_already_shared":false,"jetpack_social_options":{"image_generator_settings":{"template":"highway","default_image_id":0,"font":"","enabled":false},"version":2}},"categories":[9],"tags":[],"class_list":["post-588","post","type-post","status-publish","format-standard","hentry","category-alltagsnotizien"],"jetpack_publicize_connections":[],"jetpack_featured_media_url":"","jetpack_sharing_enabled":true,"jetpack_shortlink":"https:\/\/wp.me\/p6Znca-9u","jetpack-related-posts":[{"id":1190,"url":"https:\/\/stichelstube.capricorna.de\/wordpress\/2015\/04\/03\/prokrastinieren-aber-richtig\/","url_meta":{"origin":588,"position":0},"title":"Prokrastinieren, aber richtig","author":"Kerstin","date":"3. April 2015","format":false,"excerpt":"Im Zuge meines immer w\u00e4hrenden Kampfes gegen die Stoffberge und Ufos hatte ich mir eine neue Strategie vorgenommen, die eine Freundin von mir erfolgreich beim Stricken durchzieht: Immer nur ein Projekt auf dem Tisch haben! In diesem Sinne arbeitete ich mich heute Morgen an der Erstellung eines Hosenrocks ab, den\u2026","rel":"","context":"In &quot;Allgemein&quot;","block_context":{"text":"Allgemein","link":"https:\/\/stichelstube.capricorna.de\/wordpress\/category\/allgemein\/"},"img":{"alt_text":"","src":"","width":0,"height":0},"classes":[]},{"id":351,"url":"https:\/\/stichelstube.capricorna.de\/wordpress\/2007\/08\/02\/verkaufer-die-nichts-verkaufen-wollen\/","url_meta":{"origin":588,"position":1},"title":"Verk\u00e4ufer, die nichts verkaufen wollen","author":"Kerstin","date":"2. August 2007","format":false,"excerpt":"Heute war ich im Stoffladen auf der Suche nach einem Bolero-Stoff. Mein Brautkleid ist schulterfrei, und ich f\u00fcrchtete, dass mir das im Laufe des Tages zu kalt werden w\u00fcrde, zumal es ja Oktober sein wird.Da es unm\u00f6glich ist, genau den passenden Hellblau-Ton zu finden, hatte ich \u00fcberlegt, eine Kontrastfarbe zu\u2026","rel":"","context":"In &quot;Allgemein&quot;","block_context":{"text":"Allgemein","link":"https:\/\/stichelstube.capricorna.de\/wordpress\/category\/allgemein\/"},"img":{"alt_text":"","src":"","width":0,"height":0},"classes":[]},{"id":41,"url":"https:\/\/stichelstube.capricorna.de\/wordpress\/2003\/10\/25\/41\/","url_meta":{"origin":588,"position":2},"title":"In den letzten zwei Wochen\u2026","author":"Kerstin","date":"25. Oktober 2003","format":false,"excerpt":"In den letzten zwei Wochen bin ich nicht viel zum N\u00e4hen gekommen; irgendwie war immer was anderes los, oder ich war zu m\u00fcde. Ich habe mir jetzt erstmal das Unterzieh-Shirt aus Seide vorgenommen; das brauche ich bei dem Wetter dringender. Ich habe die Seitenn\u00e4hte noch etwas k\u00f6rpern\u00e4her gestaltet, so dass\u2026","rel":"","context":"In &quot;Allgemein&quot;","block_context":{"text":"Allgemein","link":"https:\/\/stichelstube.capricorna.de\/wordpress\/category\/allgemein\/"},"img":{"alt_text":"","src":"","width":0,"height":0},"classes":[]},{"id":340,"url":"https:\/\/stichelstube.capricorna.de\/wordpress\/2007\/05\/06\/stoffmarkt-beute\/","url_meta":{"origin":588,"position":3},"title":"Stoffmarkt-Beute","author":"Kerstin","date":"6. Mai 2007","format":false,"excerpt":"Oh Mann, da habe ich ganz sch\u00f6n zugeschlagen... Eigentlich, also eigentlich, wollte ich ja nur wegen ein paar sch\u00f6ner Jerseys auf den Stoffmarkt. Die habe ich auch schon recht fr\u00fch gefunden. Wir, ulliversum und ich, haben uns aber viiiiiel Zeit genommen, und mehr als vier Stunden auf dem Stoffmarkt verbracht.\u2026","rel":"","context":"In &quot;Allgemein&quot;","block_context":{"text":"Allgemein","link":"https:\/\/stichelstube.capricorna.de\/wordpress\/category\/allgemein\/"},"img":{"alt_text":"","src":"","width":0,"height":0},"classes":[]},{"id":1305,"url":"https:\/\/stichelstube.capricorna.de\/wordpress\/2016\/08\/07\/fruehjahrsputz\/","url_meta":{"origin":588,"position":4},"title":"Fr\u00fchjahrsputz im Nicht-Sommer","author":"Kerstin","date":"7. August 2016","format":false,"excerpt":"Ich habe seit Mai, oh Wunder, einige sch\u00f6ne Teile fertig gen\u00e4ht, \u00fcber die ich noch gar nicht geschrieben habe, aber das kommt sp\u00e4ter. Jetzt gerade will ich \u00fcber Ausmisten schreiben. Das ist ein Thema, das mich immer wieder umtreibt. Ich war oder bin eine gro\u00dfe Sammlerin; gottseidank beschr\u00e4nkte sich das\u2026","rel":"","context":"In &quot;Allgemein&quot;","block_context":{"text":"Allgemein","link":"https:\/\/stichelstube.capricorna.de\/wordpress\/category\/allgemein\/"},"img":{"alt_text":"","src":"","width":0,"height":0},"classes":[]},{"id":152,"url":"https:\/\/stichelstube.capricorna.de\/wordpress\/2004\/09\/14\/152\/","url_meta":{"origin":588,"position":5},"title":"Juchuh, gerade sind die bei\u2026","author":"Kerstin","date":"14. September 2004","format":false,"excerpt":"Juchuh, gerade sind die bei ebay gekauften Kleiderb\u00fcgel gekommen! Habe direkt alle Hemden, die mein S\u00fc\u00dfer seit Jahren auf seinem Stuhl liegen hat, aufgehangen. (Drei davon sind direkt in den W\u00e4schekorb gewandert...) Das \u00c4rgerliche ist, dass er mich dazu gebracht hat, meinen Kleidungsstil zu \u00e4ndern und mehr darauf acht zu\u2026","rel":"","context":"In &quot;Allgemein&quot;","block_context":{"text":"Allgemein","link":"https:\/\/stichelstube.capricorna.de\/wordpress\/category\/allgemein\/"},"img":{"alt_text":"","src":"","width":0,"height":0},"classes":[]}],"_links":{"self":[{"href":"https:\/\/stichelstube.capricorna.de\/wordpress\/wp-json\/wp\/v2\/posts\/588","targetHints":{"allow":["GET"]}}],"collection":[{"href":"https:\/\/stichelstube.capricorna.de\/wordpress\/wp-json\/wp\/v2\/posts"}],"about":[{"href":"https:\/\/stichelstube.capricorna.de\/wordpress\/wp-json\/wp\/v2\/types\/post"}],"author":[{"embeddable":true,"href":"https:\/\/stichelstube.capricorna.de\/wordpress\/wp-json\/wp\/v2\/users\/2"}],"replies":[{"embeddable":true,"href":"https:\/\/stichelstube.capricorna.de\/wordpress\/wp-json\/wp\/v2\/comments?post=588"}],"version-history":[{"count":3,"href":"https:\/\/stichelstube.capricorna.de\/wordpress\/wp-json\/wp\/v2\/posts\/588\/revisions"}],"predecessor-version":[{"id":590,"href":"https:\/\/stichelstube.capricorna.de\/wordpress\/wp-json\/wp\/v2\/posts\/588\/revisions\/590"}],"wp:attachment":[{"href":"https:\/\/stichelstube.capricorna.de\/wordpress\/wp-json\/wp\/v2\/media?parent=588"}],"wp:term":[{"taxonomy":"category","embeddable":true,"href":"https:\/\/stichelstube.capricorna.de\/wordpress\/wp-json\/wp\/v2\/categories?post=588"},{"taxonomy":"post_tag","embeddable":true,"href":"https:\/\/stichelstube.capricorna.de\/wordpress\/wp-json\/wp\/v2\/tags?post=588"}],"curies":[{"name":"wp","href":"https:\/\/api.w.org\/{rel}","templated":true}]}}