{"id":592,"date":"2009-06-19T22:54:32","date_gmt":"2009-06-19T20:54:32","guid":{"rendered":"http:\/\/stichelstube.capricorna.de\/wordpress\/?p=592"},"modified":"2009-06-19T22:54:32","modified_gmt":"2009-06-19T20:54:32","slug":"heile-heile-pfaffle","status":"publish","type":"post","link":"https:\/\/stichelstube.capricorna.de\/wordpress\/2009\/06\/19\/heile-heile-pfaffle\/","title":{"rendered":"Heile, heile Pf\u00e4ffle&#8230;"},"content":{"rendered":"<p>Vor ein paar Wochen zickte meine N\u00e4hmaschine auf einmal rum und brachte keinen vern\u00fcnftigen Zickzackstich mehr zustande. Da sowieso wieder mal eine Inspektion anstand, brachte ich sie zum H\u00e4ndler, und nach kaum drei Wochen ungeduldigen Nichtstuns hatte ich sie dann endlich wieder zur\u00fcck. Gottseidank war nichts wirklich kaputt, und mit einer kleinen Regulierung hier und da war wieder alles in Ordnung.<\/p>\n<p>Zwischendurch hatte ich meine Zweitmaschine hervorgeholt, um damit eine Schr\u00e4gbandvers\u00e4uberung f\u00fcr eines meiner Ufos, die Franzius-Jacke, auszuprobieren. Naja, das klappte nicht besonders gut. Seht selbst, hier der Vergleich zwischen kleiner Toyota (oben) und untere Mittelklasse-Pfaff (unten):<\/p>\n<p><img data-recalc-dims=\"1\" loading=\"lazy\" decoding=\"async\" class=\"aligncenter\" title=\"Knappkantig abgesteppt\" src=\"https:\/\/i0.wp.com\/www.capricorna.de\/naehen\/blogpics\/knappkantig.jpg?resize=400%2C211\" alt=\"\" width=\"400\" height=\"211\" \/><\/p>\n<p>Oben unregelm\u00e4\u00dfiger Abstand, Probleme mit der Fadenspannung, teilweise wurde die Kante vom Schr\u00e4gband gar nicht erfasst &#8211; sieht nicht so toll aus.<\/p>\n<p>Unten &#8211; alles perfekt, jedenfalls f\u00fcr meine Anspr\u00fcche \ud83d\ude00<\/p>\n<p>Ich hatte ja schon mal erw\u00e4hnt, dass der Schmalkantensteppfu\u00df (tolles Wort, oder?!) mein liebster und meistbenutzer Extra-Fu\u00df ist, und zusammen mit dem Obertransport, der auch bei unterschiedlichen Dicken, wie hier bei dem Schr\u00e4gband, einwandfrei transportiert, ist das ein unschlagbares Team. Das geht soviel leichter, schneller und sauberer als mit der winzigen Toyota. Die kleine war meine erste N\u00e4hmaschine, auf der ich N\u00e4hen gelernt habe, und wenn gerade Not am Mann ist, hole ich sie ab und zu noch hervor, aber sie taugt leider wirklich nur f\u00fcr den sprichw\u00f6rtlichen Hosensaum oder unaufwendige Deko-Projekte.<\/p>\n<p>Mal sehen, ob und wann ich diese Jacke je fertigstelle. Eigentlich wollte ich ein schickes T-Shirt n\u00e4hen, habe aber feststellen m\u00fcssen, dass ich absolut gar kein passendes Garn zu Hause habe, und musste nun erstmal was bestellen. Bis dahin werde ich mich hoffentlich auch mal mit der Jacke besch\u00e4ftigen; vielleicht ist sie ja dann dieses Jahr rechtzeitig f\u00fcr die Herbst-\/Winter-Saison fertig. \ud83d\ude00<\/p>\n<p>Und hier noch was sch\u00f6nes:<\/p>\n<p><img data-recalc-dims=\"1\" loading=\"lazy\" decoding=\"async\" class=\"aligncenter\" title=\"Blumenstrau\u00df\" src=\"https:\/\/i0.wp.com\/www.capricorna.de\/naehen\/blogpics\/blumen_10jahre.jpg?resize=350%2C297\" alt=\"\" width=\"350\" height=\"297\" \/><\/p>\n<p>Von meinem Mann zum zehnj\u00e4hrigen Zusammensein. \ud83d\ude00 <a title=\"Waldhaus Reinbek\" href=\"http:\/\/www.waldhaus.de\/\" target=\"_blank\">Lecker essen<\/a> waren wir auch, kann ich empfehlen. \ud83d\ude42<\/p>\n","protected":false},"excerpt":{"rendered":"<p>Vor ein paar Wochen zickte meine N\u00e4hmaschine auf einmal rum und brachte keinen vern\u00fcnftigen Zickzackstich mehr zustande. Da sowieso wieder mal eine Inspektion anstand, brachte ich sie zum H\u00e4ndler, und nach kaum drei Wochen ungeduldigen Nichtstuns hatte ich sie dann endlich wieder zur\u00fcck. Gottseidank war nichts wirklich kaputt, und mit einer kleinen Regulierung hier und &hellip; <a href=\"https:\/\/stichelstube.capricorna.de\/wordpress\/2009\/06\/19\/heile-heile-pfaffle\/\" class=\"more-link\"><span class=\"screen-reader-text\">\u201eHeile, heile Pf\u00e4ffle&#8230;\u201c <\/span>weiterlesen<\/a><\/p>\n","protected":false},"author":2,"featured_media":0,"comment_status":"open","ping_status":"open","sticky":false,"template":"","format":"standard","meta":{"jetpack_post_was_ever_published":false,"_jetpack_newsletter_access":"","_jetpack_dont_email_post_to_subs":false,"_jetpack_newsletter_tier_id":0,"_jetpack_memberships_contains_paywalled_content":false,"_jetpack_memberships_contains_paid_content":false,"footnotes":"","jetpack_publicize_message":"","jetpack_publicize_feature_enabled":true,"jetpack_social_post_already_shared":false,"jetpack_social_options":{"image_generator_settings":{"template":"highway","default_image_id":0,"font":"","enabled":false},"version":2}},"categories":[1],"tags":[],"class_list":["post-592","post","type-post","status-publish","format-standard","hentry","category-allgemein"],"jetpack_publicize_connections":[],"jetpack_featured_media_url":"","jetpack_sharing_enabled":true,"jetpack_shortlink":"https:\/\/wp.me\/p6Znca-9y","jetpack-related-posts":[{"id":315,"url":"https:\/\/stichelstube.capricorna.de\/wordpress\/2006\/10\/07\/achterbahn\/","url_meta":{"origin":592,"position":0},"title":"Achterbahn&#8230;","author":"Kerstin","date":"7. Oktober 2006","format":false,"excerpt":"Heute war es wieder ein abwechslungsreicher Tag...Gestern telefonierte ich mit meiner Mutter und sie sagte mir, dass meine Nichte wohl noch ein paar mehr Krabbelhosen gebrauchen k\u00f6nnte. Also dachte ich, mache ich zu dem Stofftier noch ein Geschenk. Heute morgen habe ich mir schnell ein passendes Schnittmuster aus meiner kleinen\u2026","rel":"","context":"In &quot;Allgemein&quot;","block_context":{"text":"Allgemein","link":"https:\/\/stichelstube.capricorna.de\/wordpress\/category\/allgemein\/"},"img":{"alt_text":"","src":"","width":0,"height":0},"classes":[]},{"id":1156,"url":"https:\/\/stichelstube.capricorna.de\/wordpress\/2014\/09\/25\/primaballerina-taeschchen\/","url_meta":{"origin":592,"position":1},"title":"Primaballerina-T\u00e4schchen","author":"Kerstin","date":"25. September 2014","format":false,"excerpt":"Man soll es nicht glauben, aber dieser kleine Kulturbeutel hat mich einige Nerven gekostet. Oben im Bild seht ihr vorne das \"Original\"; ein Give-away einer nicht n\u00e4her genannten Bekleidungsmarke. Diese kleine Tasche habe ich nun schon einige Monate als Kulturbeutel im Gebrauch. Die Gr\u00f6\u00dfe reichte so gerade eben aus, aber\u2026","rel":"","context":"In &quot;Fertig&quot;","block_context":{"text":"Fertig","link":"https:\/\/stichelstube.capricorna.de\/wordpress\/category\/fertig\/"},"img":{"alt_text":"","src":"https:\/\/i0.wp.com\/www.capricorna.de\/naehen\/blogpics\/20140917_kulturbeutelchen_3.jpg?resize=350%2C200","width":350,"height":200},"classes":[]},{"id":316,"url":"https:\/\/stichelstube.capricorna.de\/wordpress\/2006\/10\/12\/na-wat-is-mir-dat-peinlich\/","url_meta":{"origin":592,"position":2},"title":"N\u00e4, wat is mir dat peinlich&#8230;","author":"Kerstin","date":"12. Oktober 2006","format":false,"excerpt":"Da dachte ich doch, meine N\u00e4hMa w\u00e4re kaputt, weil der Unterfaden alle paar Stiche am Greifer h\u00e4ngen blieb. Heute habe ich die Maschine dann weggebracht, zu einem Laden, den ich noch nicht kannte, \"Selbstgemacht\", in K\u00f6ln-Poll.(Der Laden hat auch eine Website, Selbstgemacht.net).Die nette Inhaberin, Frau Renn, hat sich die Maschine\u2026","rel":"","context":"In &quot;Allgemein&quot;","block_context":{"text":"Allgemein","link":"https:\/\/stichelstube.capricorna.de\/wordpress\/category\/allgemein\/"},"img":{"alt_text":"","src":"","width":0,"height":0},"classes":[]},{"id":459,"url":"https:\/\/stichelstube.capricorna.de\/wordpress\/2008\/11\/09\/wieder-kein-bild\/","url_meta":{"origin":592,"position":3},"title":"Wieder kein Bild&#8230;","author":"Kerstin","date":"9. November 2008","format":false,"excerpt":"... aber fertig isses! :D F\u00fcr das Geschenk f\u00fcr meine Nichte, ein Bademantel, habe ich dann einen wirklich sch\u00f6nen Stoff bei kleinkariert in Hamburg gefunden, und da ich alle Fehler ja schon gemacht hatte, klappte das N\u00e4hen beim zweiten Mal auf Anhieb. Ich bin sehr begeistert vom Ergebnis, habe aber\u2026","rel":"","context":"In &quot;Allgemein&quot;","block_context":{"text":"Allgemein","link":"https:\/\/stichelstube.capricorna.de\/wordpress\/category\/allgemein\/"},"img":{"alt_text":"","src":"","width":0,"height":0},"classes":[]},{"id":28,"url":"https:\/\/stichelstube.capricorna.de\/wordpress\/2003\/08\/24\/28\/","url_meta":{"origin":592,"position":4},"title":"Zwischen die Hose und das\u2026","author":"Kerstin","date":"24. August 2003","format":false,"excerpt":"Zwischen die Hose und das Top ist mir jetzt noch eine Tasche dazwischengekommen :-) Ich hatte mir letztens einen kleinen Fahrrad-Korb gekauft, und damit ich auch bei Regenwetter meine Sachen trocken transportieren kann, habe ich mir eine Tasche entworfen, die auch schon fast fertig ist. Ich hatte noch einen braunen,\u2026","rel":"","context":"In &quot;Allgemein&quot;","block_context":{"text":"Allgemein","link":"https:\/\/stichelstube.capricorna.de\/wordpress\/category\/allgemein\/"},"img":{"alt_text":"","src":"","width":0,"height":0},"classes":[]},{"id":369,"url":"https:\/\/stichelstube.capricorna.de\/wordpress\/2008\/02\/25\/ein-schooooner-tag\/","url_meta":{"origin":592,"position":5},"title":"Ein sch\u00f6\u00f6\u00f6\u00f6ner Tag&#8230;","author":"Kerstin","date":"25. Februar 2008","format":false,"excerpt":"...war der letzte Samstag. Zusammen mit meinem N\u00e4hkr\u00e4nzchen haben wir eine Tour nach Aachen gemacht, um zwei S\u00fcchte zu befriedigen. Zuerst ging es zu Lindt & Spr\u00fcngli :mrgreen: Wer h\u00e4tte gedacht, dass es auch einen Schokoladen-Fabrikverkauf gibt? Der Verkaufsraum hat zwar den Charme einer eilig eingerichteten Aldi-Filiale, aber die Unmengen\u2026","rel":"","context":"In &quot;Allgemein&quot;","block_context":{"text":"Allgemein","link":"https:\/\/stichelstube.capricorna.de\/wordpress\/category\/allgemein\/"},"img":{"alt_text":"Goldhase","src":"https:\/\/i0.wp.com\/www.capricorna.de\/naehen\/blogpics\/lindt_goldhase.jpg?resize=350%2C200","width":350,"height":200},"classes":[]}],"_links":{"self":[{"href":"https:\/\/stichelstube.capricorna.de\/wordpress\/wp-json\/wp\/v2\/posts\/592","targetHints":{"allow":["GET"]}}],"collection":[{"href":"https:\/\/stichelstube.capricorna.de\/wordpress\/wp-json\/wp\/v2\/posts"}],"about":[{"href":"https:\/\/stichelstube.capricorna.de\/wordpress\/wp-json\/wp\/v2\/types\/post"}],"author":[{"embeddable":true,"href":"https:\/\/stichelstube.capricorna.de\/wordpress\/wp-json\/wp\/v2\/users\/2"}],"replies":[{"embeddable":true,"href":"https:\/\/stichelstube.capricorna.de\/wordpress\/wp-json\/wp\/v2\/comments?post=592"}],"version-history":[{"count":2,"href":"https:\/\/stichelstube.capricorna.de\/wordpress\/wp-json\/wp\/v2\/posts\/592\/revisions"}],"predecessor-version":[{"id":594,"href":"https:\/\/stichelstube.capricorna.de\/wordpress\/wp-json\/wp\/v2\/posts\/592\/revisions\/594"}],"wp:attachment":[{"href":"https:\/\/stichelstube.capricorna.de\/wordpress\/wp-json\/wp\/v2\/media?parent=592"}],"wp:term":[{"taxonomy":"category","embeddable":true,"href":"https:\/\/stichelstube.capricorna.de\/wordpress\/wp-json\/wp\/v2\/categories?post=592"},{"taxonomy":"post_tag","embeddable":true,"href":"https:\/\/stichelstube.capricorna.de\/wordpress\/wp-json\/wp\/v2\/tags?post=592"}],"curies":[{"name":"wp","href":"https:\/\/api.w.org\/{rel}","templated":true}]}}