{"id":598,"date":"2009-07-01T18:26:52","date_gmt":"2009-07-01T16:26:52","guid":{"rendered":"http:\/\/stichelstube.capricorna.de\/wordpress\/?p=598"},"modified":"2009-07-01T18:26:52","modified_gmt":"2009-07-01T16:26:52","slug":"sommer-kleid-endlich-fertig","status":"publish","type":"post","link":"https:\/\/stichelstube.capricorna.de\/wordpress\/2009\/07\/01\/sommer-kleid-endlich-fertig\/","title":{"rendered":"Sommer-Kleid, endlich fertig"},"content":{"rendered":"<p>Das Wetter ist derzeit ja nicht zum Aushalten! Schw\u00fcl-warm, einfach unertr\u00e4glich. Allerdings weht ab und zu ein kleiner Luftzug; sowas hab ich in K\u00f6ln immer vermisst. \ud83d\ude09<\/p>\n<p>Auf der Suche nach etwas luftigem in meinem Kleiderschrank fiel mir mein Seersucker-Kleid ein, das ich letztes Jahr gen\u00e4ht hatte. Ups, da sind ja noch zwei Stecknadeln drin &#8211; tsts, da hatte ich doch glatt vergessen, die Tr\u00e4ger an der vorderen Kante noch festzun\u00e4hen. Technisch gesehen also fast noch ein Ufo. \ud83d\ude00<\/p>\n<p>Naja, das war schnell erledigt, und so kann ich das Teil jetzt anziehen, gerade rechtzeitig. Und hier noch das Bild dazu, das fehlte n\u00e4mlich noch:<\/p>\n<figure style=\"width: 189px\" class=\"wp-caption aligncenter\"><img data-recalc-dims=\"1\" loading=\"lazy\" decoding=\"async\" title=\"Kleid aus Seersucker\" src=\"https:\/\/i0.wp.com\/www.capricorna.de\/naehen\/pics_fertig\/kleid_seersucker_blau.jpg?resize=189%2C400\" alt=\"Kleid aus Seersucker\" width=\"189\" height=\"400\" \/><figcaption class=\"wp-caption-text\">Kleid aus Seersucker<\/figcaption><\/figure>\n<p>Das Schnittmuster ist aus einer <a title=\"BurdaModen\" href=\"http:\/\/www.burdafashion.com\/de\/Magazine\/Archiv_burda_Modemagazin\/102_A_Kleid\/1270777-1463237-1597916-1597921-1598033.html\" target=\"_blank\">Burda vom letzten Jahr<\/a>.<\/p>\n","protected":false},"excerpt":{"rendered":"<p>Das Wetter ist derzeit ja nicht zum Aushalten! Schw\u00fcl-warm, einfach unertr\u00e4glich. Allerdings weht ab und zu ein kleiner Luftzug; sowas hab ich in K\u00f6ln immer vermisst. \ud83d\ude09 Auf der Suche nach etwas luftigem in meinem Kleiderschrank fiel mir mein Seersucker-Kleid ein, das ich letztes Jahr gen\u00e4ht hatte. Ups, da sind ja noch zwei Stecknadeln drin &hellip; <a href=\"https:\/\/stichelstube.capricorna.de\/wordpress\/2009\/07\/01\/sommer-kleid-endlich-fertig\/\" class=\"more-link\"><span class=\"screen-reader-text\">\u201eSommer-Kleid, endlich fertig\u201c <\/span>weiterlesen<\/a><\/p>\n","protected":false},"author":2,"featured_media":0,"comment_status":"open","ping_status":"open","sticky":false,"template":"","format":"standard","meta":{"jetpack_post_was_ever_published":false,"_jetpack_newsletter_access":"","_jetpack_dont_email_post_to_subs":false,"_jetpack_newsletter_tier_id":0,"_jetpack_memberships_contains_paywalled_content":false,"_jetpack_memberships_contains_paid_content":false,"footnotes":"","jetpack_publicize_message":"","jetpack_publicize_feature_enabled":true,"jetpack_social_post_already_shared":false,"jetpack_social_options":{"image_generator_settings":{"template":"highway","default_image_id":0,"font":"","enabled":false},"version":2}},"categories":[5],"tags":[],"class_list":["post-598","post","type-post","status-publish","format-standard","hentry","category-fertig"],"jetpack_publicize_connections":[],"jetpack_featured_media_url":"","jetpack_sharing_enabled":true,"jetpack_shortlink":"https:\/\/wp.me\/p6Znca-9E","jetpack-related-posts":[{"id":1853,"url":"https:\/\/stichelstube.capricorna.de\/wordpress\/2021\/01\/31\/schlag-auf-schlag\/","url_meta":{"origin":598,"position":0},"title":"Schlag auf Schlag&#8230;","author":"Kerstin","date":"31. Januar 2021","format":false,"excerpt":"... kommen hier die Ergebnisse zustande. Ich bin selbst ganz \u00fcberrascht von mir. Zwei fertige Teile in einem Monat sind kein schlechter Schnitt! Als es letztes Jahr losging mit ihr-wisst-schon-was, dachte ich, dass ich in 2020 vermutlich viel Zeit zum N\u00e4hen haben w\u00fcrde. Bestimmt hatte ich die auch, aber genutzt\u2026","rel":"","context":"In &quot;Fertig&quot;","block_context":{"text":"Fertig","link":"https:\/\/stichelstube.capricorna.de\/wordpress\/category\/fertig\/"},"img":{"alt_text":"","src":"https:\/\/i0.wp.com\/stichelstube.capricorna.de\/wordpress\/wp-content\/2021\/01\/4B969996-C0D6-42D6-85FE-D33F3C7C606B.jpeg?resize=350%2C200&ssl=1","width":350,"height":200,"srcset":"https:\/\/i0.wp.com\/stichelstube.capricorna.de\/wordpress\/wp-content\/2021\/01\/4B969996-C0D6-42D6-85FE-D33F3C7C606B.jpeg?resize=350%2C200&ssl=1 1x, https:\/\/i0.wp.com\/stichelstube.capricorna.de\/wordpress\/wp-content\/2021\/01\/4B969996-C0D6-42D6-85FE-D33F3C7C606B.jpeg?resize=525%2C300&ssl=1 1.5x, https:\/\/i0.wp.com\/stichelstube.capricorna.de\/wordpress\/wp-content\/2021\/01\/4B969996-C0D6-42D6-85FE-D33F3C7C606B.jpeg?resize=700%2C400&ssl=1 2x, https:\/\/i0.wp.com\/stichelstube.capricorna.de\/wordpress\/wp-content\/2021\/01\/4B969996-C0D6-42D6-85FE-D33F3C7C606B.jpeg?resize=1050%2C600&ssl=1 3x"},"classes":[]},{"id":134,"url":"https:\/\/stichelstube.capricorna.de\/wordpress\/2004\/08\/07\/134\/","url_meta":{"origin":598,"position":1},"title":"Das Jersey-Hemd ist jetzt auch\u2026","author":"Kerstin","date":"7. August 2004","format":false,"excerpt":"Das Jersey-Hemd ist jetzt auch fertig :-) Weil der Ausschnitt bei dem weichen Stoff so weit umklappte, und dadurch immer das lose Ende des Belegs sichtbar war, habe ich die Au\u00dfenkante des Belegs an den Oberstoff gesteppt. Laut Schnittmuster ist das nicht vorgesehen - wobei die Angaben dort eher knapp\u2026","rel":"","context":"In &quot;Allgemein&quot;","block_context":{"text":"Allgemein","link":"https:\/\/stichelstube.capricorna.de\/wordpress\/category\/allgemein\/"},"img":{"alt_text":"","src":"","width":0,"height":0},"classes":[]},{"id":397,"url":"https:\/\/stichelstube.capricorna.de\/wordpress\/2008\/06\/01\/kleidsam\/","url_meta":{"origin":598,"position":2},"title":"Kleidsam","author":"Kerstin","date":"1. Juni 2008","format":false,"excerpt":"Nicht zu fassen, mal wieder ein richtiger N\u00e4h-Beitrag! :D Im Hobbyschneiderin-Forum gibt es jeden Monat ein Motivations-Thema, und im Juni sind Kleider das Thema. Und es sieht so aus, als ob ich zum ersten Mal \"richtig\" daran teilnehmen k\u00f6nnte. Bereits in der M\u00e4rz-Ausgabe der Burda hatte es mir das Modell\u2026","rel":"","context":"In &quot;Motivationsmonat Kleider&quot;","block_context":{"text":"Motivationsmonat Kleider","link":"https:\/\/stichelstube.capricorna.de\/wordpress\/category\/motivationsmonat-kleider\/"},"img":{"alt_text":"102 Probemodell vorne","src":"https:\/\/i0.wp.com\/www.capricorna.de\/naehen\/blogpics\/kleid_102_1.jpg?resize=350%2C200","width":350,"height":200},"classes":[]},{"id":398,"url":"https:\/\/stichelstube.capricorna.de\/wordpress\/2008\/06\/03\/ein-schritt-weiter\/","url_meta":{"origin":598,"position":3},"title":"Ein Schritt weiter","author":"Kerstin","date":"3. Juni 2008","format":false,"excerpt":"Karierte Stoffe schneide ich am liebsten zu; an den Linien kann man sich so gut orientieren. Es braucht etwas l\u00e4nger, aber ich stehe ja nicht unter Zeitdruck. Da ich ein asymmetrisches Karo habe, habe ich zuerst \u00fcberlegt, ob ich gegengleich zuschneiden soll. Bei dem Seersucker k\u00f6nnte ich die linke Seite\u2026","rel":"","context":"In &quot;Motivationsmonat Kleider&quot;","block_context":{"text":"Motivationsmonat Kleider","link":"https:\/\/stichelstube.capricorna.de\/wordpress\/category\/motivationsmonat-kleider\/"},"img":{"alt_text":"Kleid Vorderteil","src":"https:\/\/i0.wp.com\/www.capricorna.de\/naehen\/blogpics\/kleid_102_4.jpg?resize=350%2C200","width":350,"height":200},"classes":[]},{"id":37,"url":"https:\/\/stichelstube.capricorna.de\/wordpress\/2003\/09\/24\/37\/","url_meta":{"origin":598,"position":4},"title":"Gerade l\u00e4uft es wieder sehr\u2026","author":"Kerstin","date":"24. September 2003","format":false,"excerpt":"Gerade l\u00e4uft es wieder sehr gut. Ich habe mich endlich mal daran gemacht, die passende Hose zu dem Top aus Seersucker anzufangen, und ich bin schon zu 2\/3 fertig. Ich hatte die alte Hose komplett aufgetrennt, bis ich je ein Vorder- und ein Hinterteil hatte, habe die glattgeb\u00fcgelt und dann\u2026","rel":"","context":"In &quot;Allgemein&quot;","block_context":{"text":"Allgemein","link":"https:\/\/stichelstube.capricorna.de\/wordpress\/category\/allgemein\/"},"img":{"alt_text":"","src":"","width":0,"height":0},"classes":[]},{"id":369,"url":"https:\/\/stichelstube.capricorna.de\/wordpress\/2008\/02\/25\/ein-schooooner-tag\/","url_meta":{"origin":598,"position":5},"title":"Ein sch\u00f6\u00f6\u00f6\u00f6ner Tag&#8230;","author":"Kerstin","date":"25. Februar 2008","format":false,"excerpt":"...war der letzte Samstag. Zusammen mit meinem N\u00e4hkr\u00e4nzchen haben wir eine Tour nach Aachen gemacht, um zwei S\u00fcchte zu befriedigen. Zuerst ging es zu Lindt & Spr\u00fcngli :mrgreen: Wer h\u00e4tte gedacht, dass es auch einen Schokoladen-Fabrikverkauf gibt? Der Verkaufsraum hat zwar den Charme einer eilig eingerichteten Aldi-Filiale, aber die Unmengen\u2026","rel":"","context":"In &quot;Allgemein&quot;","block_context":{"text":"Allgemein","link":"https:\/\/stichelstube.capricorna.de\/wordpress\/category\/allgemein\/"},"img":{"alt_text":"Goldhase","src":"https:\/\/i0.wp.com\/www.capricorna.de\/naehen\/blogpics\/lindt_goldhase.jpg?resize=350%2C200","width":350,"height":200},"classes":[]}],"_links":{"self":[{"href":"https:\/\/stichelstube.capricorna.de\/wordpress\/wp-json\/wp\/v2\/posts\/598","targetHints":{"allow":["GET"]}}],"collection":[{"href":"https:\/\/stichelstube.capricorna.de\/wordpress\/wp-json\/wp\/v2\/posts"}],"about":[{"href":"https:\/\/stichelstube.capricorna.de\/wordpress\/wp-json\/wp\/v2\/types\/post"}],"author":[{"embeddable":true,"href":"https:\/\/stichelstube.capricorna.de\/wordpress\/wp-json\/wp\/v2\/users\/2"}],"replies":[{"embeddable":true,"href":"https:\/\/stichelstube.capricorna.de\/wordpress\/wp-json\/wp\/v2\/comments?post=598"}],"version-history":[{"count":1,"href":"https:\/\/stichelstube.capricorna.de\/wordpress\/wp-json\/wp\/v2\/posts\/598\/revisions"}],"predecessor-version":[{"id":599,"href":"https:\/\/stichelstube.capricorna.de\/wordpress\/wp-json\/wp\/v2\/posts\/598\/revisions\/599"}],"wp:attachment":[{"href":"https:\/\/stichelstube.capricorna.de\/wordpress\/wp-json\/wp\/v2\/media?parent=598"}],"wp:term":[{"taxonomy":"category","embeddable":true,"href":"https:\/\/stichelstube.capricorna.de\/wordpress\/wp-json\/wp\/v2\/categories?post=598"},{"taxonomy":"post_tag","embeddable":true,"href":"https:\/\/stichelstube.capricorna.de\/wordpress\/wp-json\/wp\/v2\/tags?post=598"}],"curies":[{"name":"wp","href":"https:\/\/api.w.org\/{rel}","templated":true}]}}