{"id":604,"date":"2009-07-25T17:31:17","date_gmt":"2009-07-25T15:31:17","guid":{"rendered":"http:\/\/stichelstube.capricorna.de\/wordpress\/?p=604"},"modified":"2021-12-25T11:49:30","modified_gmt":"2021-12-25T10:49:30","slug":"gretelies-stabil","status":"publish","type":"post","link":"https:\/\/stichelstube.capricorna.de\/wordpress\/2009\/07\/25\/gretelies-stabil\/","title":{"rendered":"Gretelies stabil"},"content":{"rendered":"<p><!--:de--><img data-recalc-dims=\"1\" loading=\"lazy\" decoding=\"async\" class=\"aligncenter\" title=\"Gretelies Tasche 2, von vorne\" src=\"https:\/\/i0.wp.com\/www.capricorna.de\/naehen\/pics_fertig\/tasche_gretelies_a_1.jpg?resize=205%2C350\" alt=\"\" width=\"205\" height=\"350\" \/><\/p>\n<p>Meine zweite <a title=\"Gretelies - Tasche\" href=\"http:\/\/gretelies.blogspot.com\/2008\/03\/zum-mitmachen-da-so-viele-danach.html\" target=\"_blank\" rel=\"noopener\">Gretelies-Tasche<\/a>,\u00a0gefertigt als Geschenk f\u00fcr eine liebe Freundin, aus dem sehr stabilen &#8222;<a title=\"Susanna-Stoffe bei IKEA\" href=\"http:\/\/www.ikea.com\/de\/de\/catalog\/products\/70153990\" target=\"_blank\" rel=\"noopener\">Susanna<\/a>&#8220; von Ikea. Der dicke Stoff hat meine Pfaff ganz sch\u00f6n ins Schwitzen gebracht; ich hatte mit einer 90er-Universalnadel angefangen, und habe zum Schlu\u00df auf eine 100er Jeans gewechselt; bei mehr als vier Stofflagen musste ich trotzdem mit dem Handrad einzeln sticheln, aber ich hatte keine Lust, mitten in der Naht nochmal zu wechseln. F\u00fcr&#8217;s n\u00e4chste Mal wei\u00df ich jedenfalls Bescheid. Komisch, diese Hemmung, nicht von Anfang eine wirklich dicke Nadel zu verwenden.<\/p>\n<p>Jetzt ist sie\u00a0 jedenfalls fertig, innerhalb eines Tages zugeschnitten und gen\u00e4ht, und bereit, auf die Reise ins Rheinland zu gehen.<\/p>\n<p>Wie \u00fcblich habe ich zwei verschieden lange Henkel angebracht; gerade bei einer so gro\u00dfen Tasche, die schwere Lasten aufnehmen kann und wird, finde ich es praktisch, diese auch \u00fcber der Schulter tragen zu k\u00f6nnen. Innen habe ich au\u00dferdem eine ganz einfache kleine Tasche zwischen Passe und Beutel zwischengefasst, um z.B. Schl\u00fcssel und\/oder Portemonnaie griffbereit zu haben.<\/p>\n<p><img data-recalc-dims=\"1\" loading=\"lazy\" decoding=\"async\" class=\"aligncenter\" title=\"Gretelies - Tasche, Innentasche\" src=\"https:\/\/i0.wp.com\/www.capricorna.de\/naehen\/pics_fertig\/tasche_gretelies_a_3.jpg?resize=350%2C275\" alt=\"\" width=\"350\" height=\"275\" \/><\/p>\n<p>Das Band zwischen Passe und Beutel habe ich hier weggelassen (hatte kein passendes und wollte nicht noch mehr Stofflagen haben), und statt der Kr\u00e4uselung habe ich auch hier wieder eine bzw. auf der R\u00fcckseite zwei Kellerfalten gelegt.<\/p>\n<p><img data-recalc-dims=\"1\" loading=\"lazy\" decoding=\"async\" class=\"aligncenter\" title=\"Gretelies - Tasche, von hinten\" src=\"https:\/\/i0.wp.com\/www.capricorna.de\/naehen\/pics_fertig\/tasche_gretelies_a_2.jpg?resize=205%2C350\" alt=\"\" width=\"205\" height=\"350\" \/><\/p>\n<p>Abschlussfoto: S\u00fc\u00dfer Hund im Wasser, der seinen Bauch k\u00fchlt; gesehen auf unserem Spaziergang letztes Wochenende im Jenischpark.<\/p>\n<p><img data-recalc-dims=\"1\" loading=\"lazy\" decoding=\"async\" class=\"aligncenter\" title=\"Hund im Jenischpark\" src=\"https:\/\/i0.wp.com\/www.capricorna.de\/naehen\/blogpics\/2009_07_19_hund.jpg?resize=350%2C303\" alt=\"\" width=\"350\" height=\"303\" \/><!--:--><!--:en--><img data-recalc-dims=\"1\" loading=\"lazy\" decoding=\"async\" class=\"aligncenter\" title=\"Gretelies tote bag, front\" src=\"https:\/\/i0.wp.com\/www.capricorna.de\/naehen\/pics_fertig\/tasche_gretelies_a_1.jpg?resize=205%2C350\" alt=\"\" width=\"205\" height=\"350\" \/><\/p>\n<p>My second version of <a title=\"Gretelies - Tasche\" href=\"http:\/\/gretelies.blogspot.com\/2008\/03\/zum-mitmachen-da-so-viele-danach.html\" target=\"_blank\" rel=\"noopener\">Gretelies&#8216; tote bag<\/a>, this time in a very sturdy fabric, &#8222;<a title=\"Susanna fabric by IKEA\" href=\"http:\/\/www.ikea.com\/de\/de\/catalog\/products\/70153990\" target=\"_blank\" rel=\"noopener\">Susanna<\/a>&#8220; by IKEA. My Pfaff Freestyle came to their limit because of the fabric, and I had to build the stitches manually with the wheel where there were more than four layers of it. But I got it finished nonetheless, in about three hours work, cutting included.<\/p>\n<p>This version is for a close friend of mine, and I hope she will like my additions, consisting of two different lengths of handles, and a small inner pocket for keys, money etc.<\/p>\n<p><img data-recalc-dims=\"1\" loading=\"lazy\" decoding=\"async\" class=\"aligncenter\" title=\"Gretelies tote bag, inner pocket\" src=\"https:\/\/i0.wp.com\/www.capricorna.de\/naehen\/pics_fertig\/tasche_gretelies_a_3.jpg?resize=350%2C275\" alt=\"\" width=\"350\" height=\"275\" \/><\/p>\n<p>I very much like having the choice between two lengths of handles, especially with a bigger tote bag like this, which can become very heavy when its fully loaded. And having your keys or money handy in a full bag is also very convenient.<\/p>\n<p>Parting shot: Cute dog (not mine), cooling her belly in the water; seen on our walk through the &#8222;Jenischpark&#8220; in Hamburg last week.<br \/>\n<img data-recalc-dims=\"1\" loading=\"lazy\" decoding=\"async\" class=\"aligncenter\" title=\"Dog in the Jenischpark, Hamburg, Germany\" src=\"https:\/\/i0.wp.com\/www.capricorna.de\/naehen\/blogpics\/2009_07_19_hund.jpg?resize=350%2C303\" alt=\"\" width=\"350\" height=\"303\" \/><\/p>\n<p>Looks like she won\u00b4t come out for a long time, doesn\u00b4t she? \ud83d\ude09<!--:--><\/p>\n","protected":false},"excerpt":{"rendered":"<p>Meine zweite Gretelies-Tasche,\u00a0gefertigt als Geschenk f\u00fcr eine liebe Freundin, aus dem sehr stabilen &#8222;Susanna&#8220; von Ikea. Der dicke Stoff hat meine Pfaff ganz sch\u00f6n ins Schwitzen gebracht; ich hatte mit einer 90er-Universalnadel angefangen, und habe zum Schlu\u00df auf eine 100er Jeans gewechselt; bei mehr als vier Stofflagen musste ich trotzdem mit dem Handrad einzeln sticheln, &hellip; <a href=\"https:\/\/stichelstube.capricorna.de\/wordpress\/2009\/07\/25\/gretelies-stabil\/\" class=\"more-link\"><span class=\"screen-reader-text\">\u201eGretelies stabil\u201c <\/span>weiterlesen<\/a><\/p>\n","protected":false},"author":2,"featured_media":0,"comment_status":"open","ping_status":"open","sticky":false,"template":"","format":"standard","meta":{"jetpack_post_was_ever_published":false,"_jetpack_newsletter_access":"","_jetpack_dont_email_post_to_subs":false,"_jetpack_newsletter_tier_id":0,"_jetpack_memberships_contains_paywalled_content":false,"_jetpack_memberships_contains_paid_content":false,"footnotes":"","jetpack_publicize_message":"","jetpack_publicize_feature_enabled":true,"jetpack_social_post_already_shared":false,"jetpack_social_options":{"image_generator_settings":{"template":"highway","default_image_id":0,"font":"","enabled":false},"version":2}},"categories":[1],"tags":[],"class_list":["post-604","post","type-post","status-publish","format-standard","hentry","category-allgemein"],"jetpack_publicize_connections":[],"jetpack_featured_media_url":"","jetpack_sharing_enabled":true,"jetpack_shortlink":"https:\/\/wp.me\/p6Znca-9K","jetpack-related-posts":[{"id":2766,"url":"https:\/\/stichelstube.capricorna.de\/wordpress\/2024\/10\/14\/halter-fuer-heisses\/","url_meta":{"origin":604,"position":0},"title":"Halter f\u00fcr Hei\u00dfes","author":"Kerstin","date":"14. Oktober 2024","format":false,"excerpt":"Too hot to handle? Nicht mehr f\u00fcr mich!","rel":"","context":"In &quot;Fertig&quot;","block_context":{"text":"Fertig","link":"https:\/\/stichelstube.capricorna.de\/wordpress\/category\/fertig\/"},"img":{"alt_text":"","src":"","width":0,"height":0},"classes":[]},{"id":2789,"url":"https:\/\/stichelstube.capricorna.de\/wordpress\/2024\/11\/14\/kein-bloeder-wortwitz-mit-ausgefeilt\/","url_meta":{"origin":604,"position":1},"title":"Kein bl\u00f6der Wortwitz mit \u201causgefeilt\u201d","author":"Kerstin","date":"14. November 2024","format":false,"excerpt":"Wie ich einmal etwas ersetzte, was ich eigentlich gar nicht brauchte","rel":"","context":"In &quot;Accessoires&quot;","block_context":{"text":"Accessoires","link":"https:\/\/stichelstube.capricorna.de\/wordpress\/category\/accessoires\/"},"img":{"alt_text":"","src":"","width":0,"height":0},"classes":[]},{"id":2835,"url":"https:\/\/stichelstube.capricorna.de\/wordpress\/2025\/01\/10\/ich-hab-den-beutel-schoen\/","url_meta":{"origin":604,"position":2},"title":"Ich hab den Beutel sch\u00f6n!","author":"Kerstin","date":"10. Januar 2025","format":false,"excerpt":"Eine aufwendige, aber sehr schicke kleine Tasche f\u00fcr Strickzeug oder anderes Kleinzeug.","rel":"","context":"In &quot;Fertig&quot;","block_context":{"text":"Fertig","link":"https:\/\/stichelstube.capricorna.de\/wordpress\/category\/fertig\/"},"img":{"alt_text":"","src":"","width":0,"height":0},"classes":[]},{"id":478,"url":"https:\/\/stichelstube.capricorna.de\/wordpress\/2008\/12\/30\/jahresendspurt\/","url_meta":{"origin":604,"position":3},"title":"Jahresendspurt","author":"Kerstin","date":"30. Dezember 2008","format":false,"excerpt":"Kurz nach Weihnachten habe ich es heute endlich geschafft, meinen Tannenbaum fertig zu n\u00e4hen. :D Vor Weihnachten hat mich ein Virus f\u00fcr ein paar Tage flachgelegt, und dann fing schon unsere \"Deutschland-Tournee\" zu Freunden und Familie quer durchs Land an; da hatte ich einfach keine Zeit mehr zum N\u00e4hen gehabt,\u2026","rel":"","context":"In &quot;Allgemein&quot;","block_context":{"text":"Allgemein","link":"https:\/\/stichelstube.capricorna.de\/wordpress\/category\/allgemein\/"},"img":{"alt_text":"","src":"https:\/\/i0.wp.com\/www.capricorna.de\/naehen\/pics_fertig\/tannenbaum.jpg?resize=350%2C200","width":350,"height":200},"classes":[]},{"id":1060,"url":"https:\/\/stichelstube.capricorna.de\/wordpress\/2015\/10\/08\/pariser-hirsch\/","url_meta":{"origin":604,"position":4},"title":"Pariser Hirsch","author":"Kerstin","date":"8. Oktober 2015","format":false,"excerpt":"Da ich mit meinen N\u00e4h-Pl\u00e4nen f\u00fcr n\u00fctzliche Kleidung sowieso seit Jahren hoffnungslos im R\u00fcckstand bin - Hosen! Blusen! - hatte ich mir vor, \u00e4hem, zwei Jahren den Spa\u00df geg\u00f6nnt, etwas v\u00f6llig Sinnbefreites zu n\u00e4hen. Seit ich den vor nunmehr vier sechs Jahren im Burda Magazin gesehen hatte, ging er mir\u2026","rel":"","context":"In &quot;Fertig&quot;","block_context":{"text":"Fertig","link":"https:\/\/stichelstube.capricorna.de\/wordpress\/category\/fertig\/"},"img":{"alt_text":"","src":"https:\/\/i0.wp.com\/www.capricorna.de\/naehen\/pics_fertig\/20151007_hirsch.jpg?resize=350%2C200","width":350,"height":200},"classes":[]},{"id":830,"url":"https:\/\/stichelstube.capricorna.de\/wordpress\/2011\/06\/19\/schlaf-kindlein-schlaf\/","url_meta":{"origin":604,"position":5},"title":"Schlaf, Kindlein, schlaf&#8230;","author":"Kerstin","date":"19. Juni 2011","format":false,"excerpt":"Was das Schlafen angeht, funktioniere ich sozusagen wie ein Vogel - wenn man den K\u00e4fig abdeckt, werde ich ruhig. Sprich, ich habe es gerne dunkel beim Schlafen. M\u00f6glichst komplett. Ohne Au\u00dfenjalousien ist das gerade im Sommer schwierig. Ganz zu schweigen davon, wenn man ausw\u00e4rts schl\u00e4ft. Urlaub in einer Jugendherberge zum\u2026","rel":"","context":"In &quot;Accessoires&quot;","block_context":{"text":"Accessoires","link":"https:\/\/stichelstube.capricorna.de\/wordpress\/category\/accessoires\/"},"img":{"alt_text":"","src":"https:\/\/i0.wp.com\/www.capricorna.de\/naehen\/pics_fertig\/20110619_schlafmaske.jpg?resize=350%2C200","width":350,"height":200},"classes":[]}],"_links":{"self":[{"href":"https:\/\/stichelstube.capricorna.de\/wordpress\/wp-json\/wp\/v2\/posts\/604","targetHints":{"allow":["GET"]}}],"collection":[{"href":"https:\/\/stichelstube.capricorna.de\/wordpress\/wp-json\/wp\/v2\/posts"}],"about":[{"href":"https:\/\/stichelstube.capricorna.de\/wordpress\/wp-json\/wp\/v2\/types\/post"}],"author":[{"embeddable":true,"href":"https:\/\/stichelstube.capricorna.de\/wordpress\/wp-json\/wp\/v2\/users\/2"}],"replies":[{"embeddable":true,"href":"https:\/\/stichelstube.capricorna.de\/wordpress\/wp-json\/wp\/v2\/comments?post=604"}],"version-history":[{"count":7,"href":"https:\/\/stichelstube.capricorna.de\/wordpress\/wp-json\/wp\/v2\/posts\/604\/revisions"}],"predecessor-version":[{"id":2046,"href":"https:\/\/stichelstube.capricorna.de\/wordpress\/wp-json\/wp\/v2\/posts\/604\/revisions\/2046"}],"wp:attachment":[{"href":"https:\/\/stichelstube.capricorna.de\/wordpress\/wp-json\/wp\/v2\/media?parent=604"}],"wp:term":[{"taxonomy":"category","embeddable":true,"href":"https:\/\/stichelstube.capricorna.de\/wordpress\/wp-json\/wp\/v2\/categories?post=604"},{"taxonomy":"post_tag","embeddable":true,"href":"https:\/\/stichelstube.capricorna.de\/wordpress\/wp-json\/wp\/v2\/tags?post=604"}],"curies":[{"name":"wp","href":"https:\/\/api.w.org\/{rel}","templated":true}]}}